{"id":37,"date":"2025-12-22T19:10:58","date_gmt":"2025-12-22T22:10:58","guid":{"rendered":"https:\/\/exposicoes.abc.org.br\/100anos\/?p=37"},"modified":"2026-01-27T12:32:54","modified_gmt":"2026-01-27T15:32:54","slug":"abc-para-alem-do-centenario","status":"publish","type":"post","link":"https:\/\/exposicoes.abc.org.br\/100anos\/abc-para-alem-do-centenario\/","title":{"rendered":"ABC 100+10 (2016-2026)"},"content":{"rendered":"\n<p>Entre 2016 e 2024, a Academia Brasileira de Ci\u00eancias (ABC) enfrentou desafios pol\u00edticos,<br>econ\u00f4micos e sociais complexos, mantendo-se como uma refer\u00eancia na defesa da ci\u00eancia, da<br>educa\u00e7\u00e3o de qualidade e da inova\u00e7\u00e3o tecnol\u00f3gica no Brasil. Neste per\u00edodo, a ABC consolidou<br>sua presen\u00e7a internacional, ofereceu conte\u00fado para a elabora\u00e7\u00e3o de pol\u00edticas p\u00fablicas<br>baseadas em evid\u00eancias cient\u00edficas e refor\u00e7ou programas voltados \u00e0 forma\u00e7\u00e3o de novas<br>gera\u00e7\u00f5es de cientistas. Cada presidente contribuiu com sua vis\u00e3o e lideran\u00e7a, garantindo a<br>continuidade de valores essenciais e a adapta\u00e7\u00e3o a contextos din\u00e2micos.<\/p>\n\n\n\n<div style=\"height:100px\" aria-hidden=\"true\" class=\"wp-block-spacer\"><\/div>\n\n\n\n<figure class=\"wp-block-image size-large\"><img loading=\"lazy\" decoding=\"async\" width=\"1024\" height=\"495\" src=\"https:\/\/exposicoes.abc.org.br\/100anos\/wp-content\/uploads\/2025\/12\/cap09-01-1024x495.png\" alt=\"\" class=\"wp-image-697\" srcset=\"https:\/\/exposicoes.abc.org.br\/100anos\/wp-content\/uploads\/2025\/12\/cap09-01-1024x495.png 1024w, https:\/\/exposicoes.abc.org.br\/100anos\/wp-content\/uploads\/2025\/12\/cap09-01-300x145.png 300w, https:\/\/exposicoes.abc.org.br\/100anos\/wp-content\/uploads\/2025\/12\/cap09-01-768x371.png 768w, https:\/\/exposicoes.abc.org.br\/100anos\/wp-content\/uploads\/2025\/12\/cap09-01.png 1366w\" sizes=\"auto, (max-width: 1024px) 100vw, 1024px\" \/><figcaption class=\"wp-element-caption\">Capa publica\u00e7\u00e3o FNDCT 2021, Capa Fundos Setoriais 2021, Capa Fundo Infrastrutura 2021<\/figcaption><\/figure>\n\n\n\n<div style=\"height:100px\" aria-hidden=\"true\" class=\"wp-block-spacer\"><\/div>\n\n\n\n<h2 class=\"wp-block-heading\">Crises e cortes<\/h2>\n\n\n\n<p>A partir de 2016, o Brasil entrou em um processo de austeridade fiscal que aumentou as press\u00f5es sobre o or\u00e7amento cient\u00edfico. Desde ent\u00e3o, a ABC monitorou cortes significativos no or\u00e7amento de Ci\u00eancia, Tecnologia e Inova\u00e7\u00e3o (CT&amp;I), destacando a redu\u00e7\u00e3o de 42,27% em 2019. Em resposta, publicou <a href=\"https:\/\/www.abc.org.br\/nacional\/grupos-de-trabalho\/gts-finalizados\/financiamento-de-ct\/\" data-type=\"link\" data-id=\"https:\/\/www.abc.org.br\/nacional\/grupos-de-trabalho\/gts-finalizados\/financiamento-de-ct\/\">relat\u00f3rios e notas oficiais<\/a> defendendo o Fundo Nacional de Desenvolvimento Cient\u00edfico e Tecnol\u00f3gico (FNDCT), os fundos estaduais e o fortalecimento de universidades e centros de pesquisa.<br><\/p>\n\n\n\n<div class=\"wp-block-columns is-layout-flex wp-container-core-columns-is-layout-9d6595d7 wp-block-columns-is-layout-flex\">\n<div class=\"wp-block-column is-layout-flow wp-block-column-is-layout-flow\">\n<figure class=\"wp-block-image size-large\"><img loading=\"lazy\" decoding=\"async\" width=\"1024\" height=\"529\" src=\"https:\/\/exposicoes.abc.org.br\/100anos\/wp-content\/uploads\/2025\/12\/Frame-149-1-1024x529.png\" alt=\"\" class=\"wp-image-705\" srcset=\"https:\/\/exposicoes.abc.org.br\/100anos\/wp-content\/uploads\/2025\/12\/Frame-149-1-1024x529.png 1024w, https:\/\/exposicoes.abc.org.br\/100anos\/wp-content\/uploads\/2025\/12\/Frame-149-1-300x155.png 300w, https:\/\/exposicoes.abc.org.br\/100anos\/wp-content\/uploads\/2025\/12\/Frame-149-1-768x397.png 768w, https:\/\/exposicoes.abc.org.br\/100anos\/wp-content\/uploads\/2025\/12\/Frame-149-1.png 1116w\" sizes=\"auto, (max-width: 1024px) 100vw, 1024px\" \/><\/figure>\n<\/div>\n<\/div>\n\n\n\n<p><br>Entre 2016 e 2017, o <a href=\"https:\/\/www.abc.org.br\/wp-content\/uploads\/2018\/05\/Projeto-de-Ciencia-para-o-Brasil.pdf\">Projeto Ci\u00eancia para o Brasil<\/a> analisou o cen\u00e1rio de ci\u00eancia e inova\u00e7\u00e3o no pa\u00eds e prop\u00f4s uma agenda positiva, com sugest\u00f5es de pol\u00edticas p\u00fablicas que pudessem conduzir o pa\u00eds a se beneficiar da fronteira do conhecimento, em prol do bem estar da sua popula\u00e7\u00e3o, visando os Objetivos do Desenvolvimento Sustent\u00e1vel (ODS) das Na\u00e7\u00f5es Unidas. O documento j\u00e1 alertava, por exemplo, sobre o risco de novas epidemias ou sobre a necessidade de adapta\u00e7\u00e3o das cidades \u00e0s mudan\u00e7as clim\u00e1ticas. Por conta das elei\u00e7\u00f5es de 2018, a ABC lan\u00e7ou uma nova edi\u00e7\u00e3o do documento com diretrizes aos candidatos \u00e0 presid\u00eancia, intitulado <a href=\"https:\/\/www.abc.org.br\/wp-content\/uploads\/2018\/06\/carta.pdf\">\u201cCi\u00eancia, Tecnologia, Economia e Qualidade de Vida para o Brasil\u201d<\/a><br><br>Grupos de trabalho organizados pela ABC elaboraram pareceres sobre problemas relevantes ao desenvolvimento nacional, trazendo embasamento cient\u00edfico para quest\u00f5es presentes no debate p\u00fablico. Foi assim que, respondendo aos desastres em Mariana (2015) e Brumadinho (2019), a ABC produziu os relat\u00f3rios <a href=\"https:\/\/www.abc.org.br\/wp-content\/uploads\/2025\/03\/Livreto-Recomendacoes-sobre-Seguranca-de-Barragens-de-Rejeitos-web-2019-abc-a-b-c.pdf\">\u201cRecomenda\u00e7\u00f5es sobre seguran\u00e7a de barragens de rejeito\u201d<\/a>, junto a Academia Nacional de Engenharia (ANE); e<a href=\"https:\/\/www.abc.org.br\/wp-content\/uploads\/2025\/03\/PolicyPaper_Water-and-Mining_web_final.pdf\">\u201cA new vision of sustainable management in mining and post-mining landscapes\u201d<\/a>, junto a Academia alem\u00e3. Essa caracter\u00edstica de resposta \u00e0 m\u00faltiplas crises viria a se destacar nos anos seguintes da Academia.<\/p>\n\n\n\n<div class=\"wp-block-columns is-layout-flex wp-container-core-columns-is-layout-9d6595d7 wp-block-columns-is-layout-flex\">\n<div class=\"wp-block-column is-layout-flow wp-block-column-is-layout-flow\">\n<figure class=\"wp-block-image size-large\"><img loading=\"lazy\" decoding=\"async\" width=\"1024\" height=\"529\" src=\"https:\/\/exposicoes.abc.org.br\/100anos\/wp-content\/uploads\/2025\/12\/Frame-146-3-1024x529.png\" alt=\"\" class=\"wp-image-703\" srcset=\"https:\/\/exposicoes.abc.org.br\/100anos\/wp-content\/uploads\/2025\/12\/Frame-146-3-1024x529.png 1024w, https:\/\/exposicoes.abc.org.br\/100anos\/wp-content\/uploads\/2025\/12\/Frame-146-3-300x155.png 300w, https:\/\/exposicoes.abc.org.br\/100anos\/wp-content\/uploads\/2025\/12\/Frame-146-3-768x397.png 768w, https:\/\/exposicoes.abc.org.br\/100anos\/wp-content\/uploads\/2025\/12\/Frame-146-3.png 1116w\" sizes=\"auto, (max-width: 1024px) 100vw, 1024px\" \/><\/figure>\n<\/div>\n<\/div>\n\n\n\n<div style=\"height:100px\" aria-hidden=\"true\" class=\"wp-block-spacer\"><\/div>\n\n\n\n<figure class=\"wp-block-image size-large\"><img loading=\"lazy\" decoding=\"async\" width=\"1024\" height=\"495\" src=\"https:\/\/exposicoes.abc.org.br\/100anos\/wp-content\/uploads\/2025\/12\/cap09-04-1024x495.png\" alt=\"\" class=\"wp-image-708\" srcset=\"https:\/\/exposicoes.abc.org.br\/100anos\/wp-content\/uploads\/2025\/12\/cap09-04-1024x495.png 1024w, https:\/\/exposicoes.abc.org.br\/100anos\/wp-content\/uploads\/2025\/12\/cap09-04-300x145.png 300w, https:\/\/exposicoes.abc.org.br\/100anos\/wp-content\/uploads\/2025\/12\/cap09-04-768x371.png 768w, https:\/\/exposicoes.abc.org.br\/100anos\/wp-content\/uploads\/2025\/12\/cap09-04.png 1366w\" sizes=\"auto, (max-width: 1024px) 100vw, 1024px\" \/><\/figure>\n\n\n\n<h2 class=\"wp-block-heading\">A pandemia da covid-19<\/h2>\n\n\n\n<p>No fim de 2019, come\u00e7am a surgir not\u00edcias de um novo v\u00edrus letal que causava epidemias na China e rapidamente se espalhava para outros pa\u00edses. Tratava-se do Sars-cov-2, pat\u00f3geno causador de uma doen\u00e7a respirat\u00f3ria aguda com taxas de mortalidades n\u00e3o vistas desde a pandemia da gripe espanhola, cem anos antes. A covid-19 chegou de vez ao Brasil em mar\u00e7o de 2020, ap\u00f3s j\u00e1 ter colapsado os sistemas de sa\u00fade de pa\u00edses europeus, e viria por levar a vida de mais de 700 mil brasileiros.\u00a0<br><br>De 2020 a 2022, a ABC adaptou sua din\u00e2mica do cotidiano, mantendo os funcion\u00e1rios em casa e passando a promover eventos e reuni\u00f5es em plataformas digitais, garantindo a continuidade de programas, grupos de trabalho e encontros cient\u00edficos.<br>Logo que a crise se instaurou a ABC passou a organizar webin\u00e1rios semanais para tratar os diferentes aspectos do problema. Esse modelo de evento se tornaria muito comum em fun\u00e7\u00e3o do isolamento social. A s\u00e9rie <a href=\"https:\/\/www.youtube.com\/watch?v=6o12uy_i7pU&amp;list=PLOMY7wSRDrybbtA8qLCfuJHHmnRRg4FQl\">\u201cConhecer para Entender: o mundo a partir do coronav\u00edrus\u201d<\/a> abordou, ao longo de 56 epis\u00f3dios, n\u00e3o s\u00f3 os aspectos da biologia e patologia da covid- 19, mas tamb\u00e9m seus impactos na sociedade, na economia, na educa\u00e7\u00e3o, na pol\u00edtica, na comunica\u00e7\u00e3o e em todas as demais \u00e1reas em que os efeitos da pandemia eram sentidos.<\/p>\n\n\n\n<div class=\"wp-block-columns is-layout-flex wp-container-core-columns-is-layout-9d6595d7 wp-block-columns-is-layout-flex\">\n<div class=\"wp-block-column is-layout-flow wp-block-column-is-layout-flow\">\n<figure class=\"wp-block-image size-large\"><img loading=\"lazy\" decoding=\"async\" width=\"1024\" height=\"529\" src=\"https:\/\/exposicoes.abc.org.br\/100anos\/wp-content\/uploads\/2025\/12\/Frame-146-1-1-1024x529.png\" alt=\"\" class=\"wp-image-711\" srcset=\"https:\/\/exposicoes.abc.org.br\/100anos\/wp-content\/uploads\/2025\/12\/Frame-146-1-1-1024x529.png 1024w, https:\/\/exposicoes.abc.org.br\/100anos\/wp-content\/uploads\/2025\/12\/Frame-146-1-1-300x155.png 300w, https:\/\/exposicoes.abc.org.br\/100anos\/wp-content\/uploads\/2025\/12\/Frame-146-1-1-768x397.png 768w, https:\/\/exposicoes.abc.org.br\/100anos\/wp-content\/uploads\/2025\/12\/Frame-146-1-1.png 1116w\" sizes=\"auto, (max-width: 1024px) 100vw, 1024px\" \/><figcaption class=\"wp-element-caption\">Maria Van Kerkhove no Museu do Amanh\u00e3<\/figcaption><\/figure>\n<\/div>\n<\/div>\n\n\n\n<p><br>A covid-19 tamb\u00e9m foi o tema da <a href=\"https:\/\/www.abc.org.br\/evento\/reuniao-magna-virtual-da-abc-2020-o-mundo-a-partir-da-covid-19\/\">Reuni\u00e3o Magna de 2020<\/a>, que, assim como a de 2021, ocorreu em formato virtual. Na ocasi\u00e3o, a ABC reuniu cientistas nacionais e internacionais para tratar da pandemia. O tema continuou reverberando nos anos seguintes, com grupos de trabalho lan\u00e7ando os documentos \u201c<a href=\"https:\/\/www.abc.org.br\/wp-content\/uploads\/2025\/03\/Revista-Gt-Vacinas-2021-_r.pdf\">Vacinas para o Brasil<\/a>\u201d e \u201c<a href=\"https:\/\/abc.org.br\/wp-content\/uploads\/2024\/11\/Revista-Gt-Diretrizes-para-desenvolvimento-de-novas-vacinas-2021.pdf\">Diretrizes para o desenvolvimento de novas vacinas contra Covid-19<\/a>\u201d, este \u00faltimo em parceria com a Academia Nacional de Medicina (ANM) e a Rede V\u00edrus, ambos em 2021. J\u00e1 na Reuni\u00e3o Magna de 2022, a primeira presencial ap\u00f3s a pandemia, a ABC recebeu no Museu do Amanh\u00e3 a cientista Maria von Kerkhove, chefe do Departamento de Doen\u00e7as Emergentes e Zoonoses da Organiza\u00e7\u00e3o Mundial da Sa\u00fade (OMS).<\/p>\n\n\n\n<div class=\"wp-block-columns is-layout-flex wp-container-core-columns-is-layout-9d6595d7 wp-block-columns-is-layout-flex\">\n<div class=\"wp-block-column is-layout-flow wp-block-column-is-layout-flow\">\n<figure class=\"wp-block-image size-large\"><img loading=\"lazy\" decoding=\"async\" width=\"1024\" height=\"529\" src=\"https:\/\/exposicoes.abc.org.br\/100anos\/wp-content\/uploads\/2025\/12\/Frame-146-2-1-1024x529.png\" alt=\"\" class=\"wp-image-713\" srcset=\"https:\/\/exposicoes.abc.org.br\/100anos\/wp-content\/uploads\/2025\/12\/Frame-146-2-1-1024x529.png 1024w, https:\/\/exposicoes.abc.org.br\/100anos\/wp-content\/uploads\/2025\/12\/Frame-146-2-1-300x155.png 300w, https:\/\/exposicoes.abc.org.br\/100anos\/wp-content\/uploads\/2025\/12\/Frame-146-2-1-768x397.png 768w, https:\/\/exposicoes.abc.org.br\/100anos\/wp-content\/uploads\/2025\/12\/Frame-146-2-1.png 1116w\" sizes=\"auto, (max-width: 1024px) 100vw, 1024px\" \/><figcaption class=\"wp-element-caption\">Lan\u00e7amento do livro na Reuni\u00e3o Anual da SBPC em 2025<\/figcaption><\/figure>\n<\/div>\n<\/div>\n\n\n\n<p><br>O tema do negacionismo cient\u00edfico emergiu com toda a for\u00e7a ap\u00f3s 2020, impulsionado com apoio governamental n\u00e3o apenas no Brasil, mas tamb\u00e9m nos Estados Unidos, com consequ\u00eancias tr\u00e1gicas. Essa experi\u00eancia fez com que em 2024, um grupo de trabalho multidisciplinar publicasse o livro \u201cDesafios e estrat\u00e9gias na luta contra a desinforma\u00e7\u00e3o cient\u00edfica\u201d <a href=\"https:\/\/www.abc.org.br\/wp-content\/uploads\/2025\/03\/Livro-_-Desinformacao-Cientifica-_-WEB_1.pdf\">em portugu\u00eas<\/a> e <a href=\"https:\/\/www.abc.org.br\/wp-content\/uploads\/2025\/08\/Misinformation.pdf\">em ingl\u00eas<\/a><\/p>\n\n\n\n<div style=\"height:100px\" aria-hidden=\"true\" class=\"wp-block-spacer\"><\/div>\n\n\n\n<figure class=\"wp-block-image size-large\"><img loading=\"lazy\" decoding=\"async\" width=\"1024\" height=\"495\" src=\"https:\/\/exposicoes.abc.org.br\/100anos\/wp-content\/uploads\/2025\/12\/cap09-07-1024x495.png\" alt=\"\" class=\"wp-image-716\" srcset=\"https:\/\/exposicoes.abc.org.br\/100anos\/wp-content\/uploads\/2025\/12\/cap09-07-1024x495.png 1024w, https:\/\/exposicoes.abc.org.br\/100anos\/wp-content\/uploads\/2025\/12\/cap09-07-300x145.png 300w, https:\/\/exposicoes.abc.org.br\/100anos\/wp-content\/uploads\/2025\/12\/cap09-07-768x371.png 768w, https:\/\/exposicoes.abc.org.br\/100anos\/wp-content\/uploads\/2025\/12\/cap09-07.png 1366w\" sizes=\"auto, (max-width: 1024px) 100vw, 1024px\" \/><\/figure>\n\n\n\n<div style=\"height:100px\" aria-hidden=\"true\" class=\"wp-block-spacer\"><\/div>\n\n\n\n<h2 class=\"wp-block-heading\">Um governo contra a ci\u00eancia<\/h2>\n\n\n\n<p>As elei\u00e7\u00f5es de 2018 no Brasil representaram uma vit\u00f3ria inesperada para a nova direita que emergia no planeta. Come\u00e7ando em 2019, o novo governo aprofundou os cortes or\u00e7ament\u00e1rios com os quais a ci\u00eancia j\u00e1 convivia, mas trouxe como novidades um discurso abertamente contra a democracia e, com a chegada da covid-19, contra a pr\u00e1tica cient\u00edfica.<br>A ABC manteve postura cient\u00edfica e independente, refor\u00e7ando informa\u00e7\u00f5es baseadas em evid\u00eancias. Ao longo desse per\u00edodo, a Academia foi instada a se manifestar cada vez que uma orienta\u00e7\u00e3o sem respaldo na ci\u00eancia vinha de Bras\u00edlia, como quando o governo se colocou contrariamente \u00e0s medidas de isolamento social e \u00e0s vacinas.&nbsp;<br><br>A ABC integrou o Pacto pela Vida e pelo Brasil, que reuniu a Confer\u00eancia Nacional dos Bispos do Brasil (CNBB), a Ordem dos Advogados do Brasil (OAB), a Comiss\u00e3o de Defesa dos Direitos Humanos Dom Paulo Evaristo Arns (Comiss\u00e3o Arns), a Associa\u00e7\u00e3o Brasileira de Imprensa (ABI) e a Sociedade Brasileira para o Progresso da Ci\u00eancia (SBPC) para alertar e representar a sociedade civil brasileira no enfrentamento da grave crise sanit\u00e1ria, econ\u00f4mica, social e pol\u00edtica por que passava o pa\u00eds.<br><br>Junto \u00e0 essas e a outras entidades parceiras a ABC lan\u00e7ou diversos posicionamentos oficiais, artigos na imprensa e participou de mobiliza\u00e7\u00f5es alertando para a necessidade perene de defesa da democracia e do Estado Democr\u00e1tico de Direito, num contexto em que as amea\u00e7as vindas do Planalto se intensificavam conforme as elei\u00e7\u00f5es de 2022 se aproximavam. O pleito tamb\u00e9m foi motivo de mais um documento com diretrizes aos presidenci\u00e1veis, dessa vez intitulado \u201c<a href=\"https:\/\/www.abc.org.br\/wp-content\/uploads\/2022\/06\/Publica%C3%A7%C3%A3o-Presidenci%C3%A1veis-2022.pdf\">A import\u00e2ncia da ci\u00eancia como pol\u00edtica de Estado para o desenvolvimento do Brasil<\/a>\u201d.<\/p>\n\n\n\n<div style=\"height:100px\" aria-hidden=\"true\" class=\"wp-block-spacer\"><\/div>\n\n\n\n<figure class=\"wp-block-image size-large\"><img loading=\"lazy\" decoding=\"async\" width=\"1024\" height=\"495\" src=\"https:\/\/exposicoes.abc.org.br\/100anos\/wp-content\/uploads\/2025\/12\/cap09-08-1024x495.png\" alt=\"\" class=\"wp-image-719\" srcset=\"https:\/\/exposicoes.abc.org.br\/100anos\/wp-content\/uploads\/2025\/12\/cap09-08-1024x495.png 1024w, https:\/\/exposicoes.abc.org.br\/100anos\/wp-content\/uploads\/2025\/12\/cap09-08-300x145.png 300w, https:\/\/exposicoes.abc.org.br\/100anos\/wp-content\/uploads\/2025\/12\/cap09-08-768x371.png 768w, https:\/\/exposicoes.abc.org.br\/100anos\/wp-content\/uploads\/2025\/12\/cap09-08.png 1366w\" sizes=\"auto, (max-width: 1024px) 100vw, 1024px\" \/><figcaption class=\"wp-element-caption\">Ci\u00eancia B\u00e1sica na Fronteira do Conhecimento: abertura com os Acad\u00eamicos Anderson Gomes, coordenador da 5\u00aa CNCTI; Renato Janine Ribeiro, ent\u00e3o presidente da SBPC; e Jailson Bittencourt, vice-presidente da ABC<\/figcaption><\/figure>\n\n\n\n<div style=\"height:100px\" aria-hidden=\"true\" class=\"wp-block-spacer\"><\/div>\n\n\n\n<h2 class=\"wp-block-heading\">Um novo projeto de ci\u00eancia para o Brasil<\/h2>\n\n\n\n<p>A vit\u00f3ria da oposi\u00e7\u00e3o nas elei\u00e7\u00f5es presidenciais de 2022 trouxe \u00e0 comunidade cient\u00edfica uma expectativa de aumento nos investimentos e cess\u00e3o nos ataques discursivos contra a categoria. Embora esta \u00faltima tenha se confirmado, a quest\u00e3o dos investimentos segue gerando controv\u00e9rsias dentro do setor acad\u00eamico. Por um lado houve o impulso deliberativo, com o reestabelecimento de conselhos e a convoca\u00e7\u00e3o de uma nova Confer\u00eancia Nacional de CT&amp;I (5\u00aa CNCTI), que mobilizou centenas de debates por todo o pa\u00eds ao longo de mais de um ano, culminando em um grande evento em Bras\u00edlia com a promessa de uma nova estrat\u00e9gia nacional para os pr\u00f3ximos dez anos.&nbsp;<br><br>A ABC participou ativamente das discuss\u00f5es da 5\u00aa CNCTI, sediando a reuni\u00e3o tem\u00e1tica \u201c<a href=\"https:\/\/www.youtube.com\/watch?v=eOKN_lGt7qo&amp;list=PLOMY7wSRDryYZZZuI5wSQeK8bhOAL6Kt5&amp;index=1\">Ci\u00eancia B\u00e1sica na Fronteira do Conhecimento<\/a>\u201d e a reuni\u00e3o livre \u201c<a href=\"https:\/\/www.youtube.com\/watch?v=qN5U6wZVUJA&amp;list=PLOMY7wSRDryaE7xXH2r49cGzj1zZC0EOD\">Juventudes e Ci\u00eancia<\/a>\u201d, al\u00e9m de enviar representantes para outras reuni\u00f5es durante o per\u00edodo pr\u00e9-confer\u00eancia ou para a confer\u00eancia em si, realizada entre 30 de julho e 1\u00ba de agosto de 2024. A Academia seguiu vigilante quanto ao desenvolvimento da estrat\u00e9gia, organizando ao longo de 2025, junto \u00e0 SBPC, os eventos \u201c<a href=\"https:\/\/www.abc.org.br\/evento\/vozes-da-ciencia\/\">Vozes da Ci\u00eancia<\/a>\u201d, construindo em cima do que foi compilado na 5\u00aa CNCTI.<br><br>Por outro lado, as preocupa\u00e7\u00f5es or\u00e7ament\u00e1rias continuaram, com sucessivas leis or\u00e7ament\u00e1rias sendo aprovadas com verbas estagnadas ou mesmo reduzidas para importantes institui\u00e7\u00f5es da ci\u00eancia brasileira, como o Conselho Nacional de Desenvolvimento Cient\u00edfico e Tecnol\u00f3gico (CNPq), a Coordena\u00e7\u00e3o de Aperfei\u00e7oamento de Pessoal de N\u00edvel Superior (Capes) e as universidades federais. Em parceria com a SBPC, a Academia divulgou uma s\u00e9rie de posicionamentos oficiais alertando para essas constri\u00e7\u00f5es or\u00e7ament\u00e1rias e defendendo ativamente a retirada da ci\u00eancia dos limites fiscais, entendendo \u2013 e tentando fazer entender &#8211; que pesquisa n\u00e3o \u00e9 gasto, mas investimento de longo prazo.<\/p>\n\n\n\n<div style=\"height:100px\" aria-hidden=\"true\" class=\"wp-block-spacer\"><\/div>\n\n\n\n<figure class=\"wp-block-image size-large\"><img loading=\"lazy\" decoding=\"async\" width=\"1024\" height=\"495\" src=\"https:\/\/exposicoes.abc.org.br\/100anos\/wp-content\/uploads\/2025\/12\/cap09-09-1024x495.png\" alt=\"\" class=\"wp-image-722\" srcset=\"https:\/\/exposicoes.abc.org.br\/100anos\/wp-content\/uploads\/2025\/12\/cap09-09-1024x495.png 1024w, https:\/\/exposicoes.abc.org.br\/100anos\/wp-content\/uploads\/2025\/12\/cap09-09-300x145.png 300w, https:\/\/exposicoes.abc.org.br\/100anos\/wp-content\/uploads\/2025\/12\/cap09-09-768x371.png 768w, https:\/\/exposicoes.abc.org.br\/100anos\/wp-content\/uploads\/2025\/12\/cap09-09.png 1366w\" sizes=\"auto, (max-width: 1024px) 100vw, 1024px\" \/><\/figure>\n\n\n\n<div style=\"height:100px\" aria-hidden=\"true\" class=\"wp-block-spacer\"><\/div>\n\n\n\n<h2 class=\"wp-block-heading\">Educa\u00e7\u00e3o e difus\u00e3o de ci\u00eancia<\/h2>\n\n\n\n<p>Entre 2016 e 2025, a ABC atualizou os relat\u00f3rios sobre <a href=\"https:\/\/abc.org.br\/wp-content\/uploads\/2024\/11\/desafios_da_educacao_tecnico-cientifica_no_ensino_medio.pdf\">educa\u00e7\u00e3o no Ensino M\u00e9dio<\/a> (2018) e <a href=\"https:\/\/www.abc.org.br\/wp-content\/uploads\/2024\/11\/Um_olhar_sobre_o_ensino_superior_no_Brasil.pdf\">Educa\u00e7\u00e3o Superior<\/a> (2024). Os documentos fornecem subs\u00eddios para a cria\u00e7\u00e3o de novos cursos de ci\u00eancia e tecnologia em ambos os n\u00edveis, de acordo com padr\u00f5es adequados \u00e0s demandas atuais da sociedade. A Academia tamb\u00e9m lan\u00e7ou o documento \u201c<a href=\"https:\/\/www.abc.org.br\/wp-content\/uploads\/2025\/03\/ABC-A-necessaria-alianca-entre-Ciencia-e-Educacao-Versao-Web-1.pdf\">A necess\u00e1ria alian\u00e7a entre Ci\u00eancia e Educa\u00e7\u00e3o<\/a>\u201d (2024), onde defende uma maior intera\u00e7\u00e3o do setor acad\u00eamico com a educa\u00e7\u00e3o b\u00e1sica brasileira.<br><br>Em 2022, em parceria com a Funda\u00e7\u00e3o de Amparo \u00e0 Pesquisa do Estado de S\u00e3o Paulo (Fapesp), a ABC retomou o Programa Aristides Pacheco Le\u00e3o de Est\u00edmulo \u00e0s Voca\u00e7\u00f5es Cient\u00edficas (PAPL), que havia sido interrompido em 2019 por falta de apoio. O programa aproxima jovens pesquisadores de grupos de excel\u00eancia e \u00e9 refer\u00eancia na inspira\u00e7\u00e3o de jovens para que escolham a carreira cient\u00edfica. Criado em 1994, o PAPL oferece est\u00e1gios a estudantes universit\u00e1rios interessados em uma experi\u00eancia fora de seu estado de origem. Gra\u00e7as \u00e0 parceria com a Fapesp, o programa vem crescendo, passando de 50 bolsas em 2022 para 120 em 2024.<br><br>Entre 2016 e 2022, a ABC produziu filmes de anima\u00e7\u00e3o sobre cientistas brasileiros, numa s\u00e9rie intitulada \u201c<a href=\"https:\/\/www.abc.org.br\/nacional\/divulgacao-cientifica\/ciencia-gera-desenvolvimento\/\">Ci\u00eancia gera Desenvolvimento<\/a>\u201d. Com apoio da Rede D\u2019 Or inicialmente e depois com financiamento do CNPq, a s\u00e9rie apresenta personagens e sua obra, mostrando, com exemplos reais &#8211; como \u00c1lvaro Alberto, Bertha Becker, Johanna D\u00f6bereiner, Juliano Moreira, Marcos Luiz dos Mares Guia, Milton Santos e S\u00e9rgio Ferreira, entre outros &#8211; como a ci\u00eancia pode ser traduzida em benef\u00edcios palp\u00e1veis para um pa\u00eds.\u00a0<\/p>\n\n\n\n<div class=\"wp-block-columns is-layout-flex wp-container-core-columns-is-layout-9d6595d7 wp-block-columns-is-layout-flex\">\n<div class=\"wp-block-column is-layout-flow wp-block-column-is-layout-flow\">\n<figure class=\"wp-block-image size-large\"><img loading=\"lazy\" decoding=\"async\" width=\"1024\" height=\"529\" src=\"https:\/\/exposicoes.abc.org.br\/100anos\/wp-content\/uploads\/2025\/12\/Frame-146-3-1-1024x529.png\" alt=\"\" class=\"wp-image-725\" srcset=\"https:\/\/exposicoes.abc.org.br\/100anos\/wp-content\/uploads\/2025\/12\/Frame-146-3-1-1024x529.png 1024w, https:\/\/exposicoes.abc.org.br\/100anos\/wp-content\/uploads\/2025\/12\/Frame-146-3-1-300x155.png 300w, https:\/\/exposicoes.abc.org.br\/100anos\/wp-content\/uploads\/2025\/12\/Frame-146-3-1-768x397.png 768w, https:\/\/exposicoes.abc.org.br\/100anos\/wp-content\/uploads\/2025\/12\/Frame-146-3-1.png 1116w\" sizes=\"auto, (max-width: 1024px) 100vw, 1024px\" \/><figcaption class=\"wp-element-caption\">Veridiana Victoria Rosseti foi a segunda agr\u00f4noma formada no Brasil, em 1937, e e foi uma das principais respons\u00e1veis pelo Brasil ser hoje o maior produtor e exportador de suco de laranja do mundo?<\/figcaption><\/figure>\n<\/div>\n<\/div>\n\n\n\n<p><br>Em parceria com o Nobel Prize Outreach, a ABC organizou duas edi\u00e7\u00f5es do Di\u00e1logos Nobel no Brasil. A primeira em 2021, ainda virtualmente, e a segunda em 2024, presencialmente na UERJ, USP e FIESP. Esses encontros, os primeiros do tipo na Am\u00e9rica Latina e Caribe, trouxeram laureados com o Pr\u00eamio Nobel ao Brasil para inspirar jovens e promover um di\u00e1logo entre a comunidade cient\u00edfica e a sociedade. De modo geral, foi debatido como a ci\u00eancia pode enfrentar desafios globais e gerar benef\u00edcios sociais.<\/p>\n\n\n\n<div class=\"wp-block-columns is-layout-flex wp-container-core-columns-is-layout-9d6595d7 wp-block-columns-is-layout-flex\">\n<div class=\"wp-block-column is-layout-flow wp-block-column-is-layout-flow\">\n<figure class=\"wp-block-image size-large\"><img loading=\"lazy\" decoding=\"async\" width=\"1024\" height=\"529\" src=\"https:\/\/exposicoes.abc.org.br\/100anos\/wp-content\/uploads\/2025\/12\/Frame-146-4-1024x529.png\" alt=\"\" class=\"wp-image-727\" srcset=\"https:\/\/exposicoes.abc.org.br\/100anos\/wp-content\/uploads\/2025\/12\/Frame-146-4-1024x529.png 1024w, https:\/\/exposicoes.abc.org.br\/100anos\/wp-content\/uploads\/2025\/12\/Frame-146-4-300x155.png 300w, https:\/\/exposicoes.abc.org.br\/100anos\/wp-content\/uploads\/2025\/12\/Frame-146-4-768x397.png 768w, https:\/\/exposicoes.abc.org.br\/100anos\/wp-content\/uploads\/2025\/12\/Frame-146-4.png 1116w\" sizes=\"auto, (max-width: 1024px) 100vw, 1024px\" \/><figcaption class=\"wp-element-caption\">Os nobelistas David MacMillan, Serge Haroche e May-Britt Moser \u2013 esta cumprimentando efusivamente a presidente da ABC, Helena Nader, na Universidade de S\u00e3o Paulo<\/figcaption><\/figure>\n<\/div>\n<\/div>\n\n\n\n<p><br>Outra iniciativa de divulga\u00e7\u00e3o cient\u00edfica de impacto foi o lan\u00e7amento do livro \u201c<a href=\"https:\/\/www.abc.org.br\/wp-content\/uploads\/2025\/03\/ABC_Evolucao_redux.pdf\">A Evolu\u00e7\u00e3o \u00e9 Fato<\/a>\u201d em 2024, um esfor\u00e7o de dezenas de cientistas desde a biologia at\u00e9 a geologia que explicam de forma inequ\u00edvoca o porqu\u00ea de a evolu\u00e7\u00e3o biol\u00f3gica ser considerada um fato cient\u00edfico comprovado. O livro foi um sucesso de demanda e pode ser baixado de gra\u00e7a no site da ABC.<\/p>\n\n\n\n<div class=\"wp-block-columns is-layout-flex wp-container-core-columns-is-layout-9d6595d7 wp-block-columns-is-layout-flex\">\n<div class=\"wp-block-column is-layout-flow wp-block-column-is-layout-flow\">\n<figure class=\"wp-block-image size-large\"><img loading=\"lazy\" decoding=\"async\" width=\"1024\" height=\"529\" src=\"https:\/\/exposicoes.abc.org.br\/100anos\/wp-content\/uploads\/2025\/12\/Frame-146-5-1024x529.png\" alt=\"\" class=\"wp-image-730\" srcset=\"https:\/\/exposicoes.abc.org.br\/100anos\/wp-content\/uploads\/2025\/12\/Frame-146-5-1024x529.png 1024w, https:\/\/exposicoes.abc.org.br\/100anos\/wp-content\/uploads\/2025\/12\/Frame-146-5-300x155.png 300w, https:\/\/exposicoes.abc.org.br\/100anos\/wp-content\/uploads\/2025\/12\/Frame-146-5-768x397.png 768w, https:\/\/exposicoes.abc.org.br\/100anos\/wp-content\/uploads\/2025\/12\/Frame-146-5.png 1116w\" sizes=\"auto, (max-width: 1024px) 100vw, 1024px\" \/><figcaption class=\"wp-element-caption\">Autores no lan\u00e7amento do livro Evolu\u00e7\u00e3o \u00e9 Fato em evento na Finep<\/figcaption><\/figure>\n<\/div>\n<\/div>\n\n\n\n<div style=\"height:100px\" aria-hidden=\"true\" class=\"wp-block-spacer\"><\/div>\n\n\n\n<figure class=\"wp-block-image size-large\"><img loading=\"lazy\" decoding=\"async\" width=\"1024\" height=\"495\" src=\"https:\/\/exposicoes.abc.org.br\/100anos\/wp-content\/uploads\/2025\/12\/cap09-13-1024x495.png\" alt=\"\" class=\"wp-image-731\" srcset=\"https:\/\/exposicoes.abc.org.br\/100anos\/wp-content\/uploads\/2025\/12\/cap09-13-1024x495.png 1024w, https:\/\/exposicoes.abc.org.br\/100anos\/wp-content\/uploads\/2025\/12\/cap09-13-300x145.png 300w, https:\/\/exposicoes.abc.org.br\/100anos\/wp-content\/uploads\/2025\/12\/cap09-13-768x371.png 768w, https:\/\/exposicoes.abc.org.br\/100anos\/wp-content\/uploads\/2025\/12\/cap09-13.png 1366w\" sizes=\"auto, (max-width: 1024px) 100vw, 1024px\" \/><figcaption class=\"wp-element-caption\">Abertura da Reuni\u00e3o Magna da ABC 2024 com os coordenadores Virgilio Almeida e Elisa Reis ladeando a presidente Helena Nader<\/figcaption><\/figure>\n\n\n\n<div style=\"height:100px\" aria-hidden=\"true\" class=\"wp-block-spacer\"><\/div>\n\n\n\n<h2 class=\"wp-block-heading\">Intelig\u00eancia Artificial<\/h2>\n\n\n\n<p>Com o surgimento de plataformas de intelig\u00eancia artificial capazes de gerar textos e imagens de forma cada vez mais eficientes a partir do final de 2022, iniciou-se uma corrida global de investimento nessa nova fronteira tecnol\u00f3gica. Em resposta a essa nova demanda, a ABC organizou um grupo de trabalho que produziu o documento \u201c<a href=\"https:\/\/www.abc.org.br\/wp-content\/uploads\/2025\/03\/recomendacoes-para-o-avanco-da-inteligencia-artificial-no-brasil-abc-novembro-GT-IA-24.pdf\">Recomenda\u00e7\u00f5es para o avan\u00e7o da Intelig\u00eancia Artificial no Brasil<\/a>\u201d e tamb\u00e9m dedicou a <a href=\"https:\/\/www.abc.org.br\/evento\/reuniao-magna-da-abc-2024\/\">Reuni\u00e3o Magna de 2024<\/a> ao tema. As contribui\u00e7\u00f5es da ABC serviram para embasar o Plano Brasileiro em IA, apresentado durante a 5\u00aa CNCTI e que prev\u00ea investimentos acima de R$ 20 bilh\u00f5es na tecnologia<\/p>\n\n\n\n<div style=\"height:100px\" aria-hidden=\"true\" class=\"wp-block-spacer\"><\/div>\n\n\n\n<figure class=\"wp-block-image size-large\"><img loading=\"lazy\" decoding=\"async\" width=\"1024\" height=\"495\" src=\"https:\/\/exposicoes.abc.org.br\/100anos\/wp-content\/uploads\/2025\/12\/cap09-14-1024x495.png\" alt=\"\" class=\"wp-image-733\" srcset=\"https:\/\/exposicoes.abc.org.br\/100anos\/wp-content\/uploads\/2025\/12\/cap09-14-1024x495.png 1024w, https:\/\/exposicoes.abc.org.br\/100anos\/wp-content\/uploads\/2025\/12\/cap09-14-300x145.png 300w, https:\/\/exposicoes.abc.org.br\/100anos\/wp-content\/uploads\/2025\/12\/cap09-14-768x371.png 768w, https:\/\/exposicoes.abc.org.br\/100anos\/wp-content\/uploads\/2025\/12\/cap09-14.png 1366w\" sizes=\"auto, (max-width: 1024px) 100vw, 1024px\" \/><figcaption class=\"wp-element-caption\">A advogada Auricelia Arapiuns em sess\u00e3o na Reuni\u00e3o Magna da ABC 2025, no Museu do Amanh\u00e3<\/figcaption><\/figure>\n\n\n\n<div style=\"height:100px\" aria-hidden=\"true\" class=\"wp-block-spacer\"><\/div>\n\n\n\n<h2 class=\"wp-block-heading\">Diversidade e Inclus\u00e3o<\/h2>\n\n\n\n<p>Entre 2016 e 2024, a ABC apoiou a\u00e7\u00f5es afirmativas e pol\u00edticas inclusivas. Exemplos dessa atua\u00e7\u00e3o foram a elei\u00e7\u00e3o do l\u00edder yanomami Davi Kopenawa como membro colaborador da ABC, em 2021, e a <a href=\"https:\/\/www.abc.org.br\/evento\/reuniao-magna-da-abc-2025\/\">programa\u00e7\u00e3o da Reuni\u00e3o Magna de 2024 \u201cAmaz\u00f4nia J\u00e1\u201d<\/a>, com l\u00edderes ind\u00edgenas entre os palestrantes.<br>\u2028<br>Em 2022, a biom\u00e9dica Helena Nader foi eleita para presidir a ABC, sendo a primeira mulher a exercer o cargo, promovendo visibilidade feminina na lideran\u00e7a cient\u00edfica nacional e internacional. A ABC tamb\u00e9m \u00e9 parceira e comp\u00f5e o j\u00fari do Programa L\u2019Or\u00e9al-Unesco-ABC, que incentiva a participa\u00e7\u00e3o de mulheres jovens cientistas em pesquisa de ponta, premiando anualmente o talento e a inova\u00e7\u00e3o desde 2006.<\/p>\n\n\n\n<div class=\"wp-block-columns is-layout-flex wp-container-core-columns-is-layout-9d6595d7 wp-block-columns-is-layout-flex\">\n<div class=\"wp-block-column is-layout-flow wp-block-column-is-layout-flow\">\n<figure class=\"wp-block-image size-large\"><img loading=\"lazy\" decoding=\"async\" width=\"1024\" height=\"529\" src=\"https:\/\/exposicoes.abc.org.br\/100anos\/wp-content\/uploads\/2025\/12\/Frame-146-6-1024x529.png\" alt=\"\" class=\"wp-image-736\" srcset=\"https:\/\/exposicoes.abc.org.br\/100anos\/wp-content\/uploads\/2025\/12\/Frame-146-6-1024x529.png 1024w, https:\/\/exposicoes.abc.org.br\/100anos\/wp-content\/uploads\/2025\/12\/Frame-146-6-300x155.png 300w, https:\/\/exposicoes.abc.org.br\/100anos\/wp-content\/uploads\/2025\/12\/Frame-146-6-768x397.png 768w, https:\/\/exposicoes.abc.org.br\/100anos\/wp-content\/uploads\/2025\/12\/Frame-146-6.png 1116w\" sizes=\"auto, (max-width: 1024px) 100vw, 1024px\" \/><figcaption class=\"wp-element-caption\">Helena Nader sendo empossada como presidente da ABC, ao lado do presidente em fim de mandato, Luiz Davidovich<\/figcaption><\/figure>\n<\/div>\n<\/div>\n\n\n\n<div style=\"height:100px\" aria-hidden=\"true\" class=\"wp-block-spacer\"><\/div>\n\n\n\n<figure class=\"wp-block-image size-large\"><img loading=\"lazy\" decoding=\"async\" width=\"1024\" height=\"495\" src=\"https:\/\/exposicoes.abc.org.br\/100anos\/wp-content\/uploads\/2025\/12\/cap09-16-1024x495.png\" alt=\"\" class=\"wp-image-738\" srcset=\"https:\/\/exposicoes.abc.org.br\/100anos\/wp-content\/uploads\/2025\/12\/cap09-16-1024x495.png 1024w, https:\/\/exposicoes.abc.org.br\/100anos\/wp-content\/uploads\/2025\/12\/cap09-16-300x145.png 300w, https:\/\/exposicoes.abc.org.br\/100anos\/wp-content\/uploads\/2025\/12\/cap09-16-768x371.png 768w, https:\/\/exposicoes.abc.org.br\/100anos\/wp-content\/uploads\/2025\/12\/cap09-16.png 1366w\" sizes=\"auto, (max-width: 1024px) 100vw, 1024px\" \/><figcaption class=\"wp-element-caption\">Cientistas representantes de 30 pa\u00edses em encontro em Manaus organizado pela ABC e Ianas em 2023: \u201cCi\u00eancia Para e Pela Amaz\u00f4nia\u201d<\/figcaption><\/figure>\n\n\n\n<div style=\"height:100px\" aria-hidden=\"true\" class=\"wp-block-spacer\"><\/div>\n\n\n\n<h2 class=\"wp-block-heading\">Meio ambiente, Agricultura e as Crises Recentes<\/h2>\n\n\n\n<p>Os dez anos que se passaram desde 2016 viram a intensifica\u00e7\u00e3o das mudan\u00e7as clim\u00e1ticas, que deixaram de ser um desafio para o futuro para se tornarem uma emerg\u00eancia para o presente. O Brasil \u00e9 um inevit\u00e1vel protagonista nesse cen\u00e1rio. Por um lado, o pa\u00eds \u00e9 respons\u00e1vel pela maior floresta tropical do planeta, bioma chave para preserva\u00e7\u00e3o em qualquer cen\u00e1rio de combate ao aumento da temperatura. Por outro, \u00e9 uma pot\u00eancia agropecu\u00e1ria, respons\u00e1vel por alimentar uma popula\u00e7\u00e3o cada vez maior, e precisa encontrar formas de faz\u00ea-lo sem agredir ainda mais os seus ecossistemas.<br><br>Com esses desafios em mente, a ABC publicou os seguintes livros e documentos: \u201c<a href=\"https:\/\/www.abc.org.br\/wp-content\/uploads\/2025\/03\/Livro-Biomas-e-Agricultura-Site.pdf\">Biomas e Agricultura: Oportunidades e Desafios<\/a>\u201d (2018), \u201c<a href=\"https:\/\/www.abc.org.br\/wp-content\/uploads\/2025\/03\/Revista-Biomas-e-Agro-ABC-2022.pdf\">Biomas e Agro<\/a>\u201d (2022), \u201c<a href=\"https:\/\/www.abc.org.br\/wp-content\/uploads\/2025\/03\/Revista-GT-Mercurio-pag-simples-site-da-ABC.pdf\">Contamina\u00e7\u00e3o por Merc\u00fario: Por que precisamos de um plano de a\u00e7\u00e3o?<\/a>\u201d (2022), \u201c<a href=\"https:\/\/www.abc.org.br\/wp-content\/uploads\/2025\/03\/Seguranca-Alimentar-e-Nutricional-O-Papel-da-Ciencia-Brasileira-no-Combate-a-Fome-LIVRO-ABC-2024.pdf\">Seguran\u00e7a Alimentar e Nutricional: O papel da Ci\u00eancia Brasileira no combate \u00e0 fome<\/a>\u201d (2024), \u201c<a href=\"https:\/\/www.abc.org.br\/wp-content\/uploads\/2025\/08\/PME.pdf\">Petr\u00f3leo na Margem Equatorial Brasileira<\/a>\u201d (2025) e \u201c<a href=\"https:\/\/www.abc.org.br\/wp-content\/uploads\/2025\/11\/GT-Amazonia-Consideracoes-da-Ciencia-Brasileira-sobre-a-Amazonia-Versao-Web.pdf\">Considera\u00e7\u00f5es da Ci\u00eancia Brasileira sobre a Amaz\u00f4nia<\/a>\u201d (2025), este \u00faltimo compilado em ocasi\u00e3o da COP 30, realizada em Bel\u00e9m do Par\u00e1 em 2025.<br><br>A ABC tamb\u00e9m organizou diversos eventos sobre clima e meio ambiente, dos quais destacam-se a Reuni\u00e3o Magna de 2025, cujo tema foi \u201cAmaz\u00f4nia J\u00e1! Sem tempo a perder\u201d, e os eventos \u201c<a href=\"http:\/\/figma.com\/exit?url=https%3A%2F%2Fwww.abc.org.br%2Fevento%2Fscience-by-and-for-the-amazon%2F\" data-type=\"link\" data-id=\"figma.com\/exit?url=https%3A%2F%2Fwww.abc.org.br%2Fevento%2Fscience-by-and-for-the-amazon%2F\">Ci\u00eancia para e pela Amaz\u00f4nia<\/a>\u201d, de 2023, realizado em parceria com a Rede InterAmericana de Academias de Ci\u00eancias (Ianas), e \u201c<a href=\"https:\/\/www.abc.org.br\/evento\/chamado-cientifico-para-a-cop-30\/\">Um Chamado Cient\u00edfico para a COP30: Academias de Ci\u00eancias Unidas pela A\u00e7\u00e3o Clim\u00e1tica<\/a>\u201d, de 2025, ambos realizados no Instituto Nacional de Pesquisas da Amaz\u00f4nia (Inpa), em Manaus.<\/p>\n\n\n\n<div style=\"height:100px\" aria-hidden=\"true\" class=\"wp-block-spacer\"><\/div>\n\n\n\n<figure class=\"wp-block-image size-large\"><img loading=\"lazy\" decoding=\"async\" width=\"1024\" height=\"495\" src=\"https:\/\/exposicoes.abc.org.br\/100anos\/wp-content\/uploads\/2025\/12\/cap09-17-1024x495.png\" alt=\"\" class=\"wp-image-740\" srcset=\"https:\/\/exposicoes.abc.org.br\/100anos\/wp-content\/uploads\/2025\/12\/cap09-17-1024x495.png 1024w, https:\/\/exposicoes.abc.org.br\/100anos\/wp-content\/uploads\/2025\/12\/cap09-17-300x145.png 300w, https:\/\/exposicoes.abc.org.br\/100anos\/wp-content\/uploads\/2025\/12\/cap09-17-768x371.png 768w, https:\/\/exposicoes.abc.org.br\/100anos\/wp-content\/uploads\/2025\/12\/cap09-17.png 1366w\" sizes=\"auto, (max-width: 1024px) 100vw, 1024px\" \/><figcaption class=\"wp-element-caption\">Delega\u00e7\u00e3o da ABC em visita ao Centro de Pesquisas em Ci\u00eancias Eco Ambientais\u00a0(RCEES), em Pequim, 2025<\/figcaption><\/figure>\n\n\n\n<div style=\"height:100px\" aria-hidden=\"true\" class=\"wp-block-spacer\"><\/div>\n\n\n\n<h2 class=\"wp-block-heading\">Atua\u00e7\u00e3o Internacional<\/h2>\n\n\n\n<p>O per\u00edodo entre 2016 e 2025 foi marcado por uma retra\u00e7\u00e3o na colabora\u00e7\u00e3o internacional, com o enfraquecimento de institui\u00e7\u00f5es multilaterais e o crescimento da desconfian\u00e7a entre as na\u00e7\u00f5es. Na contram\u00e3o desse processo, a ABC expandiu sua rede de parceiros internacionais, mantendo coopera\u00e7\u00e3o com as academias nacionais da China, Alemanha, Cuba, Fran\u00e7a, \u00cdndia, Israel, Portugal, Senegal e a Academia Europeia. Particularmente com a China, as Academias estreitaram os la\u00e7os de coopera\u00e7\u00e3o com a visita de uma delega\u00e7\u00e3o de cientistas brasileiros \u00e0s instala\u00e7\u00f5es de pesquisa daquele pa\u00eds em 2025.\u00a0<\/p>\n\n\n\n<div class=\"wp-block-columns is-layout-flex wp-container-core-columns-is-layout-9d6595d7 wp-block-columns-is-layout-flex\">\n<div class=\"wp-block-column is-layout-flow wp-block-column-is-layout-flow\">\n<figure class=\"wp-block-image size-large\"><img loading=\"lazy\" decoding=\"async\" width=\"1024\" height=\"529\" src=\"https:\/\/exposicoes.abc.org.br\/100anos\/wp-content\/uploads\/2025\/12\/Frame-146-7-1024x529.png\" alt=\"\" class=\"wp-image-742\" srcset=\"https:\/\/exposicoes.abc.org.br\/100anos\/wp-content\/uploads\/2025\/12\/Frame-146-7-1024x529.png 1024w, https:\/\/exposicoes.abc.org.br\/100anos\/wp-content\/uploads\/2025\/12\/Frame-146-7-300x155.png 300w, https:\/\/exposicoes.abc.org.br\/100anos\/wp-content\/uploads\/2025\/12\/Frame-146-7-768x397.png 768w, https:\/\/exposicoes.abc.org.br\/100anos\/wp-content\/uploads\/2025\/12\/Frame-146-7.png 1116w\" sizes=\"auto, (max-width: 1024px) 100vw, 1024px\" \/><figcaption class=\"wp-element-caption\">Delega\u00e7\u00f5es presentes no F\u00f3rum de Academias dos BRICS 2025<\/figcaption><\/figure>\n<\/div>\n<\/div>\n\n\n\n<p><br><br>A ABC integrou e ocupou cargos de dire\u00e7\u00e3o em organismos multilaterais como a Academia Mundial de Ci\u00eancias (TWAS), a Parceria InterAcademias (IAP), o Conselho Internacional de Ci\u00eancias (ISC), a Global Young Academy (GYA),\u00a0a Rede Interamericana de Academias de Ci\u00eancias (Ianas) e a Alian\u00e7a de Organiza\u00e7\u00f5es Cient\u00edficas Internacionais (ANSO). A Academia tamb\u00e9m esteve \u00e0 frente da organiza\u00e7\u00e3o de encontros multilaterais no Brasil, como o <a href=\"https:\/\/s20brasil.org\/\">Science 20<\/a>, bra\u00e7o cient\u00edfico do G20, em 2024; o <a href=\"https:\/\/www.abc.org.br\/evento\/forum-academias-de-ciencias-brics-2025\/\">F\u00f3rum de Academias de Ci\u00eancias do BRICS de 2025<\/a>; e a <a href=\"https:\/\/www.abc.org.br\/evento\/17a-conferencia-geral-da-twas\/\">17\u00aa Confer\u00eancia Geral da Academia Mundial de Ci\u00eancias <\/a>(TWAS), tamb\u00e9m em 2025.<\/p>\n\n\n\n<div class=\"wp-block-columns is-layout-flex wp-container-core-columns-is-layout-9d6595d7 wp-block-columns-is-layout-flex\">\n<div class=\"wp-block-column is-layout-flow wp-block-column-is-layout-flow\">\n<figure class=\"wp-block-image size-large\"><img loading=\"lazy\" decoding=\"async\" width=\"1024\" height=\"529\" src=\"https:\/\/exposicoes.abc.org.br\/100anos\/wp-content\/uploads\/2025\/12\/Frame-146-8-1-1024x529.png\" alt=\"\" class=\"wp-image-744\" srcset=\"https:\/\/exposicoes.abc.org.br\/100anos\/wp-content\/uploads\/2025\/12\/Frame-146-8-1-1024x529.png 1024w, https:\/\/exposicoes.abc.org.br\/100anos\/wp-content\/uploads\/2025\/12\/Frame-146-8-1-300x155.png 300w, https:\/\/exposicoes.abc.org.br\/100anos\/wp-content\/uploads\/2025\/12\/Frame-146-8-1-768x397.png 768w, https:\/\/exposicoes.abc.org.br\/100anos\/wp-content\/uploads\/2025\/12\/Frame-146-8-1.png 1116w\" sizes=\"auto, (max-width: 1024px) 100vw, 1024px\" \/><figcaption class=\"wp-element-caption\">Primeira sess\u00e3o da Confer\u00eancia-Geral da TWAS 2025<\/figcaption><\/figure>\n<\/div>\n<\/div>\n\n\n\n<div style=\"height:100px\" aria-hidden=\"true\" class=\"wp-block-spacer\"><\/div>\n","protected":false},"excerpt":{"rendered":"<p>Entre 2016 e 2024, a Academia Brasileira de Ci\u00eancias atravessou um per\u00edodo decisivo para a ci\u00eancia no Brasil. Explore os desafios, avan\u00e7os e contribui\u00e7\u00f5es que marcaram essa trajet\u00f3ria.<\/p>\n","protected":false},"author":1,"featured_media":634,"comment_status":"open","ping_status":"open","sticky":false,"template":"","format":"standard","meta":{"_acf_changed":false,"footnotes":""},"tags":[],"periodo":[14],"class_list":["post-37","post","type-post","status-publish","format-standard","has-post-thumbnail","hentry","periodo-2016-futuro"],"acf":[],"yoast_head":"<!-- This site is optimized with the Yoast SEO plugin v26.8 - https:\/\/yoast.com\/product\/yoast-seo-wordpress\/ -->\n<title>ABC 100+10 (2016-2026) | Cem Anos de Ci\u00eancia<\/title>\n<meta name=\"robots\" content=\"index, follow, max-snippet:-1, max-image-preview:large, max-video-preview:-1\" \/>\n<link rel=\"canonical\" href=\"https:\/\/exposicoes.abc.org.br\/100anos\/abc-para-alem-do-centenario\/\" \/>\n<meta property=\"og:locale\" content=\"pt_BR\" \/>\n<meta property=\"og:type\" content=\"article\" \/>\n<meta property=\"og:title\" content=\"ABC 100+10 (2016-2026) | Cem Anos de Ci\u00eancia\" \/>\n<meta property=\"og:description\" content=\"Entre 2016 e 2024, a Academia Brasileira de Ci\u00eancias atravessou um per\u00edodo decisivo para a ci\u00eancia no Brasil. Explore os desafios, avan\u00e7os e contribui\u00e7\u00f5es que marcaram essa trajet\u00f3ria.\" \/>\n<meta property=\"og:url\" content=\"https:\/\/exposicoes.abc.org.br\/100anos\/abc-para-alem-do-centenario\/\" \/>\n<meta property=\"og:site_name\" content=\"Cem Anos de Ci\u00eancia\" \/>\n<meta property=\"article:published_time\" content=\"2025-12-22T22:10:58+00:00\" \/>\n<meta property=\"article:modified_time\" content=\"2026-01-27T15:32:54+00:00\" \/>\n<meta property=\"og:image\" content=\"https:\/\/exposicoes.abc.org.br\/100anos\/wp-content\/uploads\/2025\/12\/thumb-img-chapter-2016-futuro.png\" \/>\n\t<meta property=\"og:image:width\" content=\"1140\" \/>\n\t<meta property=\"og:image:height\" content=\"858\" \/>\n\t<meta property=\"og:image:type\" content=\"image\/png\" \/>\n<meta name=\"author\" content=\"sintropika\" \/>\n<meta name=\"twitter:card\" content=\"summary_large_image\" \/>\n<meta name=\"twitter:label1\" content=\"Escrito por\" \/>\n\t<meta name=\"twitter:data1\" content=\"sintropika\" \/>\n\t<meta name=\"twitter:label2\" content=\"Est. tempo de leitura\" \/>\n\t<meta name=\"twitter:data2\" content=\"14 minutos\" \/>\n<script type=\"application\/ld+json\" class=\"yoast-schema-graph\">{\"@context\":\"https:\/\/schema.org\",\"@graph\":[{\"@type\":\"Article\",\"@id\":\"https:\/\/exposicoes.abc.org.br\/100anos\/abc-para-alem-do-centenario\/#article\",\"isPartOf\":{\"@id\":\"https:\/\/exposicoes.abc.org.br\/100anos\/abc-para-alem-do-centenario\/\"},\"author\":{\"name\":\"sintropika\",\"@id\":\"https:\/\/exposicoes.abc.org.br\/100anos\/#\/schema\/person\/3debaa657d0a9cab82d3e55ac7c1988d\"},\"headline\":\"ABC 100+10 (2016-2026)\",\"datePublished\":\"2025-12-22T22:10:58+00:00\",\"dateModified\":\"2026-01-27T15:32:54+00:00\",\"mainEntityOfPage\":{\"@id\":\"https:\/\/exposicoes.abc.org.br\/100anos\/abc-para-alem-do-centenario\/\"},\"wordCount\":2883,\"commentCount\":0,\"publisher\":{\"@id\":\"https:\/\/exposicoes.abc.org.br\/100anos\/#organization\"},\"image\":{\"@id\":\"https:\/\/exposicoes.abc.org.br\/100anos\/abc-para-alem-do-centenario\/#primaryimage\"},\"thumbnailUrl\":\"https:\/\/exposicoes.abc.org.br\/100anos\/wp-content\/uploads\/2025\/12\/thumb-img-chapter-2016-futuro.png\",\"inLanguage\":\"pt-BR\",\"potentialAction\":[{\"@type\":\"CommentAction\",\"name\":\"Comment\",\"target\":[\"https:\/\/exposicoes.abc.org.br\/100anos\/abc-para-alem-do-centenario\/#respond\"]}]},{\"@type\":\"WebPage\",\"@id\":\"https:\/\/exposicoes.abc.org.br\/100anos\/abc-para-alem-do-centenario\/\",\"url\":\"https:\/\/exposicoes.abc.org.br\/100anos\/abc-para-alem-do-centenario\/\",\"name\":\"ABC 100+10 (2016-2026) | Cem Anos de Ci\u00eancia\",\"isPartOf\":{\"@id\":\"https:\/\/exposicoes.abc.org.br\/100anos\/#website\"},\"primaryImageOfPage\":{\"@id\":\"https:\/\/exposicoes.abc.org.br\/100anos\/abc-para-alem-do-centenario\/#primaryimage\"},\"image\":{\"@id\":\"https:\/\/exposicoes.abc.org.br\/100anos\/abc-para-alem-do-centenario\/#primaryimage\"},\"thumbnailUrl\":\"https:\/\/exposicoes.abc.org.br\/100anos\/wp-content\/uploads\/2025\/12\/thumb-img-chapter-2016-futuro.png\",\"datePublished\":\"2025-12-22T22:10:58+00:00\",\"dateModified\":\"2026-01-27T15:32:54+00:00\",\"breadcrumb\":{\"@id\":\"https:\/\/exposicoes.abc.org.br\/100anos\/abc-para-alem-do-centenario\/#breadcrumb\"},\"inLanguage\":\"pt-BR\",\"potentialAction\":[{\"@type\":\"ReadAction\",\"target\":[\"https:\/\/exposicoes.abc.org.br\/100anos\/abc-para-alem-do-centenario\/\"]}]},{\"@type\":\"ImageObject\",\"inLanguage\":\"pt-BR\",\"@id\":\"https:\/\/exposicoes.abc.org.br\/100anos\/abc-para-alem-do-centenario\/#primaryimage\",\"url\":\"https:\/\/exposicoes.abc.org.br\/100anos\/wp-content\/uploads\/2025\/12\/thumb-img-chapter-2016-futuro.png\",\"contentUrl\":\"https:\/\/exposicoes.abc.org.br\/100anos\/wp-content\/uploads\/2025\/12\/thumb-img-chapter-2016-futuro.png\",\"width\":1140,\"height\":858},{\"@type\":\"BreadcrumbList\",\"@id\":\"https:\/\/exposicoes.abc.org.br\/100anos\/abc-para-alem-do-centenario\/#breadcrumb\",\"itemListElement\":[{\"@type\":\"ListItem\",\"position\":1,\"name\":\"In\u00edcio\",\"item\":\"https:\/\/exposicoes.abc.org.br\/100anos\/\"},{\"@type\":\"ListItem\",\"position\":2,\"name\":\"ABC 100+10 (2016-2026)\"}]},{\"@type\":\"WebSite\",\"@id\":\"https:\/\/exposicoes.abc.org.br\/100anos\/#website\",\"url\":\"https:\/\/exposicoes.abc.org.br\/100anos\/\",\"name\":\"Cem Anos de Ci\u00eancia\",\"description\":\"\",\"publisher\":{\"@id\":\"https:\/\/exposicoes.abc.org.br\/100anos\/#organization\"},\"potentialAction\":[{\"@type\":\"SearchAction\",\"target\":{\"@type\":\"EntryPoint\",\"urlTemplate\":\"https:\/\/exposicoes.abc.org.br\/100anos\/?s={search_term_string}\"},\"query-input\":{\"@type\":\"PropertyValueSpecification\",\"valueRequired\":true,\"valueName\":\"search_term_string\"}}],\"inLanguage\":\"pt-BR\"},{\"@type\":\"Organization\",\"@id\":\"https:\/\/exposicoes.abc.org.br\/100anos\/#organization\",\"name\":\"Academia Brasileira de Ci\u00eancias\",\"url\":\"https:\/\/exposicoes.abc.org.br\/100anos\/\",\"logo\":{\"@type\":\"ImageObject\",\"inLanguage\":\"pt-BR\",\"@id\":\"https:\/\/exposicoes.abc.org.br\/100anos\/#\/schema\/logo\/image\/\",\"url\":\"https:\/\/exposicoes.abc.org.br\/100anos\/wp-content\/uploads\/2025\/12\/logo-100-abc.png\",\"contentUrl\":\"https:\/\/exposicoes.abc.org.br\/100anos\/wp-content\/uploads\/2025\/12\/logo-100-abc.png\",\"width\":511,\"height\":116,\"caption\":\"Academia Brasileira de Ci\u00eancias\"},\"image\":{\"@id\":\"https:\/\/exposicoes.abc.org.br\/100anos\/#\/schema\/logo\/image\/\"}},{\"@type\":\"Person\",\"@id\":\"https:\/\/exposicoes.abc.org.br\/100anos\/#\/schema\/person\/3debaa657d0a9cab82d3e55ac7c1988d\",\"name\":\"sintropika\",\"image\":{\"@type\":\"ImageObject\",\"inLanguage\":\"pt-BR\",\"@id\":\"https:\/\/exposicoes.abc.org.br\/100anos\/#\/schema\/person\/image\/\",\"url\":\"https:\/\/secure.gravatar.com\/avatar\/35d24915ddd39821c2eae3dc979a4439be79c1ab39a90d812d7f46a7cf0a717e?s=96&d=mm&r=g\",\"contentUrl\":\"https:\/\/secure.gravatar.com\/avatar\/35d24915ddd39821c2eae3dc979a4439be79c1ab39a90d812d7f46a7cf0a717e?s=96&d=mm&r=g\",\"caption\":\"sintropika\"},\"sameAs\":[\"https:\/\/exposicoes.abc.org.br\/100anos\"]}]}<\/script>\n<!-- \/ Yoast SEO plugin. -->","yoast_head_json":{"title":"ABC 100+10 (2016-2026) | Cem Anos de Ci\u00eancia","robots":{"index":"index","follow":"follow","max-snippet":"max-snippet:-1","max-image-preview":"max-image-preview:large","max-video-preview":"max-video-preview:-1"},"canonical":"https:\/\/exposicoes.abc.org.br\/100anos\/abc-para-alem-do-centenario\/","og_locale":"pt_BR","og_type":"article","og_title":"ABC 100+10 (2016-2026) | Cem Anos de Ci\u00eancia","og_description":"Entre 2016 e 2024, a Academia Brasileira de Ci\u00eancias atravessou um per\u00edodo decisivo para a ci\u00eancia no Brasil. Explore os desafios, avan\u00e7os e contribui\u00e7\u00f5es que marcaram essa trajet\u00f3ria.","og_url":"https:\/\/exposicoes.abc.org.br\/100anos\/abc-para-alem-do-centenario\/","og_site_name":"Cem Anos de Ci\u00eancia","article_published_time":"2025-12-22T22:10:58+00:00","article_modified_time":"2026-01-27T15:32:54+00:00","og_image":[{"width":1140,"height":858,"url":"https:\/\/exposicoes.abc.org.br\/100anos\/wp-content\/uploads\/2025\/12\/thumb-img-chapter-2016-futuro.png","type":"image\/png"}],"author":"sintropika","twitter_card":"summary_large_image","twitter_misc":{"Escrito por":"sintropika","Est. tempo de leitura":"14 minutos"},"schema":{"@context":"https:\/\/schema.org","@graph":[{"@type":"Article","@id":"https:\/\/exposicoes.abc.org.br\/100anos\/abc-para-alem-do-centenario\/#article","isPartOf":{"@id":"https:\/\/exposicoes.abc.org.br\/100anos\/abc-para-alem-do-centenario\/"},"author":{"name":"sintropika","@id":"https:\/\/exposicoes.abc.org.br\/100anos\/#\/schema\/person\/3debaa657d0a9cab82d3e55ac7c1988d"},"headline":"ABC 100+10 (2016-2026)","datePublished":"2025-12-22T22:10:58+00:00","dateModified":"2026-01-27T15:32:54+00:00","mainEntityOfPage":{"@id":"https:\/\/exposicoes.abc.org.br\/100anos\/abc-para-alem-do-centenario\/"},"wordCount":2883,"commentCount":0,"publisher":{"@id":"https:\/\/exposicoes.abc.org.br\/100anos\/#organization"},"image":{"@id":"https:\/\/exposicoes.abc.org.br\/100anos\/abc-para-alem-do-centenario\/#primaryimage"},"thumbnailUrl":"https:\/\/exposicoes.abc.org.br\/100anos\/wp-content\/uploads\/2025\/12\/thumb-img-chapter-2016-futuro.png","inLanguage":"pt-BR","potentialAction":[{"@type":"CommentAction","name":"Comment","target":["https:\/\/exposicoes.abc.org.br\/100anos\/abc-para-alem-do-centenario\/#respond"]}]},{"@type":"WebPage","@id":"https:\/\/exposicoes.abc.org.br\/100anos\/abc-para-alem-do-centenario\/","url":"https:\/\/exposicoes.abc.org.br\/100anos\/abc-para-alem-do-centenario\/","name":"ABC 100+10 (2016-2026) | Cem Anos de Ci\u00eancia","isPartOf":{"@id":"https:\/\/exposicoes.abc.org.br\/100anos\/#website"},"primaryImageOfPage":{"@id":"https:\/\/exposicoes.abc.org.br\/100anos\/abc-para-alem-do-centenario\/#primaryimage"},"image":{"@id":"https:\/\/exposicoes.abc.org.br\/100anos\/abc-para-alem-do-centenario\/#primaryimage"},"thumbnailUrl":"https:\/\/exposicoes.abc.org.br\/100anos\/wp-content\/uploads\/2025\/12\/thumb-img-chapter-2016-futuro.png","datePublished":"2025-12-22T22:10:58+00:00","dateModified":"2026-01-27T15:32:54+00:00","breadcrumb":{"@id":"https:\/\/exposicoes.abc.org.br\/100anos\/abc-para-alem-do-centenario\/#breadcrumb"},"inLanguage":"pt-BR","potentialAction":[{"@type":"ReadAction","target":["https:\/\/exposicoes.abc.org.br\/100anos\/abc-para-alem-do-centenario\/"]}]},{"@type":"ImageObject","inLanguage":"pt-BR","@id":"https:\/\/exposicoes.abc.org.br\/100anos\/abc-para-alem-do-centenario\/#primaryimage","url":"https:\/\/exposicoes.abc.org.br\/100anos\/wp-content\/uploads\/2025\/12\/thumb-img-chapter-2016-futuro.png","contentUrl":"https:\/\/exposicoes.abc.org.br\/100anos\/wp-content\/uploads\/2025\/12\/thumb-img-chapter-2016-futuro.png","width":1140,"height":858},{"@type":"BreadcrumbList","@id":"https:\/\/exposicoes.abc.org.br\/100anos\/abc-para-alem-do-centenario\/#breadcrumb","itemListElement":[{"@type":"ListItem","position":1,"name":"In\u00edcio","item":"https:\/\/exposicoes.abc.org.br\/100anos\/"},{"@type":"ListItem","position":2,"name":"ABC 100+10 (2016-2026)"}]},{"@type":"WebSite","@id":"https:\/\/exposicoes.abc.org.br\/100anos\/#website","url":"https:\/\/exposicoes.abc.org.br\/100anos\/","name":"Cem Anos de Ci\u00eancia","description":"","publisher":{"@id":"https:\/\/exposicoes.abc.org.br\/100anos\/#organization"},"potentialAction":[{"@type":"SearchAction","target":{"@type":"EntryPoint","urlTemplate":"https:\/\/exposicoes.abc.org.br\/100anos\/?s={search_term_string}"},"query-input":{"@type":"PropertyValueSpecification","valueRequired":true,"valueName":"search_term_string"}}],"inLanguage":"pt-BR"},{"@type":"Organization","@id":"https:\/\/exposicoes.abc.org.br\/100anos\/#organization","name":"Academia Brasileira de Ci\u00eancias","url":"https:\/\/exposicoes.abc.org.br\/100anos\/","logo":{"@type":"ImageObject","inLanguage":"pt-BR","@id":"https:\/\/exposicoes.abc.org.br\/100anos\/#\/schema\/logo\/image\/","url":"https:\/\/exposicoes.abc.org.br\/100anos\/wp-content\/uploads\/2025\/12\/logo-100-abc.png","contentUrl":"https:\/\/exposicoes.abc.org.br\/100anos\/wp-content\/uploads\/2025\/12\/logo-100-abc.png","width":511,"height":116,"caption":"Academia Brasileira de Ci\u00eancias"},"image":{"@id":"https:\/\/exposicoes.abc.org.br\/100anos\/#\/schema\/logo\/image\/"}},{"@type":"Person","@id":"https:\/\/exposicoes.abc.org.br\/100anos\/#\/schema\/person\/3debaa657d0a9cab82d3e55ac7c1988d","name":"sintropika","image":{"@type":"ImageObject","inLanguage":"pt-BR","@id":"https:\/\/exposicoes.abc.org.br\/100anos\/#\/schema\/person\/image\/","url":"https:\/\/secure.gravatar.com\/avatar\/35d24915ddd39821c2eae3dc979a4439be79c1ab39a90d812d7f46a7cf0a717e?s=96&d=mm&r=g","contentUrl":"https:\/\/secure.gravatar.com\/avatar\/35d24915ddd39821c2eae3dc979a4439be79c1ab39a90d812d7f46a7cf0a717e?s=96&d=mm&r=g","caption":"sintropika"},"sameAs":["https:\/\/exposicoes.abc.org.br\/100anos"]}]}},"_links":{"self":[{"href":"https:\/\/exposicoes.abc.org.br\/100anos\/wp-json\/wp\/v2\/posts\/37","targetHints":{"allow":["GET"]}}],"collection":[{"href":"https:\/\/exposicoes.abc.org.br\/100anos\/wp-json\/wp\/v2\/posts"}],"about":[{"href":"https:\/\/exposicoes.abc.org.br\/100anos\/wp-json\/wp\/v2\/types\/post"}],"author":[{"embeddable":true,"href":"https:\/\/exposicoes.abc.org.br\/100anos\/wp-json\/wp\/v2\/users\/1"}],"replies":[{"embeddable":true,"href":"https:\/\/exposicoes.abc.org.br\/100anos\/wp-json\/wp\/v2\/comments?post=37"}],"version-history":[{"count":40,"href":"https:\/\/exposicoes.abc.org.br\/100anos\/wp-json\/wp\/v2\/posts\/37\/revisions"}],"predecessor-version":[{"id":745,"href":"https:\/\/exposicoes.abc.org.br\/100anos\/wp-json\/wp\/v2\/posts\/37\/revisions\/745"}],"wp:featuredmedia":[{"embeddable":true,"href":"https:\/\/exposicoes.abc.org.br\/100anos\/wp-json\/wp\/v2\/media\/634"}],"wp:attachment":[{"href":"https:\/\/exposicoes.abc.org.br\/100anos\/wp-json\/wp\/v2\/media?parent=37"}],"wp:term":[{"taxonomy":"post_tag","embeddable":true,"href":"https:\/\/exposicoes.abc.org.br\/100anos\/wp-json\/wp\/v2\/tags?post=37"},{"taxonomy":"periodo","embeddable":true,"href":"https:\/\/exposicoes.abc.org.br\/100anos\/wp-json\/wp\/v2\/periodo?post=37"}],"curies":[{"name":"wp","href":"https:\/\/api.w.org\/{rel}","templated":true}]}}