{"id":35,"date":"2025-12-22T19:12:35","date_gmt":"2025-12-22T22:12:35","guid":{"rendered":"https:\/\/exposicoes.abc.org.br\/100anos\/?p=35"},"modified":"2026-03-03T15:33:03","modified_gmt":"2026-03-03T18:33:03","slug":"nasce-a-sociedade-brasileira-de-ciencias","status":"publish","type":"post","link":"https:\/\/exposicoes.abc.org.br\/100anos\/nasce-a-sociedade-brasileira-de-ciencias\/","title":{"rendered":"Nasce a Sociedade Brasileira de Ci\u00eancias"},"content":{"rendered":"\n<div class=\"wp-block-columns is-layout-flex wp-container-core-columns-is-layout-9d6595d7 wp-block-columns-is-layout-flex\">\n<div class=\"wp-block-column is-layout-flow wp-block-column-is-layout-flow\">\n<h2 class=\"wp-block-heading\">Nasce a Sociedade Brasileira de Ci\u00eancias<\/h2>\n\n\n\n<p>Uma ci\u00eancia t\u00edmida: talvez esta seja a melhor forma de qualificar a ci\u00eancia que existia no Brasil na virada do s\u00e9culo XIX para o s\u00e9culo XX. Apesar das v\u00e1rias institui\u00e7\u00f5es que j\u00e1 realizavam ou apoiavam pesquisas e das publica\u00e7\u00f5es que divulgavam seus resultados, o pa\u00eds ainda carecia de um cen\u00e1rio cient\u00edfico mais robusto e organizado. A Primeira Guerra Mundial escancarou essa e outras fragilidades nacionais \u2013 por exemplo, a vulnerabilidade da economia brasileira, devido \u00e0 forte depend\u00eancia das importa\u00e7\u00f5es.<br><br>Mas foi justamente durante esse per\u00edodo de guerra, enquanto os olhos do mundo se voltavam para a Europa, que o Brasil iniciou um processo importante de renova\u00e7\u00e3o, um movimento de afirma\u00e7\u00e3o da produ\u00e7\u00e3o cultural e cient\u00edfica do pa\u00eds. Nos sal\u00f5es da Escola Polit\u00e9cnica do Rio de Janeiro \u2013 uma das mais importantes institui\u00e7\u00f5es cient\u00edficas de sua \u00e9poca, ao lado do Museu Nacional, do Observat\u00f3rio Nacional e do Instituto Soroter\u00e1pico Federal em Manguinhos \u2013, a preocupa\u00e7\u00e3o com os rumos da ci\u00eancia no Brasil era particularmente relevante.<\/p>\n<\/div>\n\n\n\n<div class=\"wp-block-column is-layout-flow wp-block-column-is-layout-flow\">\n<figure class=\"wp-block-image size-full\"><img loading=\"lazy\" decoding=\"async\" width=\"548\" height=\"742\" src=\"https:\/\/exposicoes.abc.org.br\/100anos\/wp-content\/uploads\/2026\/01\/cap01-01.png\" alt=\"\" class=\"wp-image-114\" srcset=\"https:\/\/exposicoes.abc.org.br\/100anos\/wp-content\/uploads\/2026\/01\/cap01-01.png 548w, https:\/\/exposicoes.abc.org.br\/100anos\/wp-content\/uploads\/2026\/01\/cap01-01-222x300.png 222w\" sizes=\"auto, (max-width: 548px) 100vw, 548px\" \/><figcaption class=\"wp-element-caption\">Resumo da ata de cria\u00e7\u00e3o da sociedade brasileira de ci\u00eancias, em 3 de maio de 1916. (Acervo ABC).<br>Logotipo da sociedade brasileira de ci\u00eancias. &#8211; Acervo ABC.<\/figcaption><\/figure>\n<\/div>\n<\/div>\n\n\n\n<div style=\"height:100px\" aria-hidden=\"true\" class=\"wp-block-spacer\"><\/div>\n\n\n\n<hr class=\"wp-block-separator has-alpha-channel-opacity\"\/>\n\n\n\n<div style=\"height:100px\" aria-hidden=\"true\" class=\"wp-block-spacer\"><\/div>\n\n\n\n<p>Ali, um punhado de professores renomados e inventivos come\u00e7ou a idealizar uma associa\u00e7\u00e3o que transcendesse os muros da Escola e abrigasse tamb\u00e9m profissionais de outras especialidades al\u00e9m das engenharias. Eles tinham como objetivo primordial reunir os principais cientistas do Brasil para discutir e divulgar pesquisas importantes nas diferentes \u00e1reas do conhecimento, impulsionando o desenvolvimento da ci\u00eancia pura no pa\u00eds, ou seja, da ci\u00eancia desvinculada de interesses industriais ou comerciais \u2013 uma orienta\u00e7\u00e3o que, vale notar, seria contestada por parte da comunidade cient\u00edfica, em especial aquela ligada \u00e0s ci\u00eancia m\u00e9dicas.<\/p>\n\n\n\n<p>Pelo esfor\u00e7o conjunto de Everardo Adolpho Backheuser, Ant\u00f4nio Ennes de Souza e Alberto Betim Paes Leme \u2013 os primeiros idealizadores da associa\u00e7\u00e3o \u2013, e Henrique Morize \u2013 o principal concretizador da ideia \u2013 foi criada, em 3 de maio de 1916, da Sociedade Brasileira de Ci\u00eancias (SBC). Era a terceira academia nacional de ci\u00eancias fundada nas Am\u00e9ricas, depois da norte-americana (institu\u00edda em 1863) e da argentina (criada em 1874).<\/p>\n\n\n\n<div style=\"height:100px\" aria-hidden=\"true\" class=\"wp-block-spacer\"><\/div>\n\n\n\n<blockquote class=\"wp-block-quote is-layout-flow wp-block-quote-is-layout-flow\">\n<p>\u201cA Sociedade Brasileira de Ci\u00eancias \u00e9 uma associa\u00e7\u00e3o de trabalhadores intelectuais resolvidos a consagrar todos os seus esfor\u00e7os ao progresso da ci\u00eancia e ao engrandecimento do nosso querido Brasil.\u201d&nbsp;<\/p>\n<cite>Henrique Morize<\/cite><\/blockquote>\n\n\n\n<figure class=\"wp-block-image size-full\"><img loading=\"lazy\" decoding=\"async\" width=\"1366\" height=\"660\" src=\"https:\/\/exposicoes.abc.org.br\/100anos\/wp-content\/uploads\/2026\/01\/cap01-02.png\" alt=\"\" class=\"wp-image-115\" srcset=\"https:\/\/exposicoes.abc.org.br\/100anos\/wp-content\/uploads\/2026\/01\/cap01-02.png 1366w, https:\/\/exposicoes.abc.org.br\/100anos\/wp-content\/uploads\/2026\/01\/cap01-02-300x145.png 300w, https:\/\/exposicoes.abc.org.br\/100anos\/wp-content\/uploads\/2026\/01\/cap01-02-1024x495.png 1024w, https:\/\/exposicoes.abc.org.br\/100anos\/wp-content\/uploads\/2026\/01\/cap01-02-768x371.png 768w\" sizes=\"auto, (max-width: 1366px) 100vw, 1366px\" \/><figcaption class=\"wp-element-caption\">Capa do jornal a \u00e9poca (16\/05\/1917) noticia a posse da primeira diretoria eleita da Sociedade Brasileira de Ci\u00eancias. &#8211; Reprodu\u00e7\u00e3o.<\/figcaption><\/figure>\n\n\n\n<div style=\"height:100px\" aria-hidden=\"true\" class=\"wp-block-spacer\"><\/div>\n\n\n\n<p>Al\u00e9m dos quatro nomes j\u00e1 citados, a nova institui\u00e7\u00e3o tinha o respaldo de v\u00e1rios outros cientistas, incluindo Allypio de Miranda Ribeiro, Alberto Childe, Alberto Betim Paes Leme, Edgard Roquette-Pinto, Joaquim C\u00e2ndido da Costa Senna e Manuel Amoroso Costa, entre outros, que participaram formalmente de sua cria\u00e7\u00e3o. Em seguida, outros pesquisadores tamb\u00e9m foram convidados a se juntar ao grupo, e, assim, a rec\u00e9m-criada SBC passou a contar com Roberto Marinho de Azevedo, Adalberto Menezes de Oliveira, Alfredo Loefgren, Arthur Alexandre Moses, Adolfo Lutz, Bruno Lobo, Juliano Moreira, Oswaldo Gon\u00e7alves Cruz, Ant\u00f4nio Pacheco Le\u00e3o, Henrique Arag\u00e3o, \u00c1lvaro Os\u00f3rio de Almeida, C\u00e2ndido Firmino de Mello-Leit\u00e3o, Carlos Chagas e outros cientistas de peso.<\/p>\n\n\n\n<p>Pelas m\u00e3os desses pesquisadores, os estatutos da associa\u00e7\u00e3o come\u00e7aram a ganhar forma, sob a lideran\u00e7a de uma diretoria provis\u00f3ria eleita ainda em 1916 e chefiada por Henrique Morize. Estabeleceu-se, assim, que a Sociedade seria formada por 100 membros efetivos, divididos em tr\u00eas se\u00e7\u00f5es, seguindo o modelo da academia francesa: Ci\u00eancias Matem\u00e1ticas (que compreendiam, al\u00e9m da matem\u00e1tica propriamente dita, a astronomia e a f\u00edsica matem\u00e1tica), Ci\u00eancias F\u00edsico-Qu\u00edmicas (que inclu\u00edam f\u00edsica, qu\u00edmica, mineralogia e geologia) e Ci\u00eancias Biol\u00f3gicas (que abrangiam a biologia, a zoologia, a bot\u00e2nica e a antropologia, entre outras disciplinas). A SBC teria, tamb\u00e9m, s\u00f3cios benem\u00e9ritos (cientistas brasileiros com notadas contribui\u00e7\u00f5es \u00e0 Sociedade) e honor\u00e1rios (pesquisadores internacionais de not\u00e1vel merecimento) em n\u00famero indeterminado.<\/p>\n\n\n\n<p>O pesquisador que desejasse se associar \u00e0 institui\u00e7\u00e3o deveria se inscrever por carta ou ser indicado por tr\u00eas s\u00f3cios efetivos. Em sua apresenta\u00e7\u00e3o, era necess\u00e1rio incluir uma rela\u00e7\u00e3o de trabalhos realizados, t\u00edtulos obtidos e a se\u00e7\u00e3o na qual se almejava vaga, al\u00e9m de exemplares de publica\u00e7\u00f5es cient\u00edficas que permitissem comprovar se tratar de um \u201cbrasileiro de not\u00e1vel saber cient\u00edfico\u201d. O material era analisado por uma comiss\u00e3o especial e, se o parecer fosse favor\u00e1vel, o nome do candidato era submetido \u00e0 vota\u00e7\u00e3o na se\u00e7\u00e3o especializada a que ele se candidatava e ao plen\u00e1rio geral da SBC. Para ser admitido, o candidato precisava que a maioria absoluta dos votos dos s\u00f3cios fosse favor\u00e1vel \u00e0 sua entrada. Essa seletividade, que, para alguns, demonstrava certo elitismo, gerou cr\u00edticas contumazes \u00e0 SBC em seus primeiros anos.<\/p>\n\n\n\n<div style=\"height:100px\" aria-hidden=\"true\" class=\"wp-block-spacer\"><\/div>\n\n\n\n<figure class=\"wp-block-image size-full\"><img loading=\"lazy\" decoding=\"async\" width=\"1366\" height=\"660\" src=\"https:\/\/exposicoes.abc.org.br\/100anos\/wp-content\/uploads\/2026\/01\/cap01-03.png\" alt=\"\" class=\"wp-image-116\" srcset=\"https:\/\/exposicoes.abc.org.br\/100anos\/wp-content\/uploads\/2026\/01\/cap01-03.png 1366w, https:\/\/exposicoes.abc.org.br\/100anos\/wp-content\/uploads\/2026\/01\/cap01-03-300x145.png 300w, https:\/\/exposicoes.abc.org.br\/100anos\/wp-content\/uploads\/2026\/01\/cap01-03-1024x495.png 1024w, https:\/\/exposicoes.abc.org.br\/100anos\/wp-content\/uploads\/2026\/01\/cap01-03-768x371.png 768w\" sizes=\"auto, (max-width: 1366px) 100vw, 1366px\" \/><figcaption class=\"wp-element-caption\">Escola Polit\u00e9cnica do Rio de Janeiro, onde foi criada a Sociedade Brasileira de Ci\u00eancias. &#8211; Museu da Imagem e do Som.<\/figcaption><\/figure>\n\n\n\n<div style=\"height:100px\" aria-hidden=\"true\" class=\"wp-block-spacer\"><\/div>\n\n\n\n<p>Para continuar s\u00f3cio da SBC, os cientistas deveriam contribuir com, no m\u00ednimo, um trabalho original por ano e pagar uma anuidade estabelecida. Os inadimplentes eram afastados, assim como os s\u00f3cios que utilizassem as reuni\u00f5es da Sociedade para discutir assuntos n\u00e3o cient\u00edficos. Tamb\u00e9m eram destitu\u00eddos aqueles que usassem a imprensa para criar ou fomentar pol\u00eamicas sobre quest\u00f5es referentes \u00e0 institui\u00e7\u00e3o. Nos primeiros anos, a SBC se manteve financeiramente com as contribui\u00e7\u00f5es dos s\u00f3cios \u2013 muito embora nem todos pagassem as anuidades, cujo valor (200$000) era considerado alto para a \u00e9poca \u2013 e doa\u00e7\u00f5es de \u00f3rg\u00e3os p\u00fablicos, incluindo diferentes minist\u00e9rios.<\/p>\n\n\n\n<p>Nas primeiras sess\u00f5es delinearam-se as principais linhas de atua\u00e7\u00e3o da Sociedade Brasileira de Ci\u00eancias, notadamente o incentivo \u00e0 ci\u00eancia desvinculada de objetivos comerciais ou industriais e voltada ao engrandecimento do pa\u00eds, a organiza\u00e7\u00e3o de cursos e confer\u00eancias de forma\u00e7\u00e3o e vulgariza\u00e7\u00e3o de temas cient\u00edficos e a divulga\u00e7\u00e3o de resultados de pesquisas originais em uma revista especializada. Outro objetivo almejado pela entidade era servir como uma esp\u00e9cie de b\u00fassola da ci\u00eancia feita no Brasil, sugerindo aos pesquisadores temas importantes para estudo. Nesse sentido, a nova gera\u00e7\u00e3o de cientistas tinha como diretriz trabalhar sobre os desafios impostos pela realidade nacional, em vez de buscar temas nas principais linhas de pesquisa da comunidade cient\u00edfica internacional. Vale lembrar que, entre os primeiros membros da Sociedade, estava o sanitarista Oswaldo Cruz, cuja vida cient\u00edfica foi dedicada ao enfrentamento dos problemas de sa\u00fade p\u00fablica nacionais.<\/p>\n\n\n\n<div style=\"height:100px\" aria-hidden=\"true\" class=\"wp-block-spacer\"><\/div>\n\n\n\n<hr class=\"wp-block-separator has-alpha-channel-opacity\"\/>\n\n\n\n<div style=\"height:100px\" aria-hidden=\"true\" class=\"wp-block-spacer\"><\/div>\n\n\n\n<div class=\"wp-block-columns is-layout-flex wp-container-core-columns-is-layout-9d6595d7 wp-block-columns-is-layout-flex\">\n<div class=\"wp-block-column is-layout-flow wp-block-column-is-layout-flow\">\n<h2 class=\"wp-block-heading\">Uma iniciativa para dar frutos<\/h2>\n\n\n\n<p>Em 1917, tomou posse a primeira diretoria eleita da SBC, composta por Henrique Morize (presidente), Joaquim Candido da Costa Senna e Juliano Moreira (vice-presidentes), Alfredo Loefgren (secret\u00e1rio), Betim Paes Leme (tesoureiro) e Edgard Roquette-Pinto (segundo secret\u00e1rio). Em seu discurso de posse, Morize, que era diretor do Observat\u00f3rio Nacional e professor de f\u00edsica da Escola Polit\u00e9cnica, exprimiu a filosofia da nova institui\u00e7\u00e3o: \u201cA Sociedade Brasileira de Ci\u00eancias \u00e9 uma associa\u00e7\u00e3o de trabalhadores intelectuais resolvidos a consagrar todos os seus esfor\u00e7os ao progresso da ci\u00eancia e ao engrandecimento do nosso querido Brasil\u201d, afirmou. Seu objetivo era promover a \u201cci\u00eancia pura, da qual resultam as aplica\u00e7\u00f5es t\u00e3o espontaneamente como \u00e0 flor sucede o fruto\u201d. Para Morize e seus colegas na SBC, portanto, a ci\u00eancia era uma condi\u00e7\u00e3o necess\u00e1ria para se chegar a aplica\u00e7\u00f5es \u00fateis ao pa\u00eds, o que hoje se conhece como tecnologia e inova\u00e7\u00e3o.<br><br>A fim de fomentar a intera\u00e7\u00e3o entre seus membros, a SBC se propunha a realizar reuni\u00f5es mensais e bimestrais, que serviriam \u00e0 discuss\u00e3o de trabalhos cient\u00edficos originais e que obedecessem a padr\u00f5es metodol\u00f3gicos considerados modernos. Havia uma preocupa\u00e7\u00e3o de eliminar o car\u00e1ter \u201cartesanal\u201d da pesquisa cient\u00edfica brasileira daquela \u00e9poca.&nbsp;<\/p>\n<\/div>\n\n\n\n<div class=\"wp-block-column is-layout-flow wp-block-column-is-layout-flow\">\n<figure class=\"wp-block-image size-full\"><img loading=\"lazy\" decoding=\"async\" width=\"548\" height=\"742\" src=\"https:\/\/exposicoes.abc.org.br\/100anos\/wp-content\/uploads\/2026\/01\/cap01-04.png\" alt=\"\" class=\"wp-image-117\" srcset=\"https:\/\/exposicoes.abc.org.br\/100anos\/wp-content\/uploads\/2026\/01\/cap01-04.png 548w, https:\/\/exposicoes.abc.org.br\/100anos\/wp-content\/uploads\/2026\/01\/cap01-04-222x300.png 222w\" sizes=\"auto, (max-width: 548px) 100vw, 548px\" \/><figcaption class=\"wp-element-caption\">Capa da revista da sociedade brasileira de sciencias, primeira publica\u00e7\u00e3o da SBC. &#8211; Acervo ABC<\/figcaption><\/figure>\n<\/div>\n<\/div>\n\n\n\n<div style=\"height:100px\" aria-hidden=\"true\" class=\"wp-block-spacer\"><\/div>\n\n\n\n<blockquote class=\"wp-block-quote is-layout-flow wp-block-quote-is-layout-flow\">\n<p>\u201cO fim principal da Sociedade Brasileira de Ci\u00eancias consiste em espalhar essa no\u00e7\u00e3o da import\u00e2ncia da ci\u00eancia como fator de prosperidade nacional.\u201d&nbsp;<\/p>\n<cite>Henrique Morize<\/cite><\/blockquote>\n\n\n\n<figure class=\"wp-block-image size-full\"><img loading=\"lazy\" decoding=\"async\" width=\"1366\" height=\"660\" src=\"https:\/\/exposicoes.abc.org.br\/100anos\/wp-content\/uploads\/2026\/01\/cap01-05.png\" alt=\"\" class=\"wp-image-118\" srcset=\"https:\/\/exposicoes.abc.org.br\/100anos\/wp-content\/uploads\/2026\/01\/cap01-05.png 1366w, https:\/\/exposicoes.abc.org.br\/100anos\/wp-content\/uploads\/2026\/01\/cap01-05-300x145.png 300w, https:\/\/exposicoes.abc.org.br\/100anos\/wp-content\/uploads\/2026\/01\/cap01-05-1024x495.png 1024w, https:\/\/exposicoes.abc.org.br\/100anos\/wp-content\/uploads\/2026\/01\/cap01-05-768x371.png 768w\" sizes=\"auto, (max-width: 1366px) 100vw, 1366px\" \/><figcaption class=\"wp-element-caption\">As primeiras confer\u00eancias de divulga\u00e7\u00e3o cient\u00edfica da sbc foram realizadas no audit\u00f3rio da biblioteca nacional, na cinel\u00e2ndia. (Marc ferrez \/ Dom\u00ednio p\u00fablico)<\/figcaption><\/figure>\n\n\n\n<div style=\"height:100px\" aria-hidden=\"true\" class=\"wp-block-spacer\"><\/div>\n\n\n\n<div class=\"wp-block-columns is-layout-flex wp-container-core-columns-is-layout-9d6595d7 wp-block-columns-is-layout-flex\">\n<div class=\"wp-block-column is-layout-flow wp-block-column-is-layout-flow\">\n<p>Outro ponto importante levantado no discurso de posse de Morize era a import\u00e2ncia de se divulgar a ci\u00eancia feita no Brasil e a rela\u00e7\u00e3o dessa ci\u00eancia com o desenvolvimento do pa\u00eds. \u201cO fim principal da Sociedade Brasileira de Ci\u00eancias consiste em espalhar essa no\u00e7\u00e3o da import\u00e2ncia da ci\u00eancia como fator de prosperidade nacional\u201d, proferiu, possivelmente inspirado pelo pensamento do fisiologista franc\u00eas Louis Couty (1854-1884), antigo professor da Polit\u00e9cnica e fervoroso defensor da divulga\u00e7\u00e3o cient\u00edfica no Brasil, para quem era de extrema import\u00e2ncia promover, na popula\u00e7\u00e3o brasileira, um \u201cestado de esp\u00edrito\u201d ou uma \u201ccorrente cient\u00edfica\u201d que valorizasse a busca do conhecimento pela investiga\u00e7\u00e3o.<\/p>\n\n\n\n<p>A gest\u00e3o de Morize foi marcada por uma atividade intensa nessa \u00e1rea. J\u00e1 em 1917 foi criada a Revista da Sociedade Brasileira de Sciencias, com o prop\u00f3sito de apresentar a ci\u00eancia como fator de prosperidade nacional. A publica\u00e7\u00e3o divulgava resultados de pesquisa dos membros da Sociedade e de pesquisadores externos, al\u00e9m da transcri\u00e7\u00e3o de confer\u00eancias e discursos e das atas das reuni\u00f5es da entidade. No mesmo ano, a Sociedade realizou sua primeira confer\u00eancia de divulga\u00e7\u00e3o cient\u00edfica, proferida pelo s\u00f3cio e professor M\u00e1rio Ramos. O encontro teve como tema &#8220;A radiotelegrafia ultrapotente e o desenvolvimento da ci\u00eancia el\u00e9trica&#8221; e lotou o audit\u00f3rio da Biblioteca Nacional, obtendo repercuss\u00e3o na imprensa da \u00e9poca, que se apressou em anunciar a realiza\u00e7\u00e3o de palestras futuras sobre biologia, f\u00edsica e astronomia.<\/p>\n\n\n\n<p>Tamb\u00e9m nessa fase inicial, a SBC recebeu seus primeiros visitantes ilustres, dos quais destaca-se o m\u00e9dico e psic\u00f3logo franc\u00eas George Dumas, da Universidade Sorbonne, que esteve no Brasil pela primeira vez em 1917 \u2013 retornaria em 1922, para presidir a instala\u00e7\u00e3o do Instituto Franco-Brasileiro de Alta Cultura, ligado \u00e0 Sociedade Brasileira de Ci\u00eancias. A promo\u00e7\u00e3o de palestras de cientistas estrangeiros para o p\u00fablico brasileiro era uma das prioridades da nova associa\u00e7\u00e3o em sua primeira d\u00e9cada de atividades.<\/p>\n<\/div>\n\n\n\n<div class=\"wp-block-column is-layout-flow wp-block-column-is-layout-flow\">\n<figure class=\"wp-block-image size-full\"><img loading=\"lazy\" decoding=\"async\" width=\"487\" height=\"848\" src=\"https:\/\/exposicoes.abc.org.br\/100anos\/wp-content\/uploads\/2025\/12\/cap01-09.png\" alt=\"\" class=\"wp-image-176\" srcset=\"https:\/\/exposicoes.abc.org.br\/100anos\/wp-content\/uploads\/2025\/12\/cap01-09.png 487w, https:\/\/exposicoes.abc.org.br\/100anos\/wp-content\/uploads\/2025\/12\/cap01-09-172x300.png 172w\" sizes=\"auto, (max-width: 487px) 100vw, 487px\" \/><figcaption class=\"wp-element-caption\">George Dumas (1866-1946) &#8211; dom\u00ednio p\u00fablico<\/figcaption><\/figure>\n<\/div>\n<\/div>\n\n\n\n<div style=\"height:100px\" aria-hidden=\"true\" class=\"wp-block-spacer\"><\/div>\n\n\n\n<figure class=\"wp-block-image size-full full\"><img loading=\"lazy\" decoding=\"async\" width=\"1366\" height=\"660\" src=\"https:\/\/exposicoes.abc.org.br\/100anos\/wp-content\/uploads\/2026\/01\/cap01-06.png\" alt=\"\" class=\"wp-image-119\" srcset=\"https:\/\/exposicoes.abc.org.br\/100anos\/wp-content\/uploads\/2026\/01\/cap01-06.png 1366w, https:\/\/exposicoes.abc.org.br\/100anos\/wp-content\/uploads\/2026\/01\/cap01-06-300x145.png 300w, https:\/\/exposicoes.abc.org.br\/100anos\/wp-content\/uploads\/2026\/01\/cap01-06-1024x495.png 1024w, https:\/\/exposicoes.abc.org.br\/100anos\/wp-content\/uploads\/2026\/01\/cap01-06-768x371.png 768w\" sizes=\"auto, (max-width: 1366px) 100vw, 1366px\" \/><figcaption class=\"wp-element-caption\">Foto da equipe que viajou a sobral (CE) para observa\u00e7\u00e3o do eclipse. contando da esquerda para a direita, Henrique Morize \u00e9 o quarto, de p\u00e9. (Acervo ABC)<\/figcaption><\/figure>\n\n\n\n<div class=\"wp-block-columns box is-layout-flex wp-container-core-columns-is-layout-9d6595d7 wp-block-columns-is-layout-flex\">\n<div class=\"wp-block-column is-layout-flow wp-block-column-is-layout-flow\">\n<figure class=\"wp-block-image size-full\"><img loading=\"lazy\" decoding=\"async\" width=\"548\" height=\"638\" src=\"https:\/\/exposicoes.abc.org.br\/100anos\/wp-content\/uploads\/2026\/01\/cap01-07.png\" alt=\"\" class=\"wp-image-120\" srcset=\"https:\/\/exposicoes.abc.org.br\/100anos\/wp-content\/uploads\/2026\/01\/cap01-07.png 548w, https:\/\/exposicoes.abc.org.br\/100anos\/wp-content\/uploads\/2026\/01\/cap01-07-258x300.png 258w\" sizes=\"auto, (max-width: 548px) 100vw, 548px\" \/><figcaption class=\"wp-element-caption\">A observa\u00e7\u00e3o do eclipse pelos cientistas permitiu a comprova\u00e7\u00e3o da teoria da relatividade de Albert Einstein. &#8211; f. w. dyson, a. s. eddington, c. davidson.<\/figcaption><\/figure>\n<\/div>\n\n\n\n<div class=\"wp-block-column is-layout-flow wp-block-column-is-layout-flow\">\n<h2 class=\"wp-block-heading\">Sobral no mapa da f\u00edsica<\/h2>\n\n\n\n<p>A Teoria da Relatividade do f\u00edsico alem\u00e3o Albert Einstein \u00e9 uma das ideias cient\u00edficas mais famosas de todos os tempos. Mas talvez n\u00e3o seja t\u00e3o famoso o fato de que ela foi comprovada por meio de observa\u00e7\u00f5es de um eclipse solar no Brasil, em 1919. O evento movimentou a pequena cidade de Sobral, no Cear\u00e1, que recebeu uma comitiva de cientistas brasileiros e estrangeiros. No mesmo dia, outra expedi\u00e7\u00e3o cient\u00edfica foi agendada para a ilha de Pr\u00edncipe, na \u00c1frica.<\/p>\n\n\n\n<p>O objetivo era confirmar a deflex\u00e3o da luz, um fen\u00f4meno previsto por Einstein segundo o qual um feixe de luz emitido por uma estrela deveria ter sua trajet\u00f3ria desviada ao passar perto de um forte campo gravitacional \u2013 no caso, o do Sol. O desvio faria com que a estrela fosse observada em uma posi\u00e7\u00e3o ligeiramente diferente e, durante o eclipse, os cientistas fizeram fotografias que comprovaram o fen\u00f4meno.<\/p>\n\n\n\n<p>Al\u00e9m de participar da organiza\u00e7\u00e3o das observa\u00e7\u00f5es do eclipse, Henrique Morize chefiou, no momento do fen\u00f4meno, a realiza\u00e7\u00e3o de medidas da coroa solar (atmosfera do Sol) com a ajuda de um espectr\u00f3grafo \u2013 instrumento que registra as diferentes cores emitidas pela luz de um objeto astron\u00f4mico.&nbsp;<\/p>\n<\/div>\n<\/div>\n\n\n\n<div style=\"height:100px\" aria-hidden=\"true\" class=\"wp-block-spacer\"><\/div>\n\n\n\n<div class=\"wp-block-columns is-layout-flex wp-container-core-columns-is-layout-9d6595d7 wp-block-columns-is-layout-flex\">\n<div class=\"wp-block-column is-layout-flow wp-block-column-is-layout-flow\">\n<p>Por meio de seus s\u00f3cios, a rec\u00e9m-criada SBC tamb\u00e9m tomou parte nos principais acontecimentos cient\u00edficos da \u00e9poca. Por exemplo, em 1919, Henrique Morize, presidente da Sociedade e diretor do Observat\u00f3rio Nacional, ajudou a escolher o melhor lugar para a observa\u00e7\u00e3o de um eclipse solar que permitiu a confirma\u00e7\u00e3o do fen\u00f4meno da deflex\u00e3o da luz e, consequentemente, a comprova\u00e7\u00e3o da Teoria da Relatividade de Albert Einstein (veja o quadro \u201cSobral no mapa da f\u00edsica\u201d).&nbsp;<br><br>No ano seguinte, o s\u00f3cio Roberto Marinho de Azevedo publicou, na ent\u00e3o Revista de Ci\u00eancias (antiga Revista da Sociedade Brasileira de Sciencias), o artigo \u201cO princ\u00edpio da relatividade\u201d \u2013 o primeiro no pa\u00eds destinado a divulgar a teoria de Einstein.<br><br>A intensa atividade e o grande engajamento dos cientistas nos primeiros anos da SBC refor\u00e7am a ideia de que a nova associa\u00e7\u00e3o viera para preencher uma lacuna na vida cultural da ent\u00e3o capital federal. \u201cNuma capital rica e pr\u00f3spera como a cidade do Rio de Janeiro, era indispens\u00e1vel que se fundasse um gr\u00eamio, onde aqueles que estudam as quest\u00f5es da ci\u00eancia pura pudessem encontrar fraternal agasalho\u201d, disse Morize em seu discurso por ocasi\u00e3o do primeiro anivers\u00e1rio da Sociedade Brasileira de Ci\u00eancias, em 1917. A rela\u00e7\u00e3o estreita da SBC com a cidade se refletia em seus estatutos \u2013 curiosamente, eles especificavam que, no caso de dissolu\u00e7\u00e3o da entidade, seus bens deveriam ser doados \u00e0 municipalidade.<\/p>\n<\/div>\n\n\n\n<div class=\"wp-block-column is-layout-flow wp-block-column-is-layout-flow\">\n<figure class=\"wp-block-image size-full\"><img loading=\"lazy\" decoding=\"async\" width=\"548\" height=\"597\" src=\"https:\/\/exposicoes.abc.org.br\/100anos\/wp-content\/uploads\/2026\/01\/cap01-08.png\" alt=\"\" class=\"wp-image-121\" srcset=\"https:\/\/exposicoes.abc.org.br\/100anos\/wp-content\/uploads\/2026\/01\/cap01-08.png 548w, https:\/\/exposicoes.abc.org.br\/100anos\/wp-content\/uploads\/2026\/01\/cap01-08-275x300.png 275w\" sizes=\"auto, (max-width: 548px) 100vw, 548px\" \/><figcaption class=\"wp-element-caption\">Capa da revista de sciencias, que traz o artigo de Roberto Marinho sobre a relatividade, al\u00e9m de artigos de Amoroso Costa e Henrique Morize. &#8211; Acervo ABC.<\/figcaption><\/figure>\n<\/div>\n<\/div>\n\n\n\n<div style=\"height:100px\" aria-hidden=\"true\" class=\"wp-block-spacer\"><\/div>\n\n\n\n<hr class=\"wp-block-separator has-alpha-channel-opacity\"\/>\n\n\n\n<div style=\"height:100px\" aria-hidden=\"true\" class=\"wp-block-spacer\"><\/div>\n\n\n\n<p>Vista com entusiasmo por seu primeiro quadro de associados, a institui\u00e7\u00e3o mudou de nome em 1921, quando passou a se chamar Academia Brasileira de Ci\u00eancias (ABC), como \u00e9 conhecida at\u00e9 hoje. A altera\u00e7\u00e3o, sugerida pelo s\u00f3cio J\u00falio Afr\u00e2nio Peixoto e aprovada por mais de dois ter\u00e7os de seus colegas, buscava adequar a institui\u00e7\u00e3o brasileira ao padr\u00e3o de outras associa\u00e7\u00f5es cient\u00edficas importantes no cen\u00e1rio internacional e enaltecer os nobres objetivos da institui\u00e7\u00e3o.<\/p>\n\n\n\n<div style=\"height:100px\" aria-hidden=\"true\" class=\"wp-block-spacer\"><\/div>\n","protected":false},"excerpt":{"rendered":"<p>Nasce a Sociedade Brasileira de Ci\u00eancias Uma ci\u00eancia t\u00edmida: talvez esta seja a melhor forma de qualificar a ci\u00eancia que existia no Brasil na virada do s\u00e9culo XIX para o s\u00e9culo XX. Apesar das v\u00e1rias institui\u00e7\u00f5es que j\u00e1 realizavam ou apoiavam pesquisas e das publica\u00e7\u00f5es que divulgavam seus resultados, o pa\u00eds ainda carecia de um&#8230;<\/p>\n","protected":false},"author":1,"featured_media":626,"comment_status":"open","ping_status":"open","sticky":false,"template":"","format":"standard","meta":{"_acf_changed":false,"footnotes":""},"tags":[],"periodo":[7],"class_list":["post-35","post","type-post","status-publish","format-standard","has-post-thumbnail","hentry","periodo-1916-1921"],"acf":[],"yoast_head":"<!-- This site is optimized with the Yoast SEO plugin v26.8 - https:\/\/yoast.com\/product\/yoast-seo-wordpress\/ -->\n<title>Nasce a Sociedade Brasileira de Ci\u00eancias | Cem Anos de Ci\u00eancia<\/title>\n<meta name=\"robots\" content=\"index, follow, max-snippet:-1, max-image-preview:large, max-video-preview:-1\" \/>\n<link rel=\"canonical\" href=\"https:\/\/exposicoes.abc.org.br\/100anos\/nasce-a-sociedade-brasileira-de-ciencias\/\" \/>\n<meta property=\"og:locale\" content=\"pt_BR\" \/>\n<meta property=\"og:type\" content=\"article\" \/>\n<meta property=\"og:title\" content=\"Nasce a Sociedade Brasileira de Ci\u00eancias | Cem Anos de Ci\u00eancia\" \/>\n<meta property=\"og:description\" content=\"Nasce a Sociedade Brasileira de Ci\u00eancias Uma ci\u00eancia t\u00edmida: talvez esta seja a melhor forma de qualificar a ci\u00eancia que existia no Brasil na virada do s\u00e9culo XIX para o s\u00e9culo XX. Apesar das v\u00e1rias institui\u00e7\u00f5es que j\u00e1 realizavam ou apoiavam pesquisas e das publica\u00e7\u00f5es que divulgavam seus resultados, o pa\u00eds ainda carecia de um...\" \/>\n<meta property=\"og:url\" content=\"https:\/\/exposicoes.abc.org.br\/100anos\/nasce-a-sociedade-brasileira-de-ciencias\/\" \/>\n<meta property=\"og:site_name\" content=\"Cem Anos de Ci\u00eancia\" \/>\n<meta property=\"article:published_time\" content=\"2025-12-22T22:12:35+00:00\" \/>\n<meta property=\"article:modified_time\" content=\"2026-03-03T18:33:03+00:00\" \/>\n<meta property=\"og:image\" content=\"https:\/\/exposicoes.abc.org.br\/100anos\/wp-content\/uploads\/2025\/12\/image-1-2.png\" \/>\n\t<meta property=\"og:image:width\" content=\"392\" \/>\n\t<meta property=\"og:image:height\" content=\"234\" \/>\n\t<meta property=\"og:image:type\" content=\"image\/png\" \/>\n<meta name=\"author\" content=\"sintropika\" \/>\n<meta name=\"twitter:card\" content=\"summary_large_image\" \/>\n<meta name=\"twitter:label1\" content=\"Escrito por\" \/>\n\t<meta name=\"twitter:data1\" content=\"sintropika\" \/>\n\t<meta name=\"twitter:label2\" content=\"Est. tempo de leitura\" \/>\n\t<meta name=\"twitter:data2\" content=\"14 minutos\" \/>\n<script type=\"application\/ld+json\" class=\"yoast-schema-graph\">{\"@context\":\"https:\/\/schema.org\",\"@graph\":[{\"@type\":\"Article\",\"@id\":\"https:\/\/exposicoes.abc.org.br\/100anos\/nasce-a-sociedade-brasileira-de-ciencias\/#article\",\"isPartOf\":{\"@id\":\"https:\/\/exposicoes.abc.org.br\/100anos\/nasce-a-sociedade-brasileira-de-ciencias\/\"},\"author\":{\"name\":\"sintropika\",\"@id\":\"https:\/\/exposicoes.abc.org.br\/100anos\/#\/schema\/person\/3debaa657d0a9cab82d3e55ac7c1988d\"},\"headline\":\"Nasce a Sociedade Brasileira de Ci\u00eancias\",\"datePublished\":\"2025-12-22T22:12:35+00:00\",\"dateModified\":\"2026-03-03T18:33:03+00:00\",\"mainEntityOfPage\":{\"@id\":\"https:\/\/exposicoes.abc.org.br\/100anos\/nasce-a-sociedade-brasileira-de-ciencias\/\"},\"wordCount\":2435,\"commentCount\":0,\"publisher\":{\"@id\":\"https:\/\/exposicoes.abc.org.br\/100anos\/#organization\"},\"image\":{\"@id\":\"https:\/\/exposicoes.abc.org.br\/100anos\/nasce-a-sociedade-brasileira-de-ciencias\/#primaryimage\"},\"thumbnailUrl\":\"https:\/\/exposicoes.abc.org.br\/100anos\/wp-content\/uploads\/2025\/12\/image-1-2.png\",\"inLanguage\":\"pt-BR\",\"potentialAction\":[{\"@type\":\"CommentAction\",\"name\":\"Comment\",\"target\":[\"https:\/\/exposicoes.abc.org.br\/100anos\/nasce-a-sociedade-brasileira-de-ciencias\/#respond\"]}]},{\"@type\":\"WebPage\",\"@id\":\"https:\/\/exposicoes.abc.org.br\/100anos\/nasce-a-sociedade-brasileira-de-ciencias\/\",\"url\":\"https:\/\/exposicoes.abc.org.br\/100anos\/nasce-a-sociedade-brasileira-de-ciencias\/\",\"name\":\"Nasce a Sociedade Brasileira de Ci\u00eancias | Cem Anos de Ci\u00eancia\",\"isPartOf\":{\"@id\":\"https:\/\/exposicoes.abc.org.br\/100anos\/#website\"},\"primaryImageOfPage\":{\"@id\":\"https:\/\/exposicoes.abc.org.br\/100anos\/nasce-a-sociedade-brasileira-de-ciencias\/#primaryimage\"},\"image\":{\"@id\":\"https:\/\/exposicoes.abc.org.br\/100anos\/nasce-a-sociedade-brasileira-de-ciencias\/#primaryimage\"},\"thumbnailUrl\":\"https:\/\/exposicoes.abc.org.br\/100anos\/wp-content\/uploads\/2025\/12\/image-1-2.png\",\"datePublished\":\"2025-12-22T22:12:35+00:00\",\"dateModified\":\"2026-03-03T18:33:03+00:00\",\"breadcrumb\":{\"@id\":\"https:\/\/exposicoes.abc.org.br\/100anos\/nasce-a-sociedade-brasileira-de-ciencias\/#breadcrumb\"},\"inLanguage\":\"pt-BR\",\"potentialAction\":[{\"@type\":\"ReadAction\",\"target\":[\"https:\/\/exposicoes.abc.org.br\/100anos\/nasce-a-sociedade-brasileira-de-ciencias\/\"]}]},{\"@type\":\"ImageObject\",\"inLanguage\":\"pt-BR\",\"@id\":\"https:\/\/exposicoes.abc.org.br\/100anos\/nasce-a-sociedade-brasileira-de-ciencias\/#primaryimage\",\"url\":\"https:\/\/exposicoes.abc.org.br\/100anos\/wp-content\/uploads\/2025\/12\/image-1-2.png\",\"contentUrl\":\"https:\/\/exposicoes.abc.org.br\/100anos\/wp-content\/uploads\/2025\/12\/image-1-2.png\",\"width\":392,\"height\":234},{\"@type\":\"BreadcrumbList\",\"@id\":\"https:\/\/exposicoes.abc.org.br\/100anos\/nasce-a-sociedade-brasileira-de-ciencias\/#breadcrumb\",\"itemListElement\":[{\"@type\":\"ListItem\",\"position\":1,\"name\":\"In\u00edcio\",\"item\":\"https:\/\/exposicoes.abc.org.br\/100anos\/\"},{\"@type\":\"ListItem\",\"position\":2,\"name\":\"Nasce a Sociedade Brasileira de Ci\u00eancias\"}]},{\"@type\":\"WebSite\",\"@id\":\"https:\/\/exposicoes.abc.org.br\/100anos\/#website\",\"url\":\"https:\/\/exposicoes.abc.org.br\/100anos\/\",\"name\":\"Cem Anos de Ci\u00eancia\",\"description\":\"\",\"publisher\":{\"@id\":\"https:\/\/exposicoes.abc.org.br\/100anos\/#organization\"},\"potentialAction\":[{\"@type\":\"SearchAction\",\"target\":{\"@type\":\"EntryPoint\",\"urlTemplate\":\"https:\/\/exposicoes.abc.org.br\/100anos\/?s={search_term_string}\"},\"query-input\":{\"@type\":\"PropertyValueSpecification\",\"valueRequired\":true,\"valueName\":\"search_term_string\"}}],\"inLanguage\":\"pt-BR\"},{\"@type\":\"Organization\",\"@id\":\"https:\/\/exposicoes.abc.org.br\/100anos\/#organization\",\"name\":\"Academia Brasileira de Ci\u00eancias\",\"url\":\"https:\/\/exposicoes.abc.org.br\/100anos\/\",\"logo\":{\"@type\":\"ImageObject\",\"inLanguage\":\"pt-BR\",\"@id\":\"https:\/\/exposicoes.abc.org.br\/100anos\/#\/schema\/logo\/image\/\",\"url\":\"https:\/\/exposicoes.abc.org.br\/100anos\/wp-content\/uploads\/2025\/12\/logo-100-abc.png\",\"contentUrl\":\"https:\/\/exposicoes.abc.org.br\/100anos\/wp-content\/uploads\/2025\/12\/logo-100-abc.png\",\"width\":511,\"height\":116,\"caption\":\"Academia Brasileira de Ci\u00eancias\"},\"image\":{\"@id\":\"https:\/\/exposicoes.abc.org.br\/100anos\/#\/schema\/logo\/image\/\"}},{\"@type\":\"Person\",\"@id\":\"https:\/\/exposicoes.abc.org.br\/100anos\/#\/schema\/person\/3debaa657d0a9cab82d3e55ac7c1988d\",\"name\":\"sintropika\",\"image\":{\"@type\":\"ImageObject\",\"inLanguage\":\"pt-BR\",\"@id\":\"https:\/\/exposicoes.abc.org.br\/100anos\/#\/schema\/person\/image\/\",\"url\":\"https:\/\/secure.gravatar.com\/avatar\/35d24915ddd39821c2eae3dc979a4439be79c1ab39a90d812d7f46a7cf0a717e?s=96&d=mm&r=g\",\"contentUrl\":\"https:\/\/secure.gravatar.com\/avatar\/35d24915ddd39821c2eae3dc979a4439be79c1ab39a90d812d7f46a7cf0a717e?s=96&d=mm&r=g\",\"caption\":\"sintropika\"},\"sameAs\":[\"https:\/\/exposicoes.abc.org.br\/100anos\"]}]}<\/script>\n<!-- \/ Yoast SEO plugin. -->","yoast_head_json":{"title":"Nasce a Sociedade Brasileira de Ci\u00eancias | Cem Anos de Ci\u00eancia","robots":{"index":"index","follow":"follow","max-snippet":"max-snippet:-1","max-image-preview":"max-image-preview:large","max-video-preview":"max-video-preview:-1"},"canonical":"https:\/\/exposicoes.abc.org.br\/100anos\/nasce-a-sociedade-brasileira-de-ciencias\/","og_locale":"pt_BR","og_type":"article","og_title":"Nasce a Sociedade Brasileira de Ci\u00eancias | Cem Anos de Ci\u00eancia","og_description":"Nasce a Sociedade Brasileira de Ci\u00eancias Uma ci\u00eancia t\u00edmida: talvez esta seja a melhor forma de qualificar a ci\u00eancia que existia no Brasil na virada do s\u00e9culo XIX para o s\u00e9culo XX. Apesar das v\u00e1rias institui\u00e7\u00f5es que j\u00e1 realizavam ou apoiavam pesquisas e das publica\u00e7\u00f5es que divulgavam seus resultados, o pa\u00eds ainda carecia de um...","og_url":"https:\/\/exposicoes.abc.org.br\/100anos\/nasce-a-sociedade-brasileira-de-ciencias\/","og_site_name":"Cem Anos de Ci\u00eancia","article_published_time":"2025-12-22T22:12:35+00:00","article_modified_time":"2026-03-03T18:33:03+00:00","og_image":[{"width":392,"height":234,"url":"https:\/\/exposicoes.abc.org.br\/100anos\/wp-content\/uploads\/2025\/12\/image-1-2.png","type":"image\/png"}],"author":"sintropika","twitter_card":"summary_large_image","twitter_misc":{"Escrito por":"sintropika","Est. tempo de leitura":"14 minutos"},"schema":{"@context":"https:\/\/schema.org","@graph":[{"@type":"Article","@id":"https:\/\/exposicoes.abc.org.br\/100anos\/nasce-a-sociedade-brasileira-de-ciencias\/#article","isPartOf":{"@id":"https:\/\/exposicoes.abc.org.br\/100anos\/nasce-a-sociedade-brasileira-de-ciencias\/"},"author":{"name":"sintropika","@id":"https:\/\/exposicoes.abc.org.br\/100anos\/#\/schema\/person\/3debaa657d0a9cab82d3e55ac7c1988d"},"headline":"Nasce a Sociedade Brasileira de Ci\u00eancias","datePublished":"2025-12-22T22:12:35+00:00","dateModified":"2026-03-03T18:33:03+00:00","mainEntityOfPage":{"@id":"https:\/\/exposicoes.abc.org.br\/100anos\/nasce-a-sociedade-brasileira-de-ciencias\/"},"wordCount":2435,"commentCount":0,"publisher":{"@id":"https:\/\/exposicoes.abc.org.br\/100anos\/#organization"},"image":{"@id":"https:\/\/exposicoes.abc.org.br\/100anos\/nasce-a-sociedade-brasileira-de-ciencias\/#primaryimage"},"thumbnailUrl":"https:\/\/exposicoes.abc.org.br\/100anos\/wp-content\/uploads\/2025\/12\/image-1-2.png","inLanguage":"pt-BR","potentialAction":[{"@type":"CommentAction","name":"Comment","target":["https:\/\/exposicoes.abc.org.br\/100anos\/nasce-a-sociedade-brasileira-de-ciencias\/#respond"]}]},{"@type":"WebPage","@id":"https:\/\/exposicoes.abc.org.br\/100anos\/nasce-a-sociedade-brasileira-de-ciencias\/","url":"https:\/\/exposicoes.abc.org.br\/100anos\/nasce-a-sociedade-brasileira-de-ciencias\/","name":"Nasce a Sociedade Brasileira de Ci\u00eancias | Cem Anos de Ci\u00eancia","isPartOf":{"@id":"https:\/\/exposicoes.abc.org.br\/100anos\/#website"},"primaryImageOfPage":{"@id":"https:\/\/exposicoes.abc.org.br\/100anos\/nasce-a-sociedade-brasileira-de-ciencias\/#primaryimage"},"image":{"@id":"https:\/\/exposicoes.abc.org.br\/100anos\/nasce-a-sociedade-brasileira-de-ciencias\/#primaryimage"},"thumbnailUrl":"https:\/\/exposicoes.abc.org.br\/100anos\/wp-content\/uploads\/2025\/12\/image-1-2.png","datePublished":"2025-12-22T22:12:35+00:00","dateModified":"2026-03-03T18:33:03+00:00","breadcrumb":{"@id":"https:\/\/exposicoes.abc.org.br\/100anos\/nasce-a-sociedade-brasileira-de-ciencias\/#breadcrumb"},"inLanguage":"pt-BR","potentialAction":[{"@type":"ReadAction","target":["https:\/\/exposicoes.abc.org.br\/100anos\/nasce-a-sociedade-brasileira-de-ciencias\/"]}]},{"@type":"ImageObject","inLanguage":"pt-BR","@id":"https:\/\/exposicoes.abc.org.br\/100anos\/nasce-a-sociedade-brasileira-de-ciencias\/#primaryimage","url":"https:\/\/exposicoes.abc.org.br\/100anos\/wp-content\/uploads\/2025\/12\/image-1-2.png","contentUrl":"https:\/\/exposicoes.abc.org.br\/100anos\/wp-content\/uploads\/2025\/12\/image-1-2.png","width":392,"height":234},{"@type":"BreadcrumbList","@id":"https:\/\/exposicoes.abc.org.br\/100anos\/nasce-a-sociedade-brasileira-de-ciencias\/#breadcrumb","itemListElement":[{"@type":"ListItem","position":1,"name":"In\u00edcio","item":"https:\/\/exposicoes.abc.org.br\/100anos\/"},{"@type":"ListItem","position":2,"name":"Nasce a Sociedade Brasileira de Ci\u00eancias"}]},{"@type":"WebSite","@id":"https:\/\/exposicoes.abc.org.br\/100anos\/#website","url":"https:\/\/exposicoes.abc.org.br\/100anos\/","name":"Cem Anos de Ci\u00eancia","description":"","publisher":{"@id":"https:\/\/exposicoes.abc.org.br\/100anos\/#organization"},"potentialAction":[{"@type":"SearchAction","target":{"@type":"EntryPoint","urlTemplate":"https:\/\/exposicoes.abc.org.br\/100anos\/?s={search_term_string}"},"query-input":{"@type":"PropertyValueSpecification","valueRequired":true,"valueName":"search_term_string"}}],"inLanguage":"pt-BR"},{"@type":"Organization","@id":"https:\/\/exposicoes.abc.org.br\/100anos\/#organization","name":"Academia Brasileira de Ci\u00eancias","url":"https:\/\/exposicoes.abc.org.br\/100anos\/","logo":{"@type":"ImageObject","inLanguage":"pt-BR","@id":"https:\/\/exposicoes.abc.org.br\/100anos\/#\/schema\/logo\/image\/","url":"https:\/\/exposicoes.abc.org.br\/100anos\/wp-content\/uploads\/2025\/12\/logo-100-abc.png","contentUrl":"https:\/\/exposicoes.abc.org.br\/100anos\/wp-content\/uploads\/2025\/12\/logo-100-abc.png","width":511,"height":116,"caption":"Academia Brasileira de Ci\u00eancias"},"image":{"@id":"https:\/\/exposicoes.abc.org.br\/100anos\/#\/schema\/logo\/image\/"}},{"@type":"Person","@id":"https:\/\/exposicoes.abc.org.br\/100anos\/#\/schema\/person\/3debaa657d0a9cab82d3e55ac7c1988d","name":"sintropika","image":{"@type":"ImageObject","inLanguage":"pt-BR","@id":"https:\/\/exposicoes.abc.org.br\/100anos\/#\/schema\/person\/image\/","url":"https:\/\/secure.gravatar.com\/avatar\/35d24915ddd39821c2eae3dc979a4439be79c1ab39a90d812d7f46a7cf0a717e?s=96&d=mm&r=g","contentUrl":"https:\/\/secure.gravatar.com\/avatar\/35d24915ddd39821c2eae3dc979a4439be79c1ab39a90d812d7f46a7cf0a717e?s=96&d=mm&r=g","caption":"sintropika"},"sameAs":["https:\/\/exposicoes.abc.org.br\/100anos"]}]}},"_links":{"self":[{"href":"https:\/\/exposicoes.abc.org.br\/100anos\/wp-json\/wp\/v2\/posts\/35","targetHints":{"allow":["GET"]}}],"collection":[{"href":"https:\/\/exposicoes.abc.org.br\/100anos\/wp-json\/wp\/v2\/posts"}],"about":[{"href":"https:\/\/exposicoes.abc.org.br\/100anos\/wp-json\/wp\/v2\/types\/post"}],"author":[{"embeddable":true,"href":"https:\/\/exposicoes.abc.org.br\/100anos\/wp-json\/wp\/v2\/users\/1"}],"replies":[{"embeddable":true,"href":"https:\/\/exposicoes.abc.org.br\/100anos\/wp-json\/wp\/v2\/comments?post=35"}],"version-history":[{"count":30,"href":"https:\/\/exposicoes.abc.org.br\/100anos\/wp-json\/wp\/v2\/posts\/35\/revisions"}],"predecessor-version":[{"id":906,"href":"https:\/\/exposicoes.abc.org.br\/100anos\/wp-json\/wp\/v2\/posts\/35\/revisions\/906"}],"wp:featuredmedia":[{"embeddable":true,"href":"https:\/\/exposicoes.abc.org.br\/100anos\/wp-json\/wp\/v2\/media\/626"}],"wp:attachment":[{"href":"https:\/\/exposicoes.abc.org.br\/100anos\/wp-json\/wp\/v2\/media?parent=35"}],"wp:term":[{"taxonomy":"post_tag","embeddable":true,"href":"https:\/\/exposicoes.abc.org.br\/100anos\/wp-json\/wp\/v2\/tags?post=35"},{"taxonomy":"periodo","embeddable":true,"href":"https:\/\/exposicoes.abc.org.br\/100anos\/wp-json\/wp\/v2\/periodo?post=35"}],"curies":[{"name":"wp","href":"https:\/\/api.w.org\/{rel}","templated":true}]}}