{"id":33,"date":"2025-12-22T19:12:22","date_gmt":"2025-12-22T22:12:22","guid":{"rendered":"https:\/\/exposicoes.abc.org.br\/100anos\/?p=33"},"modified":"2026-01-28T17:39:37","modified_gmt":"2026-01-28T20:39:37","slug":"expansao-consolidacao-dificuldades-e-tragedia","status":"publish","type":"post","link":"https:\/\/exposicoes.abc.org.br\/100anos\/expansao-consolidacao-dificuldades-e-tragedia\/","title":{"rendered":"Expans\u00e3o, consolida\u00e7\u00e3o dificuldades e trag\u00e9dia"},"content":{"rendered":"\n<div class=\"wp-block-columns is-layout-flex wp-container-core-columns-is-layout-9d6595d7 wp-block-columns-is-layout-flex\">\n<div class=\"wp-block-column is-layout-flow wp-block-column-is-layout-flow\">\n<h2 class=\"wp-block-heading\">Expans\u00e3o e consolida\u00e7\u00e3o<\/h2>\n\n\n\n<p>A en\u00e9rgica atua\u00e7\u00e3o e representatividade dos fundadores da Academia Brasileira de Ci\u00eancias garantiram a vitalidade e a consolida\u00e7\u00e3o da entidade na d\u00e9cada de 1920. Determinados a desenvolver a cultura cient\u00edfica no pa\u00eds, eles tomaram a frente de diversas iniciativas que marcaram a hist\u00f3ria da ci\u00eancia no Brasil.&nbsp;Um dos acontecimentos mais marcantes deste per\u00edodo, no qual os Acad\u00eamicos tiveram importante participa\u00e7\u00e3o, foram as comemora\u00e7\u00f5es do centen\u00e1rio da Independ\u00eancia do Brasil, em 1922. Na cidade do Rio de Janeiro, foi organizada uma grande exposi\u00e7\u00e3o universal, nos moldes daquelas que vinham sendo realizadas em diferentes pa\u00edses desde a segunda metade do s\u00e9culo XIX \u2013 e das quais o Brasil j\u00e1 participava desde a edi\u00e7\u00e3o londrina do evento, em 1862.<\/p>\n<\/div>\n\n\n\n<div class=\"wp-block-column is-layout-flow wp-block-column-is-layout-flow\">\n<figure class=\"wp-block-image size-full\"><img loading=\"lazy\" decoding=\"async\" width=\"548\" height=\"413\" src=\"https:\/\/exposicoes.abc.org.br\/100anos\/wp-content\/uploads\/2026\/01\/cap02-01.png\" alt=\"\" class=\"wp-image-122\" srcset=\"https:\/\/exposicoes.abc.org.br\/100anos\/wp-content\/uploads\/2026\/01\/cap02-01.png 548w, https:\/\/exposicoes.abc.org.br\/100anos\/wp-content\/uploads\/2026\/01\/cap02-01-300x226.png 300w\" sizes=\"auto, (max-width: 548px) 100vw, 548px\" \/><figcaption class=\"wp-element-caption\">Selo comemorativo dos correios para o centen\u00e1rio da independ\u00eancia do brasil. &#8211; Reprodu\u00e7\u00e3o.<\/figcaption><\/figure>\n<\/div>\n<\/div>\n\n\n\n<div style=\"height:100px\" aria-hidden=\"true\" class=\"wp-block-spacer\"><\/div>\n\n\n\n<figure class=\"wp-block-image size-large\"><img loading=\"lazy\" decoding=\"async\" width=\"1024\" height=\"495\" src=\"https:\/\/exposicoes.abc.org.br\/100anos\/wp-content\/uploads\/2026\/01\/cap02-09-1024x495.png\" alt=\"\" class=\"wp-image-129\" srcset=\"https:\/\/exposicoes.abc.org.br\/100anos\/wp-content\/uploads\/2026\/01\/cap02-09-1024x495.png 1024w, https:\/\/exposicoes.abc.org.br\/100anos\/wp-content\/uploads\/2026\/01\/cap02-09-300x145.png 300w, https:\/\/exposicoes.abc.org.br\/100anos\/wp-content\/uploads\/2026\/01\/cap02-09-768x371.png 768w, https:\/\/exposicoes.abc.org.br\/100anos\/wp-content\/uploads\/2026\/01\/cap02-09.png 1366w\" sizes=\"auto, (max-width: 1024px) 100vw, 1024px\" \/><figcaption class=\"wp-element-caption\">Pavilh\u00e3o da tchecoslov\u00e1quia no centen\u00e1rio da independ\u00eancia, doado a abc em 1924. atr\u00e1s, v\u00ea-se o morro do castelo. &#8211; museu da imagem e do som.<\/figcaption><\/figure>\n\n\n\n<div style=\"height:100px\" aria-hidden=\"true\" class=\"wp-block-spacer\"><\/div>\n\n\n\n<div class=\"wp-block-columns is-layout-flex wp-container-core-columns-is-layout-9d6595d7 wp-block-columns-is-layout-flex\">\n<div class=\"wp-block-column is-layout-flow wp-block-column-is-layout-flow\">\n<figure class=\"wp-block-image size-full\"><img loading=\"lazy\" decoding=\"async\" width=\"548\" height=\"558\" src=\"https:\/\/exposicoes.abc.org.br\/100anos\/wp-content\/uploads\/2026\/01\/cap02-02.png\" alt=\"\" class=\"wp-image-123\" srcset=\"https:\/\/exposicoes.abc.org.br\/100anos\/wp-content\/uploads\/2026\/01\/cap02-02.png 548w, https:\/\/exposicoes.abc.org.br\/100anos\/wp-content\/uploads\/2026\/01\/cap02-02-295x300.png 295w\" sizes=\"auto, (max-width: 548px) 100vw, 548px\" \/><figcaption class=\"wp-element-caption\">o matem\u00e1tico franc\u00eas \u00e9mile borel foi um dos participantes do ciclo de confer\u00eancias realizado pela abc na exposi\u00e7\u00e3o universal de 1922. &#8211; mondial photo-presse\/biblioth\u00e8que nationale de france<\/figcaption><\/figure>\n<\/div>\n\n\n\n<div class=\"wp-block-column is-layout-flow wp-block-column-is-layout-flow\">\n<p>A exposi\u00e7\u00e3o abria espa\u00e7o para a apresenta\u00e7\u00e3o de diferentes aspectos da cultura e da economia nacionais, incluindo as ci\u00eancias e as artes. Na ocasi\u00e3o, a ABC organizou uma mostra, intitulada \u201cOs 12 minerais descobertos por Jos\u00e9 Bonif\u00e1cio\u201d, que homenageava Jos\u00e9 Bonif\u00e1cio de Andrada e Silva (1763-1838), enviado pela coroa portuguesa a percorrer a Europa a fim de adquirir conhecimentos sobre mineralogia, filosofia e hist\u00f3ria natural \u2013 foi quando descobriu, na Su\u00e9cia, os 12 minerais exibidos na mostra. Paralelamente \u00e0 carreira cient\u00edfica, Jos\u00e9 Bonif\u00e1cio teve importante atua\u00e7\u00e3o pol\u00edtica no processo de independ\u00eancia do Brasil.<\/p>\n\n\n\n<p>Al\u00e9m da mostra sobre o trabalho do mineralogista, a ABC contribuiu para a exposi\u00e7\u00e3o universal com a organiza\u00e7\u00e3o de confer\u00eancias proferidas por cientistas, entre os quais se destaca o matem\u00e1tico franc\u00eas \u00c9mile Borel (1871-1956), da Universidade Sorbonne, que falou sobre \u201cA Teoria da Relatividade e a curvatura do universo\u201d. A Academia tomou parte, ainda, na cria\u00e7\u00e3o da primeira Sociedade Brasileira de Qu\u00edmica \u2013 extinta em 1951 \u2013, durante o Primeiro Congresso Brasileiro de Qu\u00edmica, que tamb\u00e9m fez parte das celebra\u00e7\u00f5es do centen\u00e1rio da Independ\u00eancia.<\/p>\n<\/div>\n<\/div>\n\n\n\n<div style=\"height:100px\" aria-hidden=\"true\" class=\"wp-block-spacer\"><\/div>\n\n\n\n<figure class=\"wp-block-image size-large\"><img loading=\"lazy\" decoding=\"async\" width=\"1024\" height=\"495\" src=\"https:\/\/exposicoes.abc.org.br\/100anos\/wp-content\/uploads\/2026\/01\/cap02-03-1024x495.png\" alt=\"\" class=\"wp-image-124\" srcset=\"https:\/\/exposicoes.abc.org.br\/100anos\/wp-content\/uploads\/2026\/01\/cap02-03-1024x495.png 1024w, https:\/\/exposicoes.abc.org.br\/100anos\/wp-content\/uploads\/2026\/01\/cap02-03-300x145.png 300w, https:\/\/exposicoes.abc.org.br\/100anos\/wp-content\/uploads\/2026\/01\/cap02-03-768x371.png 768w, https:\/\/exposicoes.abc.org.br\/100anos\/wp-content\/uploads\/2026\/01\/cap02-03.png 1366w\" sizes=\"auto, (max-width: 1024px) 100vw, 1024px\" \/><figcaption class=\"wp-element-caption\">diretores e s\u00f3cios da r\u00e1dio sociedade do rio de janeiro. sentados est\u00e3o carlos guinle, henrique morize e luiz betim paes leme. de p\u00e9, roquette-pinto \u00e9 o terceiro da esquerda para a direita. &#8211; acervo abc<\/figcaption><\/figure>\n\n\n\n<div style=\"height:100px\" aria-hidden=\"true\" class=\"wp-block-spacer\"><\/div>\n\n\n\n<div class=\"wp-block-columns is-layout-flex wp-container-core-columns-is-layout-9d6595d7 wp-block-columns-is-layout-flex\">\n<div class=\"wp-block-column is-layout-flow wp-block-column-is-layout-flow\">\n<h2 class=\"wp-block-heading\">Ci\u00eancia engajada<\/h2>\n\n\n\n<p>Desde o in\u00edcio, a Academia Brasileira de Ci\u00eancias esteve engajada com os problemas do pa\u00eds, se posicionando e participando de movimentos importantes em diferentes setores. Na d\u00e9cada de 1920, por exemplo, seus membros mobilizaram-se para defender a regulamenta\u00e7\u00e3o do tel\u00e9grafo sem fio, tecnologia que deu origem ao r\u00e1dio.<\/p>\n\n\n\n<p>Nesse contexto, a Academia publicou um manifesto que reivindicava a liberdade para aquisi\u00e7\u00e3o de aparelhos receptores de r\u00e1dio \u2013 na \u00e9poca, brasileiros que quisessem adquirir um r\u00e1dio enfrentavam grande burocracia e aqueles flagrados com o aparelho sem permiss\u00e3o poderiam ser presos. Os governantes viam os aparelhos com desconfian\u00e7a, pois tinham medo de que fossem usados para espalhar segredos militares.<\/p>\n<\/div>\n\n\n\n<div class=\"wp-block-column is-layout-flow wp-block-column-is-layout-flow\">\n<figure class=\"wp-block-image size-full\"><img loading=\"lazy\" decoding=\"async\" width=\"548\" height=\"549\" src=\"https:\/\/exposicoes.abc.org.br\/100anos\/wp-content\/uploads\/2026\/01\/cap02-04.png\" alt=\"\" class=\"wp-image-125\" srcset=\"https:\/\/exposicoes.abc.org.br\/100anos\/wp-content\/uploads\/2026\/01\/cap02-04.png 548w, https:\/\/exposicoes.abc.org.br\/100anos\/wp-content\/uploads\/2026\/01\/cap02-04-300x300.png 300w, https:\/\/exposicoes.abc.org.br\/100anos\/wp-content\/uploads\/2026\/01\/cap02-04-150x150.png 150w\" sizes=\"auto, (max-width: 548px) 100vw, 548px\" \/><figcaption class=\"wp-element-caption\">jos\u00e9 bonif\u00e1cio de andrada e silva (1763-1838) &#8211; s. a. sisson \/ dom\u00ednio p\u00fablico<br>os minerais descobertos por jos\u00e9 bonif\u00e1cio foram tema de exposi\u00e7\u00e3o promovida pela abc durante as comemora\u00e7\u00f5es do centen\u00e1rio da independ\u00eancia. &#8211; acervo abc<\/figcaption><\/figure>\n<\/div>\n<\/div>\n\n\n\n<div style=\"height:100px\" aria-hidden=\"true\" class=\"wp-block-spacer\"><\/div>\n\n\n\n<hr class=\"wp-block-separator has-alpha-channel-opacity\"\/>\n\n\n\n<div style=\"height:100px\" aria-hidden=\"true\" class=\"wp-block-spacer\"><\/div>\n\n\n\n<div class=\"wp-block-columns is-layout-flex wp-container-core-columns-is-layout-9d6595d7 wp-block-columns-is-layout-flex\">\n<div class=\"wp-block-column is-layout-flow wp-block-column-is-layout-flow\">\n<figure class=\"wp-block-image size-full\"><img loading=\"lazy\" decoding=\"async\" width=\"548\" height=\"548\" src=\"https:\/\/exposicoes.abc.org.br\/100anos\/wp-content\/uploads\/2026\/01\/cap02-05.png\" alt=\"\" class=\"wp-image-126\" srcset=\"https:\/\/exposicoes.abc.org.br\/100anos\/wp-content\/uploads\/2026\/01\/cap02-05.png 548w, https:\/\/exposicoes.abc.org.br\/100anos\/wp-content\/uploads\/2026\/01\/cap02-05-300x300.png 300w, https:\/\/exposicoes.abc.org.br\/100anos\/wp-content\/uploads\/2026\/01\/cap02-05-150x150.png 150w\" sizes=\"auto, (max-width: 548px) 100vw, 548px\" \/><figcaption class=\"wp-element-caption\">edgard roquette-pinto (1884-1954) &#8211; Acervo ABC<\/figcaption><\/figure>\n<\/div>\n\n\n\n<div class=\"wp-block-column is-layout-flow wp-block-column-is-layout-flow\">\n<p>Edgard Roquette-Pinto era um dos opositores mais contumazes dessa vis\u00e3o t\u00e3o negativa da radiodifus\u00e3o. Para ele, o r\u00e1dio era uma forma nova e promissora de entreter e educar a sociedade brasileira. &#8220;O r\u00e1dio \u00e9 a escola dos que n\u00e3o t\u00eam escola; \u00e9 o jornal de quem n\u00e3o sabe ler; \u00e9 o mestre de quem n\u00e3o pode ir \u00e0 escola; \u00e9 o divertimento gratuito do pobre; \u00e9 o animador de novas esperan\u00e7as, o consolador dos enfermos e o guia dos s\u00e3os \u2013 desde que o realizem com esp\u00edrito altru\u00edsta e elevado&#8221;, defendia.<\/p>\n\n\n\n<p>Sob sua lideran\u00e7a, membros da ABC criaram, em 1923, uma das primeiras r\u00e1dios brasileiras, a R\u00e1dio Sociedade, que era mantida pela contribui\u00e7\u00e3o de s\u00f3cios e funcionava na sede da Academia. A emissora trazia em sua programa\u00e7\u00e3o in\u00fameros cursos e confer\u00eancias de divulga\u00e7\u00e3o cient\u00edfica, al\u00e9m de m\u00fasica cl\u00e1ssica e notici\u00e1rios. Henrique Morize foi o primeiro presidente da R\u00e1dio Sociedade e Roquette-Pinto, o secret\u00e1rio (veja o quadro \u201cABC e a radiodifus\u00e3o no Brasil\u201d).<\/p>\n<\/div>\n<\/div>\n\n\n\n<div style=\"height:100px\" aria-hidden=\"true\" class=\"wp-block-spacer\"><\/div>\n\n\n\n<hr class=\"wp-block-separator has-alpha-channel-opacity\"\/>\n\n\n\n<div style=\"height:100px\" aria-hidden=\"true\" class=\"wp-block-spacer\"><\/div>\n\n\n\n<p>Al\u00e9m da populariza\u00e7\u00e3o do r\u00e1dio, outra frente em que a ABC atuou nesse per\u00edodo foi a de renova\u00e7\u00e3o da educa\u00e7\u00e3o superior. Em 1924, v\u00e1rios Acad\u00eamicos, sob a lideran\u00e7a de Everardo Backheuser, participaram da funda\u00e7\u00e3o da Sociedade Brasileira de Educa\u00e7\u00e3o, atual Associa\u00e7\u00e3o Brasileira de Educa\u00e7\u00e3o (ABE), com o objetivo de modernizar o ensino superior no pa\u00eds e promover a institucionaliza\u00e7\u00e3o da pesquisa cient\u00edfica nas universidades.<\/p>\n\n\n\n<p>&#8220;O problema da educa\u00e7\u00e3o nacional s\u00f3 estar\u00e1 a caminho de ser resolvido no dia em que possuirmos uma &#8216;elite&#8217; esclarecida e consciente, capaz de compreender sua import\u00e2ncia e de empreender sua solu\u00e7\u00e3o. Preparar uma &#8216;elite&#8217; \u00e9, pois, o primeiro passo a realizar&#8221;, dizia o Boletim da ABE em julho de 1927. Entre 1926 e 1929, a institui\u00e7\u00e3o realizou cerca de 50 eventos de divulga\u00e7\u00e3o cient\u00edfica por ano, incluindo cursos, palestras e confer\u00eancias. Entre os cursos oferecidos por membros da ABC destacam-se o de Manuel Amoroso Costa sobre matem\u00e1tica, o de Roquette-Pinto sobre antropologia e o de Tobias Moscoso sobre teorias de crescimento populacional.<\/p>\n\n\n\n<div style=\"height:100px\" aria-hidden=\"true\" class=\"wp-block-spacer\"><\/div>\n\n\n\n<blockquote class=\"wp-block-quote is-layout-flow wp-block-quote-is-layout-flow\">\n<p>\u201cO problema da educa\u00e7\u00e3o nacional s\u00f3 estar\u00e1 a caminho de ser resolvido no dia em que possuirmos uma &#8216;elite&#8217; esclarecida e consciente, capaz de compreender sua import\u00e2ncia e de empreender sua solu\u00e7\u00e3o. Preparar uma &#8216;elite&#8217; \u00e9, pois, o primeiro passo a realizar&#8221;\u201d&nbsp;<\/p>\n<cite>Boletim da ABE em julho de 1927<\/cite><\/blockquote>\n\n\n\n<figure class=\"wp-block-image size-full\"><img loading=\"lazy\" decoding=\"async\" width=\"1366\" height=\"660\" src=\"https:\/\/exposicoes.abc.org.br\/100anos\/wp-content\/uploads\/2025\/12\/cap02-06.png\" alt=\"\" class=\"wp-image-185\" srcset=\"https:\/\/exposicoes.abc.org.br\/100anos\/wp-content\/uploads\/2025\/12\/cap02-06.png 1366w, https:\/\/exposicoes.abc.org.br\/100anos\/wp-content\/uploads\/2025\/12\/cap02-06-300x145.png 300w, https:\/\/exposicoes.abc.org.br\/100anos\/wp-content\/uploads\/2025\/12\/cap02-06-1024x495.png 1024w, https:\/\/exposicoes.abc.org.br\/100anos\/wp-content\/uploads\/2025\/12\/cap02-06-768x371.png 768w\" sizes=\"auto, (max-width: 1366px) 100vw, 1366px\" \/><figcaption class=\"wp-element-caption\">A r\u00e1dio sociedade do rio de janeiro foi criada em 1923, com a colabora\u00e7\u00e3o de v\u00e1rios acad\u00eamicos. &#8211; reprodu\u00e7\u00e3o \/ fon fon (26\/05\/1923)<\/figcaption><\/figure>\n\n\n\n<div class=\"wp-block-columns box is-layout-flex wp-container-core-columns-is-layout-9d6595d7 wp-block-columns-is-layout-flex\">\n<div class=\"wp-block-column full is-layout-flow wp-block-column-is-layout-flow\">\n<h2 class=\"wp-block-heading\">ABC e a radiodifus\u00e3o no Brasil<\/h2>\n\n\n\n<p>A R\u00e1dio Sociedade foi criada em 20 de abril de 1923 por um grupo de cientistas e intelectuais do Rio de Janeiro, nos sal\u00f5es da ent\u00e3o jovem Academia Brasileira de Ci\u00eancias. O principal objetivo de seus fundadores era promover, por meio do r\u00e1dio, a educa\u00e7\u00e3o e a divulga\u00e7\u00e3o da ci\u00eancia e da cultura.<\/p>\n\n\n\n<p>O contexto da \u00e9poca era de grande otimismo em rela\u00e7\u00e3o ao potencial das novas tecnologias de comunica\u00e7\u00e3o para a democratiza\u00e7\u00e3o da informa\u00e7\u00e3o. Acreditava-se que o r\u00e1dio seria capaz de disseminar o conhecimento cient\u00edfico, de forma f\u00e1cil e \u00e1gil, para todo o Brasil.&nbsp;<\/p>\n\n\n\n<p>\u201cO r\u00e1dio representa o papel preponderante de guia diretor, de grande fundador de almas, porque espalha a cultura, as informa\u00e7\u00f5es, o ensino pr\u00e1tico elementar, o civismo, abre campo para o progresso preparando os tabar\u00e9us, despertando em cada qual o desejo de aprender. Muita gente acredita que o papel educacional do radiof\u00f4nico \u00e9 simplesmente um conceito po\u00e9tico, coisa desej\u00e1vel mas dif\u00edcil ou irrealiz\u00e1vel. Quem pensa desse modo n\u00e3o conhece o que se faz no Brasil\u201d, diz Roquette-Pinto.<\/p>\n\n\n\n<p>Os programas transmitidos pela r\u00e1dio inclu\u00edam, al\u00e9m de m\u00fasica e notici\u00e1rio, uma s\u00e9rie de cursos livres \u2013 como os de ingl\u00eas, franc\u00eas, hist\u00f3ria do Brasil, literatura portuguesa, literatura francesa, radiotelefonia e telegrafia \u2013 e dezenas de confer\u00eancias de divulga\u00e7\u00e3o cient\u00edfica sobre temas diversos, incluindo f\u00edsica, qu\u00edmica e sa\u00fade.<\/p>\n\n\n\n<p>A R\u00e1dio Sociedade encerrou suas atividades em 1936, quando foi doada para o governo com a condi\u00e7\u00e3o de que seus objetivos originais fossem mantidos. Passou a se chamar R\u00e1dio Minist\u00e9rio da Educa\u00e7\u00e3o, mais conhecida como R\u00e1dio MEC.&nbsp;<\/p>\n<\/div>\n<\/div>\n\n\n\n<div style=\"height:100px\" aria-hidden=\"true\" class=\"wp-block-spacer\"><\/div>\n\n\n\n<div class=\"wp-block-columns is-layout-flex wp-container-core-columns-is-layout-9d6595d7 wp-block-columns-is-layout-flex\">\n<div class=\"wp-block-column is-layout-flow wp-block-column-is-layout-flow\">\n<h2 class=\"wp-block-heading\">Visitas ilustres<\/h2>\n\n\n\n<p>Foi nesse mesmo per\u00edodo que a ABC recebeu alguns de seus visitantes mais famosos. Albert Einstein, que j\u00e1 era reconhecido mundialmente por sua Teoria da Relatividade e havia recebido, em 1921, o pr\u00eamio Nobel por seu trabalho sobre o efeito fotoel\u00e9trico, esteve na institui\u00e7\u00e3o em 1925, durante uma esp\u00e9cie de turn\u00ea pol\u00edtico-cient\u00edfica pela Am\u00e9rica do Sul \u2013 al\u00e9m do Brasil, visitou tamb\u00e9m Argentina e Uruguai, disseminando suas pesquisas e defendendo a paz mundial, com a ideia de que a ci\u00eancia poderia contribuir para a supera\u00e7\u00e3o das disc\u00f3rdias entre as na\u00e7\u00f5es.<\/p>\n<\/div>\n\n\n\n<div class=\"wp-block-column is-layout-flow wp-block-column-is-layout-flow\">\n<figure class=\"wp-block-image size-full\"><img loading=\"lazy\" decoding=\"async\" width=\"548\" height=\"401\" src=\"https:\/\/exposicoes.abc.org.br\/100anos\/wp-content\/uploads\/2026\/01\/cap02-07.png\" alt=\"\" class=\"wp-image-128\" srcset=\"https:\/\/exposicoes.abc.org.br\/100anos\/wp-content\/uploads\/2026\/01\/cap02-07.png 548w, https:\/\/exposicoes.abc.org.br\/100anos\/wp-content\/uploads\/2026\/01\/cap02-07-300x220.png 300w\" sizes=\"auto, (max-width: 548px) 100vw, 548px\" \/><figcaption class=\"wp-element-caption\">recep\u00e7\u00e3o a albert einstein na porta da antiga sede da academia brasileira de ci\u00eancias, em 7 de maio de 1925. &#8211; acervo abc.<\/figcaption><\/figure>\n<\/div>\n<\/div>\n\n\n\n<div style=\"height:100px\" aria-hidden=\"true\" class=\"wp-block-spacer\"><\/div>\n\n\n\n<hr class=\"wp-block-separator has-alpha-channel-opacity\"\/>\n\n\n\n<div style=\"height:100px\" aria-hidden=\"true\" class=\"wp-block-spacer\"><\/div>\n\n\n\n<p>Naquela \u00e9poca, n\u00e3o havia, no Brasil, institui\u00e7\u00f5es cient\u00edficas voltadas especificamente \u00e0 f\u00edsica e \u00e0 matem\u00e1tica. Por\u00e9m, alguns cientistas da Escola Polit\u00e9cnica e outras escolas de engenharia dedicavam-se a estudar essas \u00e1reas. No Rio de Janeiro, Einstein esteve no Pal\u00e1cio do Catete, no Museu Nacional, no Hospital dos Alienados, no Clube de Engenharia e no Observat\u00f3rio Nacional. Tamb\u00e9m fez um breve depoimento em alem\u00e3o na R\u00e1dio Sociedade.<\/p>\n\n\n\n<p>Mas seu compromisso cient\u00edfico mais relevante foi a palestra proferida na ABC, \u201cObserva\u00e7\u00f5es sobre a situa\u00e7\u00e3o atual da Teoria da Luz\u201d, na qual estiveram presentes mais de 100 representantes de v\u00e1rias institui\u00e7\u00f5es. Em sua confer\u00eancia, Einstein apresentou resultados de pesquisas que comparavam suas ideias sobre o f\u00f3ton \u00e0s teorias anteriores sobre a natureza ondulat\u00f3ria da luz. Na mesma ocasi\u00e3o, recebeu o diploma de membro correspondente da ABC, e a institui\u00e7\u00e3o estabeleceu o Pr\u00eamio Einstein, que seria oferecido anualmente.<\/p>\n\n\n\n<p>O manuscrito que baseou a fala de Einstein \u2013 traduzido do alem\u00e3o \u2013 foi publicado na primeira edi\u00e7\u00e3o da Revista da Academia Brasileira de Ci\u00eancias, no ano seguinte \u00e0 visita do f\u00edsico.&nbsp;<\/p>\n\n\n\n<p>A visita do f\u00edsico alem\u00e3o captou a aten\u00e7\u00e3o da imprensa. Muitos artigos \u2013 favor\u00e1veis e contr\u00e1rios \u00e0 Teoria da Relatividade \u2013 foram publicados nos jornais. O tema foi debatido em v\u00e1rias sess\u00f5es na ABC, culminando no artigo \u201cResposta a algumas obje\u00e7\u00f5es feitas entre n\u00f3s contra a Teoria da Relatividade\u201d, de Roberto Marinho de Azevedo.<\/p>\n\n\n\n<div style=\"height:100px\" aria-hidden=\"true\" class=\"wp-block-spacer\"><\/div>\n\n\n\n<figure class=\"wp-block-image size-large\"><img loading=\"lazy\" decoding=\"async\" width=\"1024\" height=\"495\" src=\"https:\/\/exposicoes.abc.org.br\/100anos\/wp-content\/uploads\/2025\/12\/cap02-08-1024x495.png\" alt=\"\" class=\"wp-image-173\" srcset=\"https:\/\/exposicoes.abc.org.br\/100anos\/wp-content\/uploads\/2025\/12\/cap02-08-1024x495.png 1024w, https:\/\/exposicoes.abc.org.br\/100anos\/wp-content\/uploads\/2025\/12\/cap02-08-300x145.png 300w, https:\/\/exposicoes.abc.org.br\/100anos\/wp-content\/uploads\/2025\/12\/cap02-08-768x371.png 768w, https:\/\/exposicoes.abc.org.br\/100anos\/wp-content\/uploads\/2025\/12\/cap02-08.png 1366w\" sizes=\"auto, (max-width: 1024px) 100vw, 1024px\" \/><figcaption class=\"wp-element-caption\">Einstein em visita ao instituto oswaldo cruz, acompanhado dos acad\u00eamicos carlos ribeiro justiniano chagas (o terceiro da esquerda para a direita) e roberto marinho de azevedo (o sexto). &#8211; Acervo<\/figcaption><\/figure>\n\n\n\n<div style=\"height:114px\" aria-hidden=\"true\" class=\"wp-block-spacer\"><\/div>\n\n\n\n<p>Um ano depois de Einstein, a cientista polonesa Marie Sklodowska Curie, ganhadora de dois pr\u00eamios Nobel \u2013 o de f\u00edsica em 1903 e o de qu\u00edmica em 1911 \u2013 foi recebida pela ABC no Anfiteatro de F\u00edsica da Escola Polit\u00e9cnica. Ela proferiu uma s\u00e9rie de palestras sobre radia\u00e7\u00e3o, incluindo temas como as constantes radioativas e a extra\u00e7\u00e3o de r\u00e1dio, pol\u00f4nio, ur\u00e2nio e outros metais radioativos de amostras de min\u00e9rio. As confer\u00eancias foram transmitidas pela R\u00e1dio Sociedade.<\/p>\n\n\n\n<p>Na cobertura de um desses eventos, a revista Electron descreve que Curie foi &#8220;calorosamente aplaudida&#8221; pela audi\u00eancia. A imprensa, de uma maneira geral, via com grande simpatia a cientista, anunciada em O Jornal como \u201ca mulher mais s\u00e1bia do mundo\u201d. Sua passagem pelo Brasil \u2013 al\u00e9m do Rio de Janeiro, Curie visitou S\u00e3o Paulo, Belo Horizonte e \u00c1guas de Lindoia \u2013 levantou ainda uma quest\u00e3o de g\u00eanero importante: a presen\u00e7a das mulheres na ci\u00eancia. Curie foi a primeira mulher aceita como membro correspondente da ABC.<\/p>\n\n\n\n<div style=\"height:100px\" aria-hidden=\"true\" class=\"wp-block-spacer\"><\/div>\n\n\n\n<hr class=\"wp-block-separator has-alpha-channel-opacity\"\/>\n\n\n\n<div style=\"height:100px\" aria-hidden=\"true\" class=\"wp-block-spacer\"><\/div>\n\n\n\n<div class=\"wp-block-columns is-layout-flex wp-container-core-columns-is-layout-9d6595d7 wp-block-columns-is-layout-flex\">\n<div class=\"wp-block-column is-layout-flow wp-block-column-is-layout-flow\">\n<p>Um ano depois de Einstein, a cientista polonesa Marie Sklodowska Curie, ganhadora de dois pr\u00eamios Nobel \u2013 o de f\u00edsica em 1903 e o de qu\u00edmica em 1911 \u2013 foi recebida pela ABC no Anfiteatro de F\u00edsica da Escola Polit\u00e9cnica. Ela proferiu uma s\u00e9rie de palestras sobre radia\u00e7\u00e3o, incluindo temas como as constantes radioativas e a extra\u00e7\u00e3o de r\u00e1dio, pol\u00f4nio, ur\u00e2nio e outros metais radioativos de amostras de min\u00e9rio. As confer\u00eancias foram transmitidas pela R\u00e1dio Sociedade.<\/p>\n\n\n\n<p>Na cobertura de um desses eventos, a revista Electron descreve que Curie foi &#8220;calorosamente aplaudida&#8221; pela audi\u00eancia. A imprensa, de uma maneira geral, via com grande simpatia a cientista, anunciada em O Jornal como \u201ca mulher mais s\u00e1bia do mundo\u201d. Sua passagem pelo Brasil \u2013 al\u00e9m do Rio de Janeiro, Curie visitou S\u00e3o Paulo, Belo Horizonte e \u00c1guas de Lindoia \u2013 levantou ainda uma quest\u00e3o de g\u00eanero importante: a presen\u00e7a das mulheres na ci\u00eancia. Curie foi a primeira mulher aceita como membro correspondente da ABC.<\/p>\n<\/div>\n\n\n\n<div class=\"wp-block-column is-layout-flow wp-block-column-is-layout-flow\">\n<figure class=\"wp-block-image size-full\"><img loading=\"lazy\" decoding=\"async\" width=\"548\" height=\"448\" src=\"https:\/\/exposicoes.abc.org.br\/100anos\/wp-content\/uploads\/2026\/01\/cap02-10.png\" alt=\"\" class=\"wp-image-130\" srcset=\"https:\/\/exposicoes.abc.org.br\/100anos\/wp-content\/uploads\/2026\/01\/cap02-10.png 548w, https:\/\/exposicoes.abc.org.br\/100anos\/wp-content\/uploads\/2026\/01\/cap02-10-300x245.png 300w\" sizes=\"auto, (max-width: 548px) 100vw, 548px\" \/><figcaption class=\"wp-element-caption\"><em>Marie Curie e sua filha diante do P\u00e3o de A\u00e7\u00facar, em companhia dos drs. Augusto Ramos e Miranda Jord\u00e3o, da Cia. Caminho A\u00e9reo, e da Comiss\u00e3o de senhoras da<\/em> <em>Federa\u00e7\u00e3o Brasileira pelo Progresso Feminino<\/em><\/figcaption><\/figure>\n<\/div>\n<\/div>\n\n\n\n<div style=\"height:100px\" aria-hidden=\"true\" class=\"wp-block-spacer\"><\/div>\n\n\n\n<hr class=\"wp-block-separator has-alpha-channel-opacity\"\/>\n\n\n\n<div style=\"height:100px\" aria-hidden=\"true\" class=\"wp-block-spacer\"><\/div>\n\n\n\n<div class=\"wp-block-columns is-layout-flex wp-container-core-columns-is-layout-9d6595d7 wp-block-columns-is-layout-flex\">\n<div class=\"wp-block-column is-layout-flow wp-block-column-is-layout-flow\">\n<figure class=\"wp-block-image size-full\"><img loading=\"lazy\" decoding=\"async\" width=\"548\" height=\"548\" src=\"https:\/\/exposicoes.abc.org.br\/100anos\/wp-content\/uploads\/2026\/01\/cap02-11.png\" alt=\"\" class=\"wp-image-131\" srcset=\"https:\/\/exposicoes.abc.org.br\/100anos\/wp-content\/uploads\/2026\/01\/cap02-11.png 548w, https:\/\/exposicoes.abc.org.br\/100anos\/wp-content\/uploads\/2026\/01\/cap02-11-300x300.png 300w, https:\/\/exposicoes.abc.org.br\/100anos\/wp-content\/uploads\/2026\/01\/cap02-11-150x150.png 150w\" sizes=\"auto, (max-width: 548px) 100vw, 548px\" \/><figcaption class=\"wp-element-caption\">Marie Curie (1867-1934) &#8211; wikimedia commons.<br>Cobertura da revista electron (ano 1, n\u00famero 16, setembro de 1926) sobre a visita de marie curie \u00e0 abc. &#8211; Reprodu\u00e7\u00e3o.<\/figcaption><\/figure>\n<\/div>\n\n\n\n<div class=\"wp-block-column is-layout-flow wp-block-column-is-layout-flow\">\n<p>As visitas de Einstein e Curie s\u00e3o apenas a face mais famosa daquilo que seria uma das principais atividades da Academia em seu per\u00edodo de consolida\u00e7\u00e3o. A presen\u00e7a de grandes nomes da ci\u00eancia internacional dava credibilidade \u00e0 institui\u00e7\u00e3o e refor\u00e7ava seu papel de promotora da ci\u00eancia no Brasil. Ao longo de toda a d\u00e9cada de 1920, a ABC recebeu numerosos cientistas estrangeiros, como o f\u00edsico Waclaw Radecki (Universidade de Vars\u00f3via, Pol\u00f4nia), o engenheiro Fernando de Almeida Vasconcelos (Universidade de Lisboa, Portugal), o f\u00edsico Henri Abraham (Escola Normal Superior, Fran\u00e7a), o bi\u00f3logo Henri Pi\u00e8ron (Instituto Franco-Brasileiro de Alta Cultura, Fran\u00e7a), entre outros. A maioria dos visitantes foi empossada como membros correspondentes.<\/p>\n\n\n\n<p>T\u00e3o importante quanto representar a ci\u00eancia internacional no Brasil era tornar a comunidade cient\u00edfica brasileira conhecida no exterior: em junho de 1926, a ABC participou pela primeira vez de uma inst\u00e2ncia internacional oficial, com Henrique Morize representando o Brasil no Conselho Internacional de Pesquisas em Bruxelas, na B\u00e9lgica.<\/p>\n<\/div>\n<\/div>\n\n\n\n<div style=\"height:100px\" aria-hidden=\"true\" class=\"wp-block-spacer\"><\/div>\n\n\n\n<figure class=\"wp-block-image size-large\"><img loading=\"lazy\" decoding=\"async\" width=\"1024\" height=\"495\" src=\"https:\/\/exposicoes.abc.org.br\/100anos\/wp-content\/uploads\/2026\/01\/cap02-12-1024x495.png\" alt=\"\" class=\"wp-image-132\" srcset=\"https:\/\/exposicoes.abc.org.br\/100anos\/wp-content\/uploads\/2026\/01\/cap02-12-1024x495.png 1024w, https:\/\/exposicoes.abc.org.br\/100anos\/wp-content\/uploads\/2026\/01\/cap02-12-300x145.png 300w, https:\/\/exposicoes.abc.org.br\/100anos\/wp-content\/uploads\/2026\/01\/cap02-12-768x371.png 768w, https:\/\/exposicoes.abc.org.br\/100anos\/wp-content\/uploads\/2026\/01\/cap02-12.png 1366w\" sizes=\"auto, (max-width: 1024px) 100vw, 1024px\" \/><figcaption class=\"wp-element-caption\">entre os esfor\u00e7os para fortalecer a imagem da ci\u00eancia brasileira no exterior esteve a visita de juliano moreira ao jap\u00e3o. o cientista publicou um livro sobre essa experi\u00eancia, sob o t\u00edtulo impress\u00f5es de uma viagem ao jap\u00e3o em 1928. &#8211; acervo biblioteca nacional.<\/figcaption><\/figure>\n\n\n\n<div style=\"height:100px\" aria-hidden=\"true\" class=\"wp-block-spacer\"><\/div>\n\n\n\n<hr class=\"wp-block-separator has-alpha-channel-opacity\"\/>\n\n\n\n<div style=\"height:100px\" aria-hidden=\"true\" class=\"wp-block-spacer\"><\/div>\n\n\n\n<div class=\"wp-block-columns is-layout-flex wp-container-core-columns-is-layout-9d6595d7 wp-block-columns-is-layout-flex\">\n<div class=\"wp-block-column is-layout-flow wp-block-column-is-layout-flow\">\n<h2 class=\"wp-block-heading\">Dificuldades e trag\u00e9dia<\/h2>\n\n\n\n<p>A crescente visibilidade das atividades da Academia rendeu frutos como a doa\u00e7\u00e3o, pelos governos do Brasil e da Tchecoslov\u00e1quia, do pavilh\u00e3o na Avenida das Na\u00e7\u00f5es (atual Avenida Presidente Wilson), no Castelo, constru\u00eddo para abrigar a mostra do pa\u00eds europeu na Exposi\u00e7\u00e3o Universal de 1922. O pr\u00e9dio tornou-se a primeira sede pr\u00f3pria da ABC, inaugurada em 1924, e abrigou tamb\u00e9m a R\u00e1dio Sociedade. Quatro anos depois, por\u00e9m, foi tomado pelo prefeito Ant\u00f4nio da Silva Prado Junior, sob a alega\u00e7\u00e3o de que havia sido cedido \u201ca t\u00edtulo prec\u00e1rio\u201d.&nbsp;<\/p>\n\n\n\n<p>Esse n\u00e3o foi o \u00fanico percal\u00e7o enfrentado pela ABC na d\u00e9cada de 1920. A escassez de recursos tornou imposs\u00edvel a manuten\u00e7\u00e3o das publica\u00e7\u00f5es de divulga\u00e7\u00e3o de resultados de pesquisas dos Acad\u00eamicos e associados. A Revista de Sciencias, que sucedeu a Revista da Sociedade Brasileira de Sciencias (1917-1919), sofreu descontinuidade depois de ser publicada em 1920 e 1921. A Revista da Academia Brasileira de Ci\u00eancias, que lhes deu prosseguimento, foi publicada apenas em 1926 e 1928.&nbsp;<\/p>\n<\/div>\n\n\n\n<div class=\"wp-block-column is-layout-flow wp-block-column-is-layout-flow\">\n<figure class=\"wp-block-image size-full\"><img loading=\"lazy\" decoding=\"async\" width=\"548\" height=\"742\" src=\"https:\/\/exposicoes.abc.org.br\/100anos\/wp-content\/uploads\/2026\/01\/cap02-13.png\" alt=\"\" class=\"wp-image-133\" srcset=\"https:\/\/exposicoes.abc.org.br\/100anos\/wp-content\/uploads\/2026\/01\/cap02-13.png 548w, https:\/\/exposicoes.abc.org.br\/100anos\/wp-content\/uploads\/2026\/01\/cap02-13-222x300.png 222w\" sizes=\"auto, (max-width: 548px) 100vw, 548px\" \/><figcaption class=\"wp-element-caption\">Capa da revista da sociedade brasileira de sciencias, primeira publica\u00e7\u00e3o da SBC.( Acervo ABC).<\/figcaption><\/figure>\n<\/div>\n<\/div>\n\n\n\n<div style=\"height:100px\" aria-hidden=\"true\" class=\"wp-block-spacer\"><\/div>\n\n\n\n<hr class=\"wp-block-separator has-alpha-channel-opacity\"\/>\n\n\n\n<div style=\"height:100px\" aria-hidden=\"true\" class=\"wp-block-spacer\"><\/div>\n\n\n\n<p>Houve ainda, em 1928, um tr\u00e1gico acidente com o hidroavi\u00e3o Santos Dumont, que voava para homenagear o inventor no seu regresso de navio ao Brasil. Deixou 14 mortos na Ba\u00eda de Guanabara, incluindo os Acad\u00eamicos Manuel Amoroso Costa, Ferdinando Labouriau e Tobias Moscoso, causando consterna\u00e7\u00e3o na Academia e nos meios cient\u00edfico e cultural do pa\u00eds.<\/p>\n\n\n\n<p>A dire\u00e7\u00e3o da ABC, a partir da gest\u00e3o de Miguel Oz\u00f3rio de Almeida, em 1929, concentrou esfor\u00e7os na consolida\u00e7\u00e3o institucional, incluindo a viabilidade financeira, a renova\u00e7\u00e3o de suas lideran\u00e7as, o crescimento controlado do quadro de associados e a tentativa de aquisi\u00e7\u00e3o de uma sede pr\u00f3pria. A cria\u00e7\u00e3o dos Anais da Academia Brasileira de Ci\u00eancias, em 1929, foi, ao mesmo tempo, um resultado desses esfor\u00e7os e um elemento determinante na continua\u00e7\u00e3o das atividades da Academia. Editada ininterruptamente at\u00e9 hoje, a revista \u00e9 um dos peri\u00f3dicos cient\u00edficos mais respeitados do Brasil ainda em circula\u00e7\u00e3o.<\/p>\n\n\n\n<div style=\"height:100px\" aria-hidden=\"true\" class=\"wp-block-spacer\"><\/div>\n\n\n\n<figure class=\"wp-block-image size-large\"><img loading=\"lazy\" decoding=\"async\" width=\"1024\" height=\"495\" src=\"https:\/\/exposicoes.abc.org.br\/100anos\/wp-content\/uploads\/2026\/01\/cap02-15-1024x495.png\" alt=\"\" class=\"wp-image-135\" srcset=\"https:\/\/exposicoes.abc.org.br\/100anos\/wp-content\/uploads\/2026\/01\/cap02-15-1024x495.png 1024w, https:\/\/exposicoes.abc.org.br\/100anos\/wp-content\/uploads\/2026\/01\/cap02-15-300x145.png 300w, https:\/\/exposicoes.abc.org.br\/100anos\/wp-content\/uploads\/2026\/01\/cap02-15-768x371.png 768w, https:\/\/exposicoes.abc.org.br\/100anos\/wp-content\/uploads\/2026\/01\/cap02-15.png 1366w\" sizes=\"auto, (max-width: 1024px) 100vw, 1024px\" \/><figcaption class=\"wp-element-caption\">careta (08\/12\/1928) noticiou o desastre do hidroavi\u00e3o santos dumont, que matou tr\u00eas acad\u00eamicos. &#8211; Reprodu\u00e7\u00e3o.\u2028primeira edi\u00e7\u00e3o dos annaes da academia brasileira de sciencias, publicada em 1929. &#8211; Acervo ABC.\u2028posse da nova diretoria da abc foi destaque na careta (16\/05\/1931). &#8211; Reprodu\u00e7\u00e3o.<\/figcaption><\/figure>\n\n\n\n<p><\/p>\n","protected":false},"excerpt":{"rendered":"<p>Expans\u00e3o e consolida\u00e7\u00e3o A en\u00e9rgica atua\u00e7\u00e3o e representatividade dos fundadores da Academia Brasileira de Ci\u00eancias garantiram a vitalidade e a consolida\u00e7\u00e3o da entidade na d\u00e9cada de 1920. Determinados a desenvolver a cultura cient\u00edfica no pa\u00eds, eles tomaram a frente de diversas iniciativas que marcaram a hist\u00f3ria da ci\u00eancia no Brasil.&nbsp;Um dos acontecimentos mais marcantes deste&#8230;<\/p>\n","protected":false},"author":1,"featured_media":633,"comment_status":"open","ping_status":"open","sticky":false,"template":"","format":"standard","meta":{"_acf_changed":false,"footnotes":""},"tags":[],"periodo":[8],"class_list":["post-33","post","type-post","status-publish","format-standard","has-post-thumbnail","hentry","periodo-1922-1931"],"acf":[],"yoast_head":"<!-- This site is optimized with the Yoast SEO plugin v26.8 - https:\/\/yoast.com\/product\/yoast-seo-wordpress\/ -->\n<title>Expans\u00e3o, consolida\u00e7\u00e3o dificuldades e trag\u00e9dia | Cem Anos de Ci\u00eancia<\/title>\n<meta name=\"robots\" content=\"index, follow, max-snippet:-1, max-image-preview:large, max-video-preview:-1\" \/>\n<link rel=\"canonical\" href=\"https:\/\/exposicoes.abc.org.br\/100anos\/expansao-consolidacao-dificuldades-e-tragedia\/\" \/>\n<meta property=\"og:locale\" content=\"pt_BR\" \/>\n<meta property=\"og:type\" content=\"article\" \/>\n<meta property=\"og:title\" content=\"Expans\u00e3o, consolida\u00e7\u00e3o dificuldades e trag\u00e9dia | Cem Anos de Ci\u00eancia\" \/>\n<meta property=\"og:description\" content=\"Expans\u00e3o e consolida\u00e7\u00e3o A en\u00e9rgica atua\u00e7\u00e3o e representatividade dos fundadores da Academia Brasileira de Ci\u00eancias garantiram a vitalidade e a consolida\u00e7\u00e3o da entidade na d\u00e9cada de 1920. Determinados a desenvolver a cultura cient\u00edfica no pa\u00eds, eles tomaram a frente de diversas iniciativas que marcaram a hist\u00f3ria da ci\u00eancia no Brasil.&nbsp;Um dos acontecimentos mais marcantes deste...\" \/>\n<meta property=\"og:url\" content=\"https:\/\/exposicoes.abc.org.br\/100anos\/expansao-consolidacao-dificuldades-e-tragedia\/\" \/>\n<meta property=\"og:site_name\" content=\"Cem Anos de Ci\u00eancia\" \/>\n<meta property=\"article:published_time\" content=\"2025-12-22T22:12:22+00:00\" \/>\n<meta property=\"article:modified_time\" content=\"2026-01-28T20:39:37+00:00\" \/>\n<meta property=\"og:image\" content=\"https:\/\/exposicoes.abc.org.br\/100anos\/wp-content\/uploads\/2025\/12\/image-1-7.png\" \/>\n\t<meta property=\"og:image:width\" content=\"392\" \/>\n\t<meta property=\"og:image:height\" content=\"234\" \/>\n\t<meta property=\"og:image:type\" content=\"image\/png\" \/>\n<meta name=\"author\" content=\"sintropika\" \/>\n<meta name=\"twitter:card\" content=\"summary_large_image\" \/>\n<meta name=\"twitter:label1\" content=\"Escrito por\" \/>\n\t<meta name=\"twitter:data1\" content=\"sintropika\" \/>\n\t<meta name=\"twitter:label2\" content=\"Est. tempo de leitura\" \/>\n\t<meta name=\"twitter:data2\" content=\"17 minutos\" \/>\n<script type=\"application\/ld+json\" class=\"yoast-schema-graph\">{\"@context\":\"https:\/\/schema.org\",\"@graph\":[{\"@type\":\"Article\",\"@id\":\"https:\/\/exposicoes.abc.org.br\/100anos\/expansao-consolidacao-dificuldades-e-tragedia\/#article\",\"isPartOf\":{\"@id\":\"https:\/\/exposicoes.abc.org.br\/100anos\/expansao-consolidacao-dificuldades-e-tragedia\/\"},\"author\":{\"name\":\"sintropika\",\"@id\":\"https:\/\/exposicoes.abc.org.br\/100anos\/#\/schema\/person\/3debaa657d0a9cab82d3e55ac7c1988d\"},\"headline\":\"Expans\u00e3o, consolida\u00e7\u00e3o dificuldades e trag\u00e9dia\",\"datePublished\":\"2025-12-22T22:12:22+00:00\",\"dateModified\":\"2026-01-28T20:39:37+00:00\",\"mainEntityOfPage\":{\"@id\":\"https:\/\/exposicoes.abc.org.br\/100anos\/expansao-consolidacao-dificuldades-e-tragedia\/\"},\"wordCount\":2848,\"commentCount\":0,\"publisher\":{\"@id\":\"https:\/\/exposicoes.abc.org.br\/100anos\/#organization\"},\"image\":{\"@id\":\"https:\/\/exposicoes.abc.org.br\/100anos\/expansao-consolidacao-dificuldades-e-tragedia\/#primaryimage\"},\"thumbnailUrl\":\"https:\/\/exposicoes.abc.org.br\/100anos\/wp-content\/uploads\/2025\/12\/image-1-7.png\",\"inLanguage\":\"pt-BR\",\"potentialAction\":[{\"@type\":\"CommentAction\",\"name\":\"Comment\",\"target\":[\"https:\/\/exposicoes.abc.org.br\/100anos\/expansao-consolidacao-dificuldades-e-tragedia\/#respond\"]}]},{\"@type\":\"WebPage\",\"@id\":\"https:\/\/exposicoes.abc.org.br\/100anos\/expansao-consolidacao-dificuldades-e-tragedia\/\",\"url\":\"https:\/\/exposicoes.abc.org.br\/100anos\/expansao-consolidacao-dificuldades-e-tragedia\/\",\"name\":\"Expans\u00e3o, consolida\u00e7\u00e3o dificuldades e trag\u00e9dia | Cem Anos de Ci\u00eancia\",\"isPartOf\":{\"@id\":\"https:\/\/exposicoes.abc.org.br\/100anos\/#website\"},\"primaryImageOfPage\":{\"@id\":\"https:\/\/exposicoes.abc.org.br\/100anos\/expansao-consolidacao-dificuldades-e-tragedia\/#primaryimage\"},\"image\":{\"@id\":\"https:\/\/exposicoes.abc.org.br\/100anos\/expansao-consolidacao-dificuldades-e-tragedia\/#primaryimage\"},\"thumbnailUrl\":\"https:\/\/exposicoes.abc.org.br\/100anos\/wp-content\/uploads\/2025\/12\/image-1-7.png\",\"datePublished\":\"2025-12-22T22:12:22+00:00\",\"dateModified\":\"2026-01-28T20:39:37+00:00\",\"breadcrumb\":{\"@id\":\"https:\/\/exposicoes.abc.org.br\/100anos\/expansao-consolidacao-dificuldades-e-tragedia\/#breadcrumb\"},\"inLanguage\":\"pt-BR\",\"potentialAction\":[{\"@type\":\"ReadAction\",\"target\":[\"https:\/\/exposicoes.abc.org.br\/100anos\/expansao-consolidacao-dificuldades-e-tragedia\/\"]}]},{\"@type\":\"ImageObject\",\"inLanguage\":\"pt-BR\",\"@id\":\"https:\/\/exposicoes.abc.org.br\/100anos\/expansao-consolidacao-dificuldades-e-tragedia\/#primaryimage\",\"url\":\"https:\/\/exposicoes.abc.org.br\/100anos\/wp-content\/uploads\/2025\/12\/image-1-7.png\",\"contentUrl\":\"https:\/\/exposicoes.abc.org.br\/100anos\/wp-content\/uploads\/2025\/12\/image-1-7.png\",\"width\":392,\"height\":234},{\"@type\":\"BreadcrumbList\",\"@id\":\"https:\/\/exposicoes.abc.org.br\/100anos\/expansao-consolidacao-dificuldades-e-tragedia\/#breadcrumb\",\"itemListElement\":[{\"@type\":\"ListItem\",\"position\":1,\"name\":\"In\u00edcio\",\"item\":\"https:\/\/exposicoes.abc.org.br\/100anos\/\"},{\"@type\":\"ListItem\",\"position\":2,\"name\":\"Expans\u00e3o, consolida\u00e7\u00e3o dificuldades e trag\u00e9dia\"}]},{\"@type\":\"WebSite\",\"@id\":\"https:\/\/exposicoes.abc.org.br\/100anos\/#website\",\"url\":\"https:\/\/exposicoes.abc.org.br\/100anos\/\",\"name\":\"Cem Anos de Ci\u00eancia\",\"description\":\"\",\"publisher\":{\"@id\":\"https:\/\/exposicoes.abc.org.br\/100anos\/#organization\"},\"potentialAction\":[{\"@type\":\"SearchAction\",\"target\":{\"@type\":\"EntryPoint\",\"urlTemplate\":\"https:\/\/exposicoes.abc.org.br\/100anos\/?s={search_term_string}\"},\"query-input\":{\"@type\":\"PropertyValueSpecification\",\"valueRequired\":true,\"valueName\":\"search_term_string\"}}],\"inLanguage\":\"pt-BR\"},{\"@type\":\"Organization\",\"@id\":\"https:\/\/exposicoes.abc.org.br\/100anos\/#organization\",\"name\":\"Academia Brasileira de Ci\u00eancias\",\"url\":\"https:\/\/exposicoes.abc.org.br\/100anos\/\",\"logo\":{\"@type\":\"ImageObject\",\"inLanguage\":\"pt-BR\",\"@id\":\"https:\/\/exposicoes.abc.org.br\/100anos\/#\/schema\/logo\/image\/\",\"url\":\"https:\/\/exposicoes.abc.org.br\/100anos\/wp-content\/uploads\/2025\/12\/logo-100-abc.png\",\"contentUrl\":\"https:\/\/exposicoes.abc.org.br\/100anos\/wp-content\/uploads\/2025\/12\/logo-100-abc.png\",\"width\":511,\"height\":116,\"caption\":\"Academia Brasileira de Ci\u00eancias\"},\"image\":{\"@id\":\"https:\/\/exposicoes.abc.org.br\/100anos\/#\/schema\/logo\/image\/\"}},{\"@type\":\"Person\",\"@id\":\"https:\/\/exposicoes.abc.org.br\/100anos\/#\/schema\/person\/3debaa657d0a9cab82d3e55ac7c1988d\",\"name\":\"sintropika\",\"image\":{\"@type\":\"ImageObject\",\"inLanguage\":\"pt-BR\",\"@id\":\"https:\/\/exposicoes.abc.org.br\/100anos\/#\/schema\/person\/image\/\",\"url\":\"https:\/\/secure.gravatar.com\/avatar\/35d24915ddd39821c2eae3dc979a4439be79c1ab39a90d812d7f46a7cf0a717e?s=96&d=mm&r=g\",\"contentUrl\":\"https:\/\/secure.gravatar.com\/avatar\/35d24915ddd39821c2eae3dc979a4439be79c1ab39a90d812d7f46a7cf0a717e?s=96&d=mm&r=g\",\"caption\":\"sintropika\"},\"sameAs\":[\"https:\/\/exposicoes.abc.org.br\/100anos\"]}]}<\/script>\n<!-- \/ Yoast SEO plugin. -->","yoast_head_json":{"title":"Expans\u00e3o, consolida\u00e7\u00e3o dificuldades e trag\u00e9dia | Cem Anos de Ci\u00eancia","robots":{"index":"index","follow":"follow","max-snippet":"max-snippet:-1","max-image-preview":"max-image-preview:large","max-video-preview":"max-video-preview:-1"},"canonical":"https:\/\/exposicoes.abc.org.br\/100anos\/expansao-consolidacao-dificuldades-e-tragedia\/","og_locale":"pt_BR","og_type":"article","og_title":"Expans\u00e3o, consolida\u00e7\u00e3o dificuldades e trag\u00e9dia | Cem Anos de Ci\u00eancia","og_description":"Expans\u00e3o e consolida\u00e7\u00e3o A en\u00e9rgica atua\u00e7\u00e3o e representatividade dos fundadores da Academia Brasileira de Ci\u00eancias garantiram a vitalidade e a consolida\u00e7\u00e3o da entidade na d\u00e9cada de 1920. Determinados a desenvolver a cultura cient\u00edfica no pa\u00eds, eles tomaram a frente de diversas iniciativas que marcaram a hist\u00f3ria da ci\u00eancia no Brasil.&nbsp;Um dos acontecimentos mais marcantes deste...","og_url":"https:\/\/exposicoes.abc.org.br\/100anos\/expansao-consolidacao-dificuldades-e-tragedia\/","og_site_name":"Cem Anos de Ci\u00eancia","article_published_time":"2025-12-22T22:12:22+00:00","article_modified_time":"2026-01-28T20:39:37+00:00","og_image":[{"width":392,"height":234,"url":"https:\/\/exposicoes.abc.org.br\/100anos\/wp-content\/uploads\/2025\/12\/image-1-7.png","type":"image\/png"}],"author":"sintropika","twitter_card":"summary_large_image","twitter_misc":{"Escrito por":"sintropika","Est. tempo de leitura":"17 minutos"},"schema":{"@context":"https:\/\/schema.org","@graph":[{"@type":"Article","@id":"https:\/\/exposicoes.abc.org.br\/100anos\/expansao-consolidacao-dificuldades-e-tragedia\/#article","isPartOf":{"@id":"https:\/\/exposicoes.abc.org.br\/100anos\/expansao-consolidacao-dificuldades-e-tragedia\/"},"author":{"name":"sintropika","@id":"https:\/\/exposicoes.abc.org.br\/100anos\/#\/schema\/person\/3debaa657d0a9cab82d3e55ac7c1988d"},"headline":"Expans\u00e3o, consolida\u00e7\u00e3o dificuldades e trag\u00e9dia","datePublished":"2025-12-22T22:12:22+00:00","dateModified":"2026-01-28T20:39:37+00:00","mainEntityOfPage":{"@id":"https:\/\/exposicoes.abc.org.br\/100anos\/expansao-consolidacao-dificuldades-e-tragedia\/"},"wordCount":2848,"commentCount":0,"publisher":{"@id":"https:\/\/exposicoes.abc.org.br\/100anos\/#organization"},"image":{"@id":"https:\/\/exposicoes.abc.org.br\/100anos\/expansao-consolidacao-dificuldades-e-tragedia\/#primaryimage"},"thumbnailUrl":"https:\/\/exposicoes.abc.org.br\/100anos\/wp-content\/uploads\/2025\/12\/image-1-7.png","inLanguage":"pt-BR","potentialAction":[{"@type":"CommentAction","name":"Comment","target":["https:\/\/exposicoes.abc.org.br\/100anos\/expansao-consolidacao-dificuldades-e-tragedia\/#respond"]}]},{"@type":"WebPage","@id":"https:\/\/exposicoes.abc.org.br\/100anos\/expansao-consolidacao-dificuldades-e-tragedia\/","url":"https:\/\/exposicoes.abc.org.br\/100anos\/expansao-consolidacao-dificuldades-e-tragedia\/","name":"Expans\u00e3o, consolida\u00e7\u00e3o dificuldades e trag\u00e9dia | Cem Anos de Ci\u00eancia","isPartOf":{"@id":"https:\/\/exposicoes.abc.org.br\/100anos\/#website"},"primaryImageOfPage":{"@id":"https:\/\/exposicoes.abc.org.br\/100anos\/expansao-consolidacao-dificuldades-e-tragedia\/#primaryimage"},"image":{"@id":"https:\/\/exposicoes.abc.org.br\/100anos\/expansao-consolidacao-dificuldades-e-tragedia\/#primaryimage"},"thumbnailUrl":"https:\/\/exposicoes.abc.org.br\/100anos\/wp-content\/uploads\/2025\/12\/image-1-7.png","datePublished":"2025-12-22T22:12:22+00:00","dateModified":"2026-01-28T20:39:37+00:00","breadcrumb":{"@id":"https:\/\/exposicoes.abc.org.br\/100anos\/expansao-consolidacao-dificuldades-e-tragedia\/#breadcrumb"},"inLanguage":"pt-BR","potentialAction":[{"@type":"ReadAction","target":["https:\/\/exposicoes.abc.org.br\/100anos\/expansao-consolidacao-dificuldades-e-tragedia\/"]}]},{"@type":"ImageObject","inLanguage":"pt-BR","@id":"https:\/\/exposicoes.abc.org.br\/100anos\/expansao-consolidacao-dificuldades-e-tragedia\/#primaryimage","url":"https:\/\/exposicoes.abc.org.br\/100anos\/wp-content\/uploads\/2025\/12\/image-1-7.png","contentUrl":"https:\/\/exposicoes.abc.org.br\/100anos\/wp-content\/uploads\/2025\/12\/image-1-7.png","width":392,"height":234},{"@type":"BreadcrumbList","@id":"https:\/\/exposicoes.abc.org.br\/100anos\/expansao-consolidacao-dificuldades-e-tragedia\/#breadcrumb","itemListElement":[{"@type":"ListItem","position":1,"name":"In\u00edcio","item":"https:\/\/exposicoes.abc.org.br\/100anos\/"},{"@type":"ListItem","position":2,"name":"Expans\u00e3o, consolida\u00e7\u00e3o dificuldades e trag\u00e9dia"}]},{"@type":"WebSite","@id":"https:\/\/exposicoes.abc.org.br\/100anos\/#website","url":"https:\/\/exposicoes.abc.org.br\/100anos\/","name":"Cem Anos de Ci\u00eancia","description":"","publisher":{"@id":"https:\/\/exposicoes.abc.org.br\/100anos\/#organization"},"potentialAction":[{"@type":"SearchAction","target":{"@type":"EntryPoint","urlTemplate":"https:\/\/exposicoes.abc.org.br\/100anos\/?s={search_term_string}"},"query-input":{"@type":"PropertyValueSpecification","valueRequired":true,"valueName":"search_term_string"}}],"inLanguage":"pt-BR"},{"@type":"Organization","@id":"https:\/\/exposicoes.abc.org.br\/100anos\/#organization","name":"Academia Brasileira de Ci\u00eancias","url":"https:\/\/exposicoes.abc.org.br\/100anos\/","logo":{"@type":"ImageObject","inLanguage":"pt-BR","@id":"https:\/\/exposicoes.abc.org.br\/100anos\/#\/schema\/logo\/image\/","url":"https:\/\/exposicoes.abc.org.br\/100anos\/wp-content\/uploads\/2025\/12\/logo-100-abc.png","contentUrl":"https:\/\/exposicoes.abc.org.br\/100anos\/wp-content\/uploads\/2025\/12\/logo-100-abc.png","width":511,"height":116,"caption":"Academia Brasileira de Ci\u00eancias"},"image":{"@id":"https:\/\/exposicoes.abc.org.br\/100anos\/#\/schema\/logo\/image\/"}},{"@type":"Person","@id":"https:\/\/exposicoes.abc.org.br\/100anos\/#\/schema\/person\/3debaa657d0a9cab82d3e55ac7c1988d","name":"sintropika","image":{"@type":"ImageObject","inLanguage":"pt-BR","@id":"https:\/\/exposicoes.abc.org.br\/100anos\/#\/schema\/person\/image\/","url":"https:\/\/secure.gravatar.com\/avatar\/35d24915ddd39821c2eae3dc979a4439be79c1ab39a90d812d7f46a7cf0a717e?s=96&d=mm&r=g","contentUrl":"https:\/\/secure.gravatar.com\/avatar\/35d24915ddd39821c2eae3dc979a4439be79c1ab39a90d812d7f46a7cf0a717e?s=96&d=mm&r=g","caption":"sintropika"},"sameAs":["https:\/\/exposicoes.abc.org.br\/100anos"]}]}},"_links":{"self":[{"href":"https:\/\/exposicoes.abc.org.br\/100anos\/wp-json\/wp\/v2\/posts\/33","targetHints":{"allow":["GET"]}}],"collection":[{"href":"https:\/\/exposicoes.abc.org.br\/100anos\/wp-json\/wp\/v2\/posts"}],"about":[{"href":"https:\/\/exposicoes.abc.org.br\/100anos\/wp-json\/wp\/v2\/types\/post"}],"author":[{"embeddable":true,"href":"https:\/\/exposicoes.abc.org.br\/100anos\/wp-json\/wp\/v2\/users\/1"}],"replies":[{"embeddable":true,"href":"https:\/\/exposicoes.abc.org.br\/100anos\/wp-json\/wp\/v2\/comments?post=33"}],"version-history":[{"count":39,"href":"https:\/\/exposicoes.abc.org.br\/100anos\/wp-json\/wp\/v2\/posts\/33\/revisions"}],"predecessor-version":[{"id":766,"href":"https:\/\/exposicoes.abc.org.br\/100anos\/wp-json\/wp\/v2\/posts\/33\/revisions\/766"}],"wp:featuredmedia":[{"embeddable":true,"href":"https:\/\/exposicoes.abc.org.br\/100anos\/wp-json\/wp\/v2\/media\/633"}],"wp:attachment":[{"href":"https:\/\/exposicoes.abc.org.br\/100anos\/wp-json\/wp\/v2\/media?parent=33"}],"wp:term":[{"taxonomy":"post_tag","embeddable":true,"href":"https:\/\/exposicoes.abc.org.br\/100anos\/wp-json\/wp\/v2\/tags?post=33"},{"taxonomy":"periodo","embeddable":true,"href":"https:\/\/exposicoes.abc.org.br\/100anos\/wp-json\/wp\/v2\/periodo?post=33"}],"curies":[{"name":"wp","href":"https:\/\/api.w.org\/{rel}","templated":true}]}}