{"id":29,"date":"2025-12-22T19:12:02","date_gmt":"2025-12-22T22:12:02","guid":{"rendered":"https:\/\/exposicoes.abc.org.br\/100anos\/?p=29"},"modified":"2026-01-30T12:37:36","modified_gmt":"2026-01-30T15:37:36","slug":"o-brasil-ganha-um-conselho-de-pesquisas","status":"publish","type":"post","link":"https:\/\/exposicoes.abc.org.br\/100anos\/o-brasil-ganha-um-conselho-de-pesquisas\/","title":{"rendered":"O Brasil ganha um conselho de pesquisas\u00a0"},"content":{"rendered":"\n<h2 class=\"wp-block-heading\">Atua\u00e7\u00e3o na ci\u00eancia e na pol\u00edtica<\/h2>\n\n\n\n<p>Foi no contexto do p\u00f3s-guerra, em que a discuss\u00e3o sobre ci\u00eancia e atua\u00e7\u00e3o do Estado fervilhava, que a participa\u00e7\u00e3o governamental no apoio \u00e0 pesquisa cient\u00edfica nacional se institucionalizou. Ficou claro para a comunidade cient\u00edfica que, no Brasil, apenas o Estado disporia de recursos para apoiar programas cient\u00edficos mais amplos. Desta certeza, surgiu a proposta de cria\u00e7\u00e3o de um \u00f3rg\u00e3o nacional de fomento, que seria respons\u00e1vel por financiar projetos de pesquisa.&nbsp;<br><br>A ideia j\u00e1 vinha sendo gestada desde a d\u00e9cada de 1920. Em 1931, a ABC sugeriu formalmente ao governo federal, pela primeira vez, a cria\u00e7\u00e3o de um conselho de pesquisas. Em maio de 1936, o ent\u00e3o presidente Get\u00falio Vargas enviou mensagem ao Congresso Nacional acerca da cria\u00e7\u00e3o de um \u201cconselho de pesquisas experimentais\u201d, com o objetivo espec\u00edfico de conceber um sistema de pesquisas capaz de modernizar e aumentar a produ\u00e7\u00e3o do setor agr\u00edcola brasileiro. A ideia, no entanto, n\u00e3o foi bem recebida pelos parlamentares.<br><br>No contexto p\u00f3s-Segunda Guerra Mundial, em que os avan\u00e7os da tecnologia b\u00e9lica e sobretudo as quest\u00f5es nucleares come\u00e7aram a despertar os pa\u00edses para a import\u00e2ncia da pesquisa cient\u00edfica, diversos governos come\u00e7aram a acelerar suas pesquisas e\/ou montar estruturas de fomento ao desenvolvimento cient\u00edfico. O Brasil juntou-se a esse movimento \u2013 afinal, apesar de ser detentor de recursos minerais estrat\u00e9gicos, o pa\u00eds n\u00e3o possu\u00eda, ainda, a tecnologia necess\u00e1ria para aproveit\u00e1-los da maneira adequada.<br>Uma nova proposta concreta de um \u00f3rg\u00e3o de fomento \u00e0 pesquisa foi apresentada por \u00c1lvaro Alberto da Motta e Silva aos Acad\u00eamicos em 1946. Aprovado por todos os presentes, o projeto sugeria que o novo \u00f3rg\u00e3o pudesse amparar, coordenar e prestigiar o esfor\u00e7o dos cientistas brasileiros. Em 1948, a cria\u00e7\u00e3o do conselho foi apresentada na C\u00e2mara dos Deputados e, no ano seguinte, o presidente Eurico Gaspar Dutra nomeou uma comiss\u00e3o especial para elaborar o anteprojeto de lei sobre a cria\u00e7\u00e3o do \u00f3rg\u00e3o.<\/p>\n\n\n\n<div style=\"height:100px\" aria-hidden=\"true\" class=\"wp-block-spacer\"><\/div>\n\n\n\n<figure class=\"wp-block-image size-large\"><img loading=\"lazy\" decoding=\"async\" width=\"1024\" height=\"495\" src=\"https:\/\/exposicoes.abc.org.br\/100anos\/wp-content\/uploads\/2025\/12\/Captura-de-Tela-2025-12-11-as-14.54.44-1-1-1024x495.png\" alt=\"\" class=\"wp-image-251\" srcset=\"https:\/\/exposicoes.abc.org.br\/100anos\/wp-content\/uploads\/2025\/12\/Captura-de-Tela-2025-12-11-as-14.54.44-1-1-1024x495.png 1024w, https:\/\/exposicoes.abc.org.br\/100anos\/wp-content\/uploads\/2025\/12\/Captura-de-Tela-2025-12-11-as-14.54.44-1-1-300x145.png 300w, https:\/\/exposicoes.abc.org.br\/100anos\/wp-content\/uploads\/2025\/12\/Captura-de-Tela-2025-12-11-as-14.54.44-1-1-768x371.png 768w, https:\/\/exposicoes.abc.org.br\/100anos\/wp-content\/uploads\/2025\/12\/Captura-de-Tela-2025-12-11-as-14.54.44-1-1.png 1366w\" sizes=\"auto, (max-width: 1024px) 100vw, 1024px\" \/><figcaption class=\"wp-element-caption\">primeira reuni\u00e3o do conselho deliberativo do conselho nacional de pesquisas, em 1951. estavam presentes v\u00e1rios acad\u00eamicos, incluindo \u00e1lvaro alberto e c\u00e9sar lattes. &#8211; acervo abc<\/figcaption><\/figure>\n\n\n\n<div style=\"height:100px\" aria-hidden=\"true\" class=\"wp-block-spacer\"><\/div>\n\n\n\n<p>O trabalho dessa comiss\u00e3o culminou na lei de cria\u00e7\u00e3o do Conselho Nacional de Pesquisas (CNPq), em abril de 1949. Ap\u00f3s ser debatida em diferentes comiss\u00f5es, a implanta\u00e7\u00e3o do \u00f3rg\u00e3o finalmente foi concretizada em 1951, quando Gaspar Dutra sancionou o estabelecimento do CNPq como autarquia vinculada \u00e0 presid\u00eancia da Rep\u00fablica, em lei (n\u00ba 1.310, de 15 de janeiro de 1951) apelidada por \u00c1lvaro Alberto de \u201cLei \u00c1urea da pesquisa no Brasil\u201d. Nela, ficou estabelecido que o Conselho tinha como finalidade promover e estimular o desenvolvimento da pesquisa cient\u00edfica mediante a concess\u00e3o de recursos tanto para as investiga\u00e7\u00f5es quanto para a forma\u00e7\u00e3o de pesquisadores e t\u00e9cnicos em institui\u00e7\u00f5es p\u00fablicas e privadas, al\u00e9m da coopera\u00e7\u00e3o com universidades brasileiras e interc\u00e2mbio com institui\u00e7\u00f5es estrangeiras.&nbsp;<br><br>Vale lembrar que Gaspar Dutra, ao apresentar a lei que criou o CNPq, deu grande \u00eanfase \u00e0 responsabilidade do novo \u00f3rg\u00e3o de orientar e fomentar a investiga\u00e7\u00e3o relacionada \u00e0s quest\u00f5es nucleares, notadamente os estudos de aproveitamento da energia at\u00f4mica de min\u00e9rios de ur\u00e2nio, t\u00f3rio, c\u00e1dmio, l\u00edtio, ber\u00edlio e boro, entre outros. \u00c1lvaro Alberto, nomeado o primeiro presidente da nova institui\u00e7\u00e3o, era, tamb\u00e9m, um entusiasta e defensor das pesquisas nucleares, de modo que o tema foi pauta priorit\u00e1ria nos primeiros anos do CNPq. No entanto, com o tempo, atua\u00e7\u00e3o do Conselho tornou-se muito mais ampla, como estava previsto em sua constitui\u00e7\u00e3o.<\/p>\n\n\n\n<div style=\"height:100px\" aria-hidden=\"true\" class=\"wp-block-spacer\"><\/div>\n\n\n\n<div class=\"wp-block-columns box is-layout-flex wp-container-core-columns-is-layout-9d6595d7 wp-block-columns-is-layout-flex\">\n<div class=\"wp-block-column box is-layout-flow wp-block-column-is-layout-flow\">\n<h2 class=\"wp-block-heading\">A institucionaliza\u00e7\u00e3o da ci\u00eancia no Brasil<\/h2>\n\n\n\n<p>A cria\u00e7\u00e3o do Conselho Nacional de Pesquisas n\u00e3o foi uma iniciativa isolada. Entre as d\u00e9cadas de 1940 e 1960, o Brasil viu nascer alguns dos mais importantes institutos de pesquisa e \u00f3rg\u00e3os de fomento. Al\u00e9m do CNPq, foi criada a Campanha Nacional de Aperfei\u00e7oamento de Pessoal de N\u00edvel Superior (Capes), que refor\u00e7ou o papel do Estado no apoio ao ensino superior e \u00e0 pesquisa.<br><br>Neste per\u00edodo, foram fundados tamb\u00e9m: o Centro T\u00e9cnico Aeroespacial, em 1946 \u2013 que mais tarde, em 1950, daria origem ao Instituto Tecnol\u00f3gico da Aeron\u00e1utica (ITA) \u2013; o Centro Brasileiro de Pesquisas F\u00edsicas (CBPF), em 1949; o Instituto Nacional de Pesquisas da Amaz\u00f4nia (Inpa), o Instituto de Matem\u00e1tica Pura e Aplicada (Impa) e o Instituto de Pesquisas Radioativas (IPR), em 1952; e o Instituto Nacional de Pesquisas Espaciais (Inpe), em 1961. Membros da ABC tiveram participa\u00e7\u00e3o importante na cria\u00e7\u00e3o e desenvolvimento de grande parte desses institutos.<\/p>\n<\/div>\n\n\n\n<div class=\"wp-block-column is-layout-flow wp-block-column-is-layout-flow\">\n<figure class=\"wp-block-image size-full\"><img loading=\"lazy\" decoding=\"async\" width=\"548\" height=\"660\" src=\"https:\/\/exposicoes.abc.org.br\/100anos\/wp-content\/uploads\/2025\/12\/cap04-02.png\" alt=\"\" class=\"wp-image-254\" srcset=\"https:\/\/exposicoes.abc.org.br\/100anos\/wp-content\/uploads\/2025\/12\/cap04-02.png 548w, https:\/\/exposicoes.abc.org.br\/100anos\/wp-content\/uploads\/2025\/12\/cap04-02-249x300.png 249w\" sizes=\"auto, (max-width: 548px) 100vw, 548px\" \/><figcaption class=\"wp-element-caption\">fl\u00e2mula comemorativa dos dez anos da sociedade brasileira para o progresso da ci\u00eancia, comemorados em 1958. &#8211; Acervo Abc<br><br>Foto, tirada em Princeton (EUA) em 1949, mostra alguns dos principais nomes da f\u00edsica brasileira naquela \u00e9poca junto ao japon\u00eas Hideki Yukawa (em p\u00e9, no centro). Em p\u00e9 tamb\u00e9m est\u00e3o C\u00e9sar Lattes e Walter Schutzer; agachados, Herv\u00e1sio de Carvalho, Jos\u00e9 Leite Lopes e Jayme Tiomno. Lattes, Tiomno, Leite e Herv\u00e1sio eram Acad\u00eamicos e foram fundadores do Centro Brasileiro de Pesquisas F\u00edsicas &#8211; Acervo CBPF<\/figcaption><\/figure>\n<\/div>\n<\/div>\n\n\n\n<div style=\"height:100px\" aria-hidden=\"true\" class=\"wp-block-spacer\"><\/div>\n\n\n\n<p>Acad\u00eamicos tamb\u00e9m participaram ativamente da cria\u00e7\u00e3o da Petrobras, empresa resultante da lei que institui o monop\u00f3lio estatal sobre a prospec\u00e7\u00e3o, a explora\u00e7\u00e3o e a distribui\u00e7\u00e3o do petr\u00f3leo brasileiro, em 1953; da Comiss\u00e3o Nacional de Energia Nuclear (CNEN), em 1956; e da Cria\u00e7\u00e3o da Superintend\u00eancia do Desenvolvimento do Nordeste (Sudene), que tentava resolver o grave problema das secas na regi\u00e3o, em 1959.<br><br>Entre as institui\u00e7\u00f5es criadas ao longo dessas d\u00e9cadas, tem especial relev\u00e2ncia para a ABC a funda\u00e7\u00e3o da Sociedade Brasileira para o Progresso da Ci\u00eancia (SBPC), em 1948. Embora as duas guardem diferen\u00e7as em termos de composi\u00e7\u00e3o e organiza\u00e7\u00e3o, ambas atuaram em conjunto nas d\u00e9cadas seguintes, em a\u00e7\u00f5es pelo desenvolvimento cient\u00edfico do pa\u00eds.<br>V\u00e1rios Acad\u00eamicos participaram da cria\u00e7\u00e3o da SBPC, um \u00f3rg\u00e3o ativista surgido para lutar pela afirma\u00e7\u00e3o da ci\u00eancia e dos cientistas no Brasil \u2013 miss\u00e3o que conserva at\u00e9 hoje. Naquela \u00e9poca, o governador do estado de S\u00e3o Paulo, Ademar de Barros, tentava reduzir as atividades de pesquisa realizadas no Instituto Butantan, que pretendia transformar em centro exclusivamente dedicado \u00e0 investiga\u00e7\u00e3o sobre soros antiof\u00eddicos.<br><br>\u00c0 medida governamental seguiu-se uma rea\u00e7\u00e3o imediata da comunidade cient\u00edfica local, que, em uma reuni\u00e3o com cerca de uma centena de pesquisadores, fundou a SBPC levantando a bandeira de que os pesquisadores deveriam ter liberdade em seus projetos, bem como estabilidade para a realiza\u00e7\u00e3o de suas investiga\u00e7\u00f5es.<br><br>Diferentemente da ABC, em que o n\u00famero de Acad\u00eamicos era limitado e os membros eram selecionados com base na notabilidade de sua contribui\u00e7\u00e3o a determinada \u00e1rea do conhecimento, a SBPC se propunha a reunir quaisquer atores interessados no progresso e na promo\u00e7\u00e3o da ci\u00eancia no Brasil, ou seja, sequer era necess\u00e1rio ser um cientista para tornar-se um associado. Um ano depois de criada, a Sociedade j\u00e1 tinha mais de 300 membros \u2013 a maioria, vale notar, cientistas, professores universit\u00e1rios e estudantes de \u00e1reas afins.<\/p>\n\n\n\n<div style=\"height:98px\" aria-hidden=\"true\" class=\"wp-block-spacer\"><\/div>\n\n\n\n<hr class=\"wp-block-separator has-alpha-channel-opacity\"\/>\n\n\n\n<div style=\"height:122px\" aria-hidden=\"true\" class=\"wp-block-spacer\"><\/div>\n\n\n\n<div class=\"wp-block-columns is-layout-flex wp-container-core-columns-is-layout-9d6595d7 wp-block-columns-is-layout-flex\">\n<div class=\"wp-block-column is-layout-flow wp-block-column-is-layout-flow\">\n<h2 class=\"wp-block-heading\">Per\u00edodo de transforma\u00e7\u00f5es na ABC&nbsp;<\/h2>\n\n\n\n<p>Enquanto participava de um movimento amplo de institucionaliza\u00e7\u00e3o da ci\u00eancia no Brasil, a ABC seguia na realiza\u00e7\u00e3o de suas atividades internas. Em 1951, por exemplo, organizou um Simp\u00f3sio Internacional de Biologia, que tratou de temas como neurobiologia, metabolismo dos insetos, fotoss\u00edntese e aplica\u00e7\u00e3o da radia\u00e7\u00e3o infravermelha \u00e0 biologia.<br><br>Em 1957, a ABC apoiou a realiza\u00e7\u00e3o do Simp\u00f3sio Internacional sobre o Curare e as Subst\u00e2ncias Curarizantes \u2013 curare \u00e9 uma mistura de venenos de plantas usada pelos \u00edndios nas pontas das flechas, que come\u00e7ou a ser estudada pelos cientistas como anest\u00e9sico e medicamento (veja o quadro \u201cCi\u00eancia e a sabedoria da floresta\u201d).<br><br>Entre as personalidades internacionais recebidas pela ABC nessa \u00e9poca, destacam-se Richard Feynman, um dos maiores f\u00edsicos do s\u00e9culo XX e Nobel de F\u00edsica em 1965, e Julius Robert Oppenheimer, diretor do Projeto Manhattan, que construiu a primeira bomba at\u00f4mica durante a Segunda Guerra Mundial. Ambos estiveram no Brasil em 1953. A convite de \u00c1lvaro Alberto, Oppenheimer falou no CNPq sobre a necessidade de o Brasil investir em energia at\u00f4mica.<\/p>\n<\/div>\n\n\n\n<div class=\"wp-block-column is-layout-flow wp-block-column-is-layout-flow\">\n<figure class=\"wp-block-image size-full\"><img loading=\"lazy\" decoding=\"async\" width=\"548\" height=\"796\" src=\"https:\/\/exposicoes.abc.org.br\/100anos\/wp-content\/uploads\/2025\/12\/cap04-04.png\" alt=\"\" class=\"wp-image-263\" srcset=\"https:\/\/exposicoes.abc.org.br\/100anos\/wp-content\/uploads\/2025\/12\/cap04-04.png 548w, https:\/\/exposicoes.abc.org.br\/100anos\/wp-content\/uploads\/2025\/12\/cap04-04-207x300.png 207w\" sizes=\"auto, (max-width: 548px) 100vw, 548px\" \/><figcaption class=\"wp-element-caption\">robert oppenheimer, diretor do projeto manhattan, estiveram na abc em 1953. &#8211; wikimedia commons e world history archive.<\/figcaption><\/figure>\n<\/div>\n<\/div>\n\n\n\n<div style=\"height:100px\" aria-hidden=\"true\" class=\"wp-block-spacer\"><\/div>\n\n\n\n<figure class=\"wp-block-image size-large\"><img loading=\"lazy\" decoding=\"async\" width=\"1024\" height=\"495\" src=\"https:\/\/exposicoes.abc.org.br\/100anos\/wp-content\/uploads\/2025\/12\/cap04-03-1024x495.png\" alt=\"\" class=\"wp-image-259\" srcset=\"https:\/\/exposicoes.abc.org.br\/100anos\/wp-content\/uploads\/2025\/12\/cap04-03-1024x495.png 1024w, https:\/\/exposicoes.abc.org.br\/100anos\/wp-content\/uploads\/2025\/12\/cap04-03-300x145.png 300w, https:\/\/exposicoes.abc.org.br\/100anos\/wp-content\/uploads\/2025\/12\/cap04-03-768x371.png 768w, https:\/\/exposicoes.abc.org.br\/100anos\/wp-content\/uploads\/2025\/12\/cap04-03.png 1366w\" sizes=\"auto, (max-width: 1024px) 100vw, 1024px\" \/><figcaption class=\"wp-element-caption\">richard feynman, ganhador do richard feynman, ganhador do richard feynman, ganhador do richard feynman, ganhador do nobel de f\u00edsica em 1965. &#8211; wikimedia commons e world<\/figcaption><\/figure>\n\n\n\n<div class=\"wp-block-columns box is-layout-flex wp-container-core-columns-is-layout-9d6595d7 wp-block-columns-is-layout-flex\">\n<div class=\"wp-block-column is-layout-flow wp-block-column-is-layout-flow\">\n<figure class=\"wp-block-image size-full\"><img loading=\"lazy\" decoding=\"async\" width=\"548\" height=\"767\" src=\"https:\/\/exposicoes.abc.org.br\/100anos\/wp-content\/uploads\/2025\/12\/cap04-05.png\" alt=\"\" class=\"wp-image-265\" srcset=\"https:\/\/exposicoes.abc.org.br\/100anos\/wp-content\/uploads\/2025\/12\/cap04-05.png 548w, https:\/\/exposicoes.abc.org.br\/100anos\/wp-content\/uploads\/2025\/12\/cap04-05-214x300.png 214w\" sizes=\"auto, (max-width: 548px) 100vw, 548px\" \/><figcaption class=\"wp-element-caption\">subst\u00e2ncias t\u00f3xicas extra\u00eddas de plantas podem ter aplica\u00e7\u00f5es medicinais &#8211; franz eugen k\u00f6hler \/ dom\u00ednio p\u00fablico.<\/figcaption><\/figure>\n<\/div>\n\n\n\n<div class=\"wp-block-column is-layout-flow wp-block-column-is-layout-flow\">\n<h2 class=\"wp-block-heading\">Ci\u00eancia e a sabedoria da floresta<\/h2>\n\n\n\n<p>Mesmo atualmente, n\u00e3o \u00e9 muito comum que saberes dos povos ind\u00edgenas ganhem espa\u00e7o em eventos cient\u00edficos. Mas, ao mesmo tempo, n\u00e3o \u00e9 raro que conhecimentos tradicionais atraiam a curiosidade de pesquisadores. O curare \u00e9 um exemplo bem marcante dessa uni\u00e3o entre a cultura e a pesquisa cient\u00edfica.<br><br>Utilizado h\u00e1 muitos s\u00e9culos por povos das florestas tropicais da Am\u00e9rica do Sul, o curare \u00e9 uma combina\u00e7\u00e3o de diferentes compostos extra\u00eddos de cip\u00f3s e at\u00e9 animais como cobras e formigas. A mistura, fervida em \u00e1gua por cerca de dois dias e evaporada, tem a apar\u00eancia de uma pasta escura e o sabor bem amargo, e costumava ser utilizada para envenenar pontas de flechas usadas no combate a grupos inimigos.<br><br>Exploradores europeus que viajaram \u00e0 Am\u00e9rica no s\u00e9culo 16 fizeram os primeiros registros sobre o curare e obtiveram amostras da subst\u00e2ncia com os \u00edndios. No s\u00e9culo 19, alguns trabalhos cient\u00edficos come\u00e7aram a explicar os mecanismos de atua\u00e7\u00e3o do curare e, mais tarde, passou-se a investigar o potencial de uso da mistura (ou seu equivalente sint\u00e9tico) na medicina, com aplica\u00e7\u00f5es, por exemplo, em anestesiologia e neurologia.<\/p>\n<\/div>\n<\/div>\n\n\n\n<blockquote class=\"wp-block-quote is-layout-flow wp-block-quote-is-layout-flow\">\n<p>\u201cEm verdade, se foi a pesquisa cient\u00edfica uma ocupa\u00e7\u00e3o de cientistas, antes da primeira conflagra\u00e7\u00e3o mundial, e se tornou dever do Estado no per\u00edodo que a sucedeu, ela \u00e9 hoje \u2013 depois de 1945 \u2013 a angustiosa preocupa\u00e7\u00e3o das sociedades atualizadas.\u201d<\/p>\n<cite>Carlos Chagas Filho em seu discurso na posse da ABC<\/cite><\/blockquote>\n\n\n\n<div style=\"height:100px\" aria-hidden=\"true\" class=\"wp-block-spacer\"><\/div>\n\n\n\n<div class=\"wp-block-columns is-layout-flex wp-container-core-columns-is-layout-9d6595d7 wp-block-columns-is-layout-flex\">\n<div class=\"wp-block-column is-layout-flow wp-block-column-is-layout-flow\">\n<p>Em 1961, visitaram a ABC o cosmonauta sovi\u00e9tico Yuri Gagarin, primeiro homem a viajar pelo espa\u00e7o, e o ganhador do pr\u00eamio Nobel Peter Brian Medawar, nascido no Brasil e radicado na Inglaterra, que palestrou sobre sua pesquisa com toler\u00e2ncia imunol\u00f3gica, crucial para o estudo da rejei\u00e7\u00e3o p\u00f3s-transplante de \u00f3rg\u00e3os.<br><br>De uma maneira geral, no entanto, os encontros presenciais entre os membros da ABC viram sua frequ\u00eancia reduzida nesse per\u00edodo. Com isso, a publica\u00e7\u00e3o dos Anais da Academia Brasileira de Ci\u00eancias teve import\u00e2ncia redobrada na divulga\u00e7\u00e3o de resultados de pesquisas cient\u00edficas.<br><br>No que diz respeito ao \u00e2mbito interno \u00e0 Academia, talvez o fato mais marcante tenha sido a aquisi\u00e7\u00e3o, com apoio do governo Juscelino Kubitschek, e inaugura\u00e7\u00e3o, em 1960, da sede atual da ABC, um andar inteiro de um pr\u00e9dio \u00e0 rua Anfil\u00f3fio de Carvalho, no centro do Rio. A Academia tamb\u00e9m passou por reformula\u00e7\u00f5es de seus estatutos, referentes principalmente \u00e0 forma\u00e7\u00e3o do seu quadro e admiss\u00e3o de novos membros.<br><br>Merece destaque aqui a entrada, em 1951, das primeiras mulheres brasileiras como membros titulares da ABC: as matem\u00e1ticas Maria Laura Mouzinho e Mar\u00edlia Chaves Peixoto. A pernambucana Mouzinho foi a primeira doutora em matem\u00e1tica do pa\u00eds e teve ampla atua\u00e7\u00e3o em sua \u00e1rea. Foi professora da Faculdade Nacional de Filosofia e do Instituto de Matem\u00e1tica da Universidade do Brasil; atuou no Centro Brasileiro de Pesquisas F\u00edsicas; participou, com outros cientistas, da cria\u00e7\u00e3o do Instituto de Matem\u00e1tica Pura e Aplicada no Rio de Janeiro; e foi a primeira mulher a ministrar aulas de geometria no curso de engenharia do Instituto Tecnol\u00f3gico da Aeron\u00e1utica.<\/p>\n<\/div>\n\n\n\n<div class=\"wp-block-column is-layout-flow wp-block-column-is-layout-flow\">\n<figure class=\"wp-block-image size-full\"><img loading=\"lazy\" decoding=\"async\" width=\"548\" height=\"812\" src=\"https:\/\/exposicoes.abc.org.br\/100anos\/wp-content\/uploads\/2025\/12\/cap04-06.png\" alt=\"\" class=\"wp-image-271\" srcset=\"https:\/\/exposicoes.abc.org.br\/100anos\/wp-content\/uploads\/2025\/12\/cap04-06.png 548w, https:\/\/exposicoes.abc.org.br\/100anos\/wp-content\/uploads\/2025\/12\/cap04-06-202x300.png 202w\" sizes=\"auto, (max-width: 548px) 100vw, 548px\" \/><figcaption class=\"wp-element-caption\">nascido no brasil e radicado na inglaterra, peter medawar ganhou o pr\u00eamio nobel de fisiologia\/ medicina em 1960. no ano seguinte, visitou a abc, onde proferiu palestra sobre sua pesquisa. &#8211; acervo abc.<\/figcaption><\/figure>\n<\/div>\n<\/div>\n\n\n\n<div style=\"height:100px\" aria-hidden=\"true\" class=\"wp-block-spacer\"><\/div>\n\n\n\n<figure class=\"wp-block-image size-large\"><img loading=\"lazy\" decoding=\"async\" width=\"1024\" height=\"495\" src=\"https:\/\/exposicoes.abc.org.br\/100anos\/wp-content\/uploads\/2025\/12\/cap04-07-1024x495.png\" alt=\"\" class=\"wp-image-274\" srcset=\"https:\/\/exposicoes.abc.org.br\/100anos\/wp-content\/uploads\/2025\/12\/cap04-07-1024x495.png 1024w, https:\/\/exposicoes.abc.org.br\/100anos\/wp-content\/uploads\/2025\/12\/cap04-07-300x145.png 300w, https:\/\/exposicoes.abc.org.br\/100anos\/wp-content\/uploads\/2025\/12\/cap04-07-768x371.png 768w, https:\/\/exposicoes.abc.org.br\/100anos\/wp-content\/uploads\/2025\/12\/cap04-07.png 1366w\" sizes=\"auto, (max-width: 1024px) 100vw, 1024px\" \/><figcaption class=\"wp-element-caption\">mar\u00edlia chaves peixoto e maria laura mouzinho, matem\u00e1ticas, foram as primeiras mulheres inclu\u00eddas como membros titulares da abc. &#8211; acervo abc<\/figcaption><\/figure>\n\n\n\n<div style=\"height:100px\" aria-hidden=\"true\" class=\"wp-block-spacer\"><\/div>\n\n\n\n<div class=\"wp-block-columns is-layout-flex wp-container-core-columns-is-layout-9d6595d7 wp-block-columns-is-layout-flex\">\n<div class=\"wp-block-column is-layout-flow wp-block-column-is-layout-flow\">\n<figure class=\"wp-block-image size-full\"><img loading=\"lazy\" decoding=\"async\" width=\"548\" height=\"460\" src=\"https:\/\/exposicoes.abc.org.br\/100anos\/wp-content\/uploads\/2025\/12\/cap04-08.png\" alt=\"\" class=\"wp-image-276\" srcset=\"https:\/\/exposicoes.abc.org.br\/100anos\/wp-content\/uploads\/2025\/12\/cap04-08.png 548w, https:\/\/exposicoes.abc.org.br\/100anos\/wp-content\/uploads\/2025\/12\/cap04-08-300x252.png 300w\" sizes=\"auto, (max-width: 548px) 100vw, 548px\" \/><figcaption class=\"wp-element-caption\">mo\u00e7\u00e3o da abc publicada no correio da manh\u00e3 (02\/09\/1945) defendia o uso pac\u00edfico da energia at\u00f4mica. &#8211; reprodu\u00e7\u00e3o<\/figcaption><\/figure>\n<\/div>\n\n\n\n<div class=\"wp-block-column is-layout-flow wp-block-column-is-layout-flow\">\n<p>Peixoto, por sua vez, nasceu no Rio Grande do Sul e estudou na Escola Nacional de Engenharia, onde foi colega de Maur\u00edcio Peixoto \u2013 que mais tarde tornou-se seu marido \u2013 e Leopoldo Nachbin. Ao lado de Maur\u00edcio, publicou um importante trabalho sobre a caracteriza\u00e7\u00e3o dos sistemas estruturalmente est\u00e1veis em variedades bidimensionais, que mais tarde ficou conhecido como o &#8220;teorema de Peixoto&#8221;.<br><br>Em 1952, alterou-se a configura\u00e7\u00e3o das se\u00e7\u00f5es da ABC, que passaram a ser cinco: Ci\u00eancias Matem\u00e1ticas, Ci\u00eancias F\u00edsicas, Ci\u00eancias Qu\u00edmicas, Ci\u00eancias Geol\u00f3gicas e Ci\u00eancias Biol\u00f3gicas. Todas estas modifica\u00e7\u00f5es revelavam preocupa\u00e7\u00e3o, por parte da institui\u00e7\u00e3o, de acompanhar o crescimento da comunidade cient\u00edfica nacional, inclusive do ponto de vista geogr\u00e1fico, com S\u00e3o Paulo despontando como importante polo de pesquisa.&nbsp;<\/p>\n<\/div>\n<\/div>\n\n\n\n<div style=\"height:100px\" aria-hidden=\"true\" class=\"wp-block-spacer\"><\/div>\n","protected":false},"excerpt":{"rendered":"<p>Atua\u00e7\u00e3o na ci\u00eancia e na pol\u00edtica Foi no contexto do p\u00f3s-guerra, em que a discuss\u00e3o sobre ci\u00eancia e atua\u00e7\u00e3o do Estado fervilhava, que a participa\u00e7\u00e3o governamental no apoio \u00e0 pesquisa cient\u00edfica nacional se institucionalizou. Ficou claro para a comunidade cient\u00edfica que, no Brasil, apenas o Estado disporia de recursos para apoiar programas cient\u00edficos mais amplos&#8230;.<\/p>\n","protected":false},"author":1,"featured_media":631,"comment_status":"open","ping_status":"open","sticky":false,"template":"","format":"standard","meta":{"_acf_changed":false,"footnotes":""},"tags":[],"periodo":[10],"class_list":["post-29","post","type-post","status-publish","format-standard","has-post-thumbnail","hentry","periodo-1946-1963"],"acf":[],"yoast_head":"<!-- This site is optimized with the Yoast SEO plugin v26.8 - https:\/\/yoast.com\/product\/yoast-seo-wordpress\/ -->\n<title>O Brasil ganha um conselho de pesquisas\u00a0 | Cem Anos de Ci\u00eancia<\/title>\n<meta name=\"robots\" content=\"index, follow, max-snippet:-1, max-image-preview:large, max-video-preview:-1\" \/>\n<link rel=\"canonical\" href=\"https:\/\/exposicoes.abc.org.br\/100anos\/o-brasil-ganha-um-conselho-de-pesquisas\/\" \/>\n<meta property=\"og:locale\" content=\"pt_BR\" \/>\n<meta property=\"og:type\" content=\"article\" \/>\n<meta property=\"og:title\" content=\"O Brasil ganha um conselho de pesquisas\u00a0 | Cem Anos de Ci\u00eancia\" \/>\n<meta property=\"og:description\" content=\"Atua\u00e7\u00e3o na ci\u00eancia e na pol\u00edtica Foi no contexto do p\u00f3s-guerra, em que a discuss\u00e3o sobre ci\u00eancia e atua\u00e7\u00e3o do Estado fervilhava, que a participa\u00e7\u00e3o governamental no apoio \u00e0 pesquisa cient\u00edfica nacional se institucionalizou. Ficou claro para a comunidade cient\u00edfica que, no Brasil, apenas o Estado disporia de recursos para apoiar programas cient\u00edficos mais amplos....\" \/>\n<meta property=\"og:url\" content=\"https:\/\/exposicoes.abc.org.br\/100anos\/o-brasil-ganha-um-conselho-de-pesquisas\/\" \/>\n<meta property=\"og:site_name\" content=\"Cem Anos de Ci\u00eancia\" \/>\n<meta property=\"article:published_time\" content=\"2025-12-22T22:12:02+00:00\" \/>\n<meta property=\"article:modified_time\" content=\"2026-01-30T15:37:36+00:00\" \/>\n<meta property=\"og:image\" content=\"https:\/\/exposicoes.abc.org.br\/100anos\/wp-content\/uploads\/2025\/12\/image-1-5.png\" \/>\n\t<meta property=\"og:image:width\" content=\"392\" \/>\n\t<meta property=\"og:image:height\" content=\"234\" \/>\n\t<meta property=\"og:image:type\" content=\"image\/png\" \/>\n<meta name=\"author\" content=\"sintropika\" \/>\n<meta name=\"twitter:card\" content=\"summary_large_image\" \/>\n<meta name=\"twitter:label1\" content=\"Escrito por\" \/>\n\t<meta name=\"twitter:data1\" content=\"sintropika\" \/>\n\t<meta name=\"twitter:label2\" content=\"Est. tempo de leitura\" \/>\n\t<meta name=\"twitter:data2\" content=\"13 minutos\" \/>\n<script type=\"application\/ld+json\" class=\"yoast-schema-graph\">{\"@context\":\"https:\/\/schema.org\",\"@graph\":[{\"@type\":\"Article\",\"@id\":\"https:\/\/exposicoes.abc.org.br\/100anos\/o-brasil-ganha-um-conselho-de-pesquisas\/#article\",\"isPartOf\":{\"@id\":\"https:\/\/exposicoes.abc.org.br\/100anos\/o-brasil-ganha-um-conselho-de-pesquisas\/\"},\"author\":{\"name\":\"sintropika\",\"@id\":\"https:\/\/exposicoes.abc.org.br\/100anos\/#\/schema\/person\/3debaa657d0a9cab82d3e55ac7c1988d\"},\"headline\":\"O Brasil ganha um conselho de pesquisas\u00a0\",\"datePublished\":\"2025-12-22T22:12:02+00:00\",\"dateModified\":\"2026-01-30T15:37:36+00:00\",\"mainEntityOfPage\":{\"@id\":\"https:\/\/exposicoes.abc.org.br\/100anos\/o-brasil-ganha-um-conselho-de-pesquisas\/\"},\"wordCount\":2255,\"commentCount\":0,\"publisher\":{\"@id\":\"https:\/\/exposicoes.abc.org.br\/100anos\/#organization\"},\"image\":{\"@id\":\"https:\/\/exposicoes.abc.org.br\/100anos\/o-brasil-ganha-um-conselho-de-pesquisas\/#primaryimage\"},\"thumbnailUrl\":\"https:\/\/exposicoes.abc.org.br\/100anos\/wp-content\/uploads\/2025\/12\/image-1-5.png\",\"inLanguage\":\"pt-BR\",\"potentialAction\":[{\"@type\":\"CommentAction\",\"name\":\"Comment\",\"target\":[\"https:\/\/exposicoes.abc.org.br\/100anos\/o-brasil-ganha-um-conselho-de-pesquisas\/#respond\"]}]},{\"@type\":\"WebPage\",\"@id\":\"https:\/\/exposicoes.abc.org.br\/100anos\/o-brasil-ganha-um-conselho-de-pesquisas\/\",\"url\":\"https:\/\/exposicoes.abc.org.br\/100anos\/o-brasil-ganha-um-conselho-de-pesquisas\/\",\"name\":\"O Brasil ganha um conselho de pesquisas\u00a0 | Cem Anos de Ci\u00eancia\",\"isPartOf\":{\"@id\":\"https:\/\/exposicoes.abc.org.br\/100anos\/#website\"},\"primaryImageOfPage\":{\"@id\":\"https:\/\/exposicoes.abc.org.br\/100anos\/o-brasil-ganha-um-conselho-de-pesquisas\/#primaryimage\"},\"image\":{\"@id\":\"https:\/\/exposicoes.abc.org.br\/100anos\/o-brasil-ganha-um-conselho-de-pesquisas\/#primaryimage\"},\"thumbnailUrl\":\"https:\/\/exposicoes.abc.org.br\/100anos\/wp-content\/uploads\/2025\/12\/image-1-5.png\",\"datePublished\":\"2025-12-22T22:12:02+00:00\",\"dateModified\":\"2026-01-30T15:37:36+00:00\",\"breadcrumb\":{\"@id\":\"https:\/\/exposicoes.abc.org.br\/100anos\/o-brasil-ganha-um-conselho-de-pesquisas\/#breadcrumb\"},\"inLanguage\":\"pt-BR\",\"potentialAction\":[{\"@type\":\"ReadAction\",\"target\":[\"https:\/\/exposicoes.abc.org.br\/100anos\/o-brasil-ganha-um-conselho-de-pesquisas\/\"]}]},{\"@type\":\"ImageObject\",\"inLanguage\":\"pt-BR\",\"@id\":\"https:\/\/exposicoes.abc.org.br\/100anos\/o-brasil-ganha-um-conselho-de-pesquisas\/#primaryimage\",\"url\":\"https:\/\/exposicoes.abc.org.br\/100anos\/wp-content\/uploads\/2025\/12\/image-1-5.png\",\"contentUrl\":\"https:\/\/exposicoes.abc.org.br\/100anos\/wp-content\/uploads\/2025\/12\/image-1-5.png\",\"width\":392,\"height\":234},{\"@type\":\"BreadcrumbList\",\"@id\":\"https:\/\/exposicoes.abc.org.br\/100anos\/o-brasil-ganha-um-conselho-de-pesquisas\/#breadcrumb\",\"itemListElement\":[{\"@type\":\"ListItem\",\"position\":1,\"name\":\"In\u00edcio\",\"item\":\"https:\/\/exposicoes.abc.org.br\/100anos\/\"},{\"@type\":\"ListItem\",\"position\":2,\"name\":\"O Brasil ganha um conselho de pesquisas\u00a0\"}]},{\"@type\":\"WebSite\",\"@id\":\"https:\/\/exposicoes.abc.org.br\/100anos\/#website\",\"url\":\"https:\/\/exposicoes.abc.org.br\/100anos\/\",\"name\":\"Cem Anos de Ci\u00eancia\",\"description\":\"\",\"publisher\":{\"@id\":\"https:\/\/exposicoes.abc.org.br\/100anos\/#organization\"},\"potentialAction\":[{\"@type\":\"SearchAction\",\"target\":{\"@type\":\"EntryPoint\",\"urlTemplate\":\"https:\/\/exposicoes.abc.org.br\/100anos\/?s={search_term_string}\"},\"query-input\":{\"@type\":\"PropertyValueSpecification\",\"valueRequired\":true,\"valueName\":\"search_term_string\"}}],\"inLanguage\":\"pt-BR\"},{\"@type\":\"Organization\",\"@id\":\"https:\/\/exposicoes.abc.org.br\/100anos\/#organization\",\"name\":\"Academia Brasileira de Ci\u00eancias\",\"url\":\"https:\/\/exposicoes.abc.org.br\/100anos\/\",\"logo\":{\"@type\":\"ImageObject\",\"inLanguage\":\"pt-BR\",\"@id\":\"https:\/\/exposicoes.abc.org.br\/100anos\/#\/schema\/logo\/image\/\",\"url\":\"https:\/\/exposicoes.abc.org.br\/100anos\/wp-content\/uploads\/2025\/12\/logo-100-abc.png\",\"contentUrl\":\"https:\/\/exposicoes.abc.org.br\/100anos\/wp-content\/uploads\/2025\/12\/logo-100-abc.png\",\"width\":511,\"height\":116,\"caption\":\"Academia Brasileira de Ci\u00eancias\"},\"image\":{\"@id\":\"https:\/\/exposicoes.abc.org.br\/100anos\/#\/schema\/logo\/image\/\"}},{\"@type\":\"Person\",\"@id\":\"https:\/\/exposicoes.abc.org.br\/100anos\/#\/schema\/person\/3debaa657d0a9cab82d3e55ac7c1988d\",\"name\":\"sintropika\",\"image\":{\"@type\":\"ImageObject\",\"inLanguage\":\"pt-BR\",\"@id\":\"https:\/\/exposicoes.abc.org.br\/100anos\/#\/schema\/person\/image\/\",\"url\":\"https:\/\/secure.gravatar.com\/avatar\/35d24915ddd39821c2eae3dc979a4439be79c1ab39a90d812d7f46a7cf0a717e?s=96&d=mm&r=g\",\"contentUrl\":\"https:\/\/secure.gravatar.com\/avatar\/35d24915ddd39821c2eae3dc979a4439be79c1ab39a90d812d7f46a7cf0a717e?s=96&d=mm&r=g\",\"caption\":\"sintropika\"},\"sameAs\":[\"https:\/\/exposicoes.abc.org.br\/100anos\"]}]}<\/script>\n<!-- \/ Yoast SEO plugin. -->","yoast_head_json":{"title":"O Brasil ganha um conselho de pesquisas\u00a0 | Cem Anos de Ci\u00eancia","robots":{"index":"index","follow":"follow","max-snippet":"max-snippet:-1","max-image-preview":"max-image-preview:large","max-video-preview":"max-video-preview:-1"},"canonical":"https:\/\/exposicoes.abc.org.br\/100anos\/o-brasil-ganha-um-conselho-de-pesquisas\/","og_locale":"pt_BR","og_type":"article","og_title":"O Brasil ganha um conselho de pesquisas\u00a0 | Cem Anos de Ci\u00eancia","og_description":"Atua\u00e7\u00e3o na ci\u00eancia e na pol\u00edtica Foi no contexto do p\u00f3s-guerra, em que a discuss\u00e3o sobre ci\u00eancia e atua\u00e7\u00e3o do Estado fervilhava, que a participa\u00e7\u00e3o governamental no apoio \u00e0 pesquisa cient\u00edfica nacional se institucionalizou. Ficou claro para a comunidade cient\u00edfica que, no Brasil, apenas o Estado disporia de recursos para apoiar programas cient\u00edficos mais amplos....","og_url":"https:\/\/exposicoes.abc.org.br\/100anos\/o-brasil-ganha-um-conselho-de-pesquisas\/","og_site_name":"Cem Anos de Ci\u00eancia","article_published_time":"2025-12-22T22:12:02+00:00","article_modified_time":"2026-01-30T15:37:36+00:00","og_image":[{"width":392,"height":234,"url":"https:\/\/exposicoes.abc.org.br\/100anos\/wp-content\/uploads\/2025\/12\/image-1-5.png","type":"image\/png"}],"author":"sintropika","twitter_card":"summary_large_image","twitter_misc":{"Escrito por":"sintropika","Est. tempo de leitura":"13 minutos"},"schema":{"@context":"https:\/\/schema.org","@graph":[{"@type":"Article","@id":"https:\/\/exposicoes.abc.org.br\/100anos\/o-brasil-ganha-um-conselho-de-pesquisas\/#article","isPartOf":{"@id":"https:\/\/exposicoes.abc.org.br\/100anos\/o-brasil-ganha-um-conselho-de-pesquisas\/"},"author":{"name":"sintropika","@id":"https:\/\/exposicoes.abc.org.br\/100anos\/#\/schema\/person\/3debaa657d0a9cab82d3e55ac7c1988d"},"headline":"O Brasil ganha um conselho de pesquisas\u00a0","datePublished":"2025-12-22T22:12:02+00:00","dateModified":"2026-01-30T15:37:36+00:00","mainEntityOfPage":{"@id":"https:\/\/exposicoes.abc.org.br\/100anos\/o-brasil-ganha-um-conselho-de-pesquisas\/"},"wordCount":2255,"commentCount":0,"publisher":{"@id":"https:\/\/exposicoes.abc.org.br\/100anos\/#organization"},"image":{"@id":"https:\/\/exposicoes.abc.org.br\/100anos\/o-brasil-ganha-um-conselho-de-pesquisas\/#primaryimage"},"thumbnailUrl":"https:\/\/exposicoes.abc.org.br\/100anos\/wp-content\/uploads\/2025\/12\/image-1-5.png","inLanguage":"pt-BR","potentialAction":[{"@type":"CommentAction","name":"Comment","target":["https:\/\/exposicoes.abc.org.br\/100anos\/o-brasil-ganha-um-conselho-de-pesquisas\/#respond"]}]},{"@type":"WebPage","@id":"https:\/\/exposicoes.abc.org.br\/100anos\/o-brasil-ganha-um-conselho-de-pesquisas\/","url":"https:\/\/exposicoes.abc.org.br\/100anos\/o-brasil-ganha-um-conselho-de-pesquisas\/","name":"O Brasil ganha um conselho de pesquisas\u00a0 | Cem Anos de Ci\u00eancia","isPartOf":{"@id":"https:\/\/exposicoes.abc.org.br\/100anos\/#website"},"primaryImageOfPage":{"@id":"https:\/\/exposicoes.abc.org.br\/100anos\/o-brasil-ganha-um-conselho-de-pesquisas\/#primaryimage"},"image":{"@id":"https:\/\/exposicoes.abc.org.br\/100anos\/o-brasil-ganha-um-conselho-de-pesquisas\/#primaryimage"},"thumbnailUrl":"https:\/\/exposicoes.abc.org.br\/100anos\/wp-content\/uploads\/2025\/12\/image-1-5.png","datePublished":"2025-12-22T22:12:02+00:00","dateModified":"2026-01-30T15:37:36+00:00","breadcrumb":{"@id":"https:\/\/exposicoes.abc.org.br\/100anos\/o-brasil-ganha-um-conselho-de-pesquisas\/#breadcrumb"},"inLanguage":"pt-BR","potentialAction":[{"@type":"ReadAction","target":["https:\/\/exposicoes.abc.org.br\/100anos\/o-brasil-ganha-um-conselho-de-pesquisas\/"]}]},{"@type":"ImageObject","inLanguage":"pt-BR","@id":"https:\/\/exposicoes.abc.org.br\/100anos\/o-brasil-ganha-um-conselho-de-pesquisas\/#primaryimage","url":"https:\/\/exposicoes.abc.org.br\/100anos\/wp-content\/uploads\/2025\/12\/image-1-5.png","contentUrl":"https:\/\/exposicoes.abc.org.br\/100anos\/wp-content\/uploads\/2025\/12\/image-1-5.png","width":392,"height":234},{"@type":"BreadcrumbList","@id":"https:\/\/exposicoes.abc.org.br\/100anos\/o-brasil-ganha-um-conselho-de-pesquisas\/#breadcrumb","itemListElement":[{"@type":"ListItem","position":1,"name":"In\u00edcio","item":"https:\/\/exposicoes.abc.org.br\/100anos\/"},{"@type":"ListItem","position":2,"name":"O Brasil ganha um conselho de pesquisas\u00a0"}]},{"@type":"WebSite","@id":"https:\/\/exposicoes.abc.org.br\/100anos\/#website","url":"https:\/\/exposicoes.abc.org.br\/100anos\/","name":"Cem Anos de Ci\u00eancia","description":"","publisher":{"@id":"https:\/\/exposicoes.abc.org.br\/100anos\/#organization"},"potentialAction":[{"@type":"SearchAction","target":{"@type":"EntryPoint","urlTemplate":"https:\/\/exposicoes.abc.org.br\/100anos\/?s={search_term_string}"},"query-input":{"@type":"PropertyValueSpecification","valueRequired":true,"valueName":"search_term_string"}}],"inLanguage":"pt-BR"},{"@type":"Organization","@id":"https:\/\/exposicoes.abc.org.br\/100anos\/#organization","name":"Academia Brasileira de Ci\u00eancias","url":"https:\/\/exposicoes.abc.org.br\/100anos\/","logo":{"@type":"ImageObject","inLanguage":"pt-BR","@id":"https:\/\/exposicoes.abc.org.br\/100anos\/#\/schema\/logo\/image\/","url":"https:\/\/exposicoes.abc.org.br\/100anos\/wp-content\/uploads\/2025\/12\/logo-100-abc.png","contentUrl":"https:\/\/exposicoes.abc.org.br\/100anos\/wp-content\/uploads\/2025\/12\/logo-100-abc.png","width":511,"height":116,"caption":"Academia Brasileira de Ci\u00eancias"},"image":{"@id":"https:\/\/exposicoes.abc.org.br\/100anos\/#\/schema\/logo\/image\/"}},{"@type":"Person","@id":"https:\/\/exposicoes.abc.org.br\/100anos\/#\/schema\/person\/3debaa657d0a9cab82d3e55ac7c1988d","name":"sintropika","image":{"@type":"ImageObject","inLanguage":"pt-BR","@id":"https:\/\/exposicoes.abc.org.br\/100anos\/#\/schema\/person\/image\/","url":"https:\/\/secure.gravatar.com\/avatar\/35d24915ddd39821c2eae3dc979a4439be79c1ab39a90d812d7f46a7cf0a717e?s=96&d=mm&r=g","contentUrl":"https:\/\/secure.gravatar.com\/avatar\/35d24915ddd39821c2eae3dc979a4439be79c1ab39a90d812d7f46a7cf0a717e?s=96&d=mm&r=g","caption":"sintropika"},"sameAs":["https:\/\/exposicoes.abc.org.br\/100anos"]}]}},"_links":{"self":[{"href":"https:\/\/exposicoes.abc.org.br\/100anos\/wp-json\/wp\/v2\/posts\/29","targetHints":{"allow":["GET"]}}],"collection":[{"href":"https:\/\/exposicoes.abc.org.br\/100anos\/wp-json\/wp\/v2\/posts"}],"about":[{"href":"https:\/\/exposicoes.abc.org.br\/100anos\/wp-json\/wp\/v2\/types\/post"}],"author":[{"embeddable":true,"href":"https:\/\/exposicoes.abc.org.br\/100anos\/wp-json\/wp\/v2\/users\/1"}],"replies":[{"embeddable":true,"href":"https:\/\/exposicoes.abc.org.br\/100anos\/wp-json\/wp\/v2\/comments?post=29"}],"version-history":[{"count":22,"href":"https:\/\/exposicoes.abc.org.br\/100anos\/wp-json\/wp\/v2\/posts\/29\/revisions"}],"predecessor-version":[{"id":777,"href":"https:\/\/exposicoes.abc.org.br\/100anos\/wp-json\/wp\/v2\/posts\/29\/revisions\/777"}],"wp:featuredmedia":[{"embeddable":true,"href":"https:\/\/exposicoes.abc.org.br\/100anos\/wp-json\/wp\/v2\/media\/631"}],"wp:attachment":[{"href":"https:\/\/exposicoes.abc.org.br\/100anos\/wp-json\/wp\/v2\/media?parent=29"}],"wp:term":[{"taxonomy":"post_tag","embeddable":true,"href":"https:\/\/exposicoes.abc.org.br\/100anos\/wp-json\/wp\/v2\/tags?post=29"},{"taxonomy":"periodo","embeddable":true,"href":"https:\/\/exposicoes.abc.org.br\/100anos\/wp-json\/wp\/v2\/periodo?post=29"}],"curies":[{"name":"wp","href":"https:\/\/api.w.org\/{rel}","templated":true}]}}