{"id":27,"date":"2025-12-22T19:11:49","date_gmt":"2025-12-22T22:11:49","guid":{"rendered":"https:\/\/exposicoes.abc.org.br\/100anos\/?p=27"},"modified":"2026-01-30T12:41:00","modified_gmt":"2026-01-30T15:41:00","slug":"ciencia-caminho-de-desenvolvimento","status":"publish","type":"post","link":"https:\/\/exposicoes.abc.org.br\/100anos\/ciencia-caminho-de-desenvolvimento\/","title":{"rendered":"Ci\u00eancia: caminho de desenvolvimento"},"content":{"rendered":"\n<div class=\"wp-block-columns is-layout-flex wp-container-core-columns-is-layout-9d6595d7 wp-block-columns-is-layout-flex\">\n<div class=\"wp-block-column is-layout-flow wp-block-column-is-layout-flow\">\n<h2 class=\"wp-block-heading\">Ci\u00eancia: caminho de desenvolvimento<\/h2>\n\n\n\n<p>A elei\u00e7\u00e3o de Carlos Chagas Filho para a presid\u00eancia da ABC, em 1965, confirmou a ascend\u00eancia na entidade de pesquisadores da \u00e1rea biol\u00f3gica, que j\u00e1 vinha ocorrendo desde a d\u00e9cada de 1930, em rela\u00e7\u00e3o ao grupo fundador, formado principalmente por engenheiros, matem\u00e1ticos e f\u00edsicos.\u00a0 Sua gest\u00e3o, como as que a seguiram, caracterizou-se por uma preocupa\u00e7\u00e3o pol\u00edtica, relacionada \u00e0 crescente import\u00e2ncia econ\u00f4mica atribu\u00edda \u00e0 pesquisa cient\u00edfica pelas esferas governamentais.<br><br>A preocupa\u00e7\u00e3o traduziu-se em a\u00e7\u00f5es concretas, como a cria\u00e7\u00e3o da p\u00f3s-gradua\u00e7\u00e3o e o aumento dos recursos destinados \u00e0 ci\u00eancia e \u00e0 tecnologia durante o regime militar, que tinha como discurso a promo\u00e7\u00e3o do desenvolvimento nacional. Em 1966, o presidente Castelo Branco autorizou, durante a celebra\u00e7\u00e3o dos 50 anos da ABC, a doa\u00e7\u00e3o de n\u00famero significativo de Obriga\u00e7\u00f5es Reajust\u00e1veis do Tesouro Nacional \u00e0 Academia \u2013 o equivalente, na \u00e9poca, a US$ 1 milh\u00e3o \u2013, com a justificativa de fortalecer a ci\u00eancia e a tecnologia no pa\u00eds. A entidade teve seu papel destacado no I e II Plano B\u00e1sico de Desenvolvimento Cient\u00edfico e Tecnol\u00f3gico (1973\/74 e 1975\/79).\u00a0<\/p>\n<\/div>\n\n\n\n<div class=\"wp-block-column is-layout-flow wp-block-column-is-layout-flow\">\n<figure class=\"wp-block-image size-full\"><img loading=\"lazy\" decoding=\"async\" width=\"548\" height=\"680\" src=\"https:\/\/exposicoes.abc.org.br\/100anos\/wp-content\/uploads\/2025\/12\/cap05-02.png\" alt=\"\" class=\"wp-image-286\" srcset=\"https:\/\/exposicoes.abc.org.br\/100anos\/wp-content\/uploads\/2025\/12\/cap05-02.png 548w, https:\/\/exposicoes.abc.org.br\/100anos\/wp-content\/uploads\/2025\/12\/cap05-02-242x300.png 242w\" sizes=\"auto, (max-width: 548px) 100vw, 548px\" \/><\/figure>\n<\/div>\n<\/div>\n\n\n\n<div style=\"height:100px\" aria-hidden=\"true\" class=\"wp-block-spacer\"><\/div>\n\n\n\n<figure class=\"wp-block-image size-large\"><img loading=\"lazy\" decoding=\"async\" width=\"1024\" height=\"495\" src=\"https:\/\/exposicoes.abc.org.br\/100anos\/wp-content\/uploads\/2025\/12\/cap05-01-1024x495.png\" alt=\"\" class=\"wp-image-284\" srcset=\"https:\/\/exposicoes.abc.org.br\/100anos\/wp-content\/uploads\/2025\/12\/cap05-01-1024x495.png 1024w, https:\/\/exposicoes.abc.org.br\/100anos\/wp-content\/uploads\/2025\/12\/cap05-01-300x145.png 300w, https:\/\/exposicoes.abc.org.br\/100anos\/wp-content\/uploads\/2025\/12\/cap05-01-768x371.png 768w, https:\/\/exposicoes.abc.org.br\/100anos\/wp-content\/uploads\/2025\/12\/cap05-01.png 1366w\" sizes=\"auto, (max-width: 1024px) 100vw, 1024px\" \/><figcaption class=\"wp-element-caption\">invas\u00e3o da universidade de bras\u00edlia pelos militares em 1965. &#8211; acervo unb<\/figcaption><\/figure>\n\n\n\n<div style=\"height:100px\" aria-hidden=\"true\" class=\"wp-block-spacer\"><\/div>\n\n\n\n<p>Foram criadas nesse per\u00edodo a Financiadora de Estudos e Projetos (Finep), em 1967; o Fundo Nacional do Desenvolvimento da Educa\u00e7\u00e3o (FNDE), em 1968; e o Fundo Nacional de Desenvolvimento Cient\u00edfico e Tecnol\u00f3gico (FNDCT), em 1969; al\u00e9m da Empresa Brasileira de Aeron\u00e1utica S.A. (Embraer), tamb\u00e9m em 1969; da Empresa Brasileira de Pesquisa Agropecu\u00e1ria (Embrapa), em 1972; e do Instituto Nacional de Metrologia, Qualidade e Tecnologia (Inmetro), em 1973; e do Laborat\u00f3rio Nacional de Computa\u00e7\u00e3o Cient\u00edfica (LNCC), em 1980.<br><br>Paradoxalmente, durante o regime ditatorial, muitos cientistas brasileiros, incluindo Acad\u00eamicos, foram perseguidos e exilados. A ABC manifestou preocupa\u00e7\u00e3o, em agosto de 1965, com a invas\u00e3o da UnB, que levou, no m\u00eas seguinte, ao pedido de demiss\u00e3o de duas centenas de professores \u2013 alguns dos quais membros da ABC. No mesmo ano, manifesta\u00e7\u00f5es de intelectuais e artistas, dentre os quais alguns Acad\u00eamicos, condenavam as pr\u00e1ticas do regime militar. Por outro lado, outros Acad\u00eamicos apoiaram, no primeiro anivers\u00e1rio do golpe civil-militar, a publica\u00e7\u00e3o de um manifesto em prol das a\u00e7\u00f5es governamentais. Diante do quadro, a ABC adotou, ao longo do per\u00edodo da ditadura militar, uma postura discreta e cuidadosa em rela\u00e7\u00e3o aos acontecimentos pol\u00edticos.<\/p>\n\n\n\n<div style=\"height:100px\" aria-hidden=\"true\" class=\"wp-block-spacer\"><\/div>\n\n\n\n<div class=\"wp-block-columns box is-layout-flex wp-container-core-columns-is-layout-9d6595d7 wp-block-columns-is-layout-flex\">\n<div class=\"wp-block-column is-layout-flow wp-block-column-is-layout-flow\">\n<h2 class=\"wp-block-heading\">Cientistas cassados<\/h2>\n\n\n\n<p>Durante o regime militar, cerca de 50 membros ou futuros membros da ABC foram atingidos por medidas ditatoriais, que inclu\u00edram pris\u00e3o, aposentadoria, demiss\u00e3o, censura, impedimento ou cerceamento de exercer a atividade cient\u00edfica.&nbsp;<\/p>\n\n\n\n<ul class=\"wp-block-list\">\n<li><strong>Amilcar Vianna Martins<\/strong><br><em>M\u00e9dico parasitologista<\/em><br>Foi aposentado compulsoriamente do Instituto de Ci\u00eancias Biol\u00f3gicas da Universidade Federal de Minas Gerais (UFMG) pelo AI-5.<\/li>\n\n\n\n<li><strong>Ant\u00f4nio Rodrigues Cordeiro<\/strong><br><em>Geneticista<br><\/em>Um dos criadores da UnB, foi demitido da institui\u00e7\u00e3o em 1965.<\/li>\n\n\n\n<li><strong>Bernardo Boris Vargaftig<\/strong><br><em>Farmacologista<\/em><br>Indicado por Vital Brazil para assistente do Departamento de Farmacologia da Faculdade de Ci\u00eancias M\u00e9dicas de Campinas, teve a nomea\u00e7\u00e3o negada. Foi preso em 14 de julho de 1964 e ficou detido por mais de 50 dias no navio-pris\u00e3o Raul Soares.<\/li>\n\n\n\n<li><strong>Bolivar Lamounie<\/strong>r<br><em>Cientista pol\u00edtico<\/em><br>Professor do Instituto Universit\u00e1rio de Pesquisas do Rio de Janeiro (Iuperj), foi aposentado compulsoriamente em 1969 com base no AI-5 mesmo sem ser funcion\u00e1rio p\u00fablico.<\/li>\n\n\n\n<li><strong>Carlos Medicis Morel<\/strong><br><em>Bi\u00f3logo<\/em><br>Conseguiu uma bolsa de doutorado no exterior pelo Conselho Nacional de Pesquisas em 1969, mas n\u00e3o recebeu o benef\u00edcio por determina\u00e7\u00e3o dos \u00f3rg\u00e3os de seguran\u00e7a do governo.<\/li>\n\n\n\n<li><strong>Celso Furtado<\/strong><br><em>Economista<\/em><br>Ministro do Planejamento do governo Jo\u00e3o Goulart, teve os direitos pol\u00edticos cassados em 1964, com base no AI-1.<\/li>\n\n\n\n<li><strong>Elisa Esther Frota Pessoa<\/strong><br><em>F\u00edsica<\/em><br>Demitiu-se da UnB em 1965, devido \u00e0s persegui\u00e7\u00f5es pol\u00edticas na Universidade. Tornou-se pesquisadora do Centro Brasileiro de Pesquisas F\u00edsicas (CBPF) e professora da Universidade Federal do Rio de Janeiro, mas foi aposentada compulsoriamente da fun\u00e7\u00e3o em 1969 com base no AI-5 e, no mesmo ano, demitida do CBPF.<\/li>\n\n\n\n<li><strong>Elza Salvatori Berqu\u00f3<\/strong><br><em>Dem\u00f3grafa<\/em><br>Pesquisadora do Centro de Estudos de Din\u00e2mica Populacional e catedr\u00e1tica da Faculdade de Higiene da Universidade de S\u00e3o Paulo (USP), foi aposentada compulsoriamente em abril de 1969 com base no AI-5.<\/li>\n\n\n\n<li><strong>Erney Fel\u00edcio Plessman de Camargo<\/strong><br><em>M\u00e9dico parasitologista<\/em><br>Foi denunciado por atividades subversivas pela comiss\u00e3o interna da USP, onde era professor, e demitido em outubro de 1964 com base no AI-1 e submetido a Inqu\u00e9rito Policial Militar. Retornou ao trabalho, mas foi demitido novamente com base no AI-5.<\/li>\n\n\n\n<li><strong>Ernst Hamburger<\/strong><br><em>F\u00edsico<\/em><br>Foi preso em 1970, quando era secret\u00e1rio-geral da Sociedade Brasileira de F\u00edsica (SBF), e ficou detido por algumas horas. Convidado a lecionar na Inglaterra, teve o exerc\u00edcio da profiss\u00e3o coibido pelo impedimento de sair do Brasil.<\/li>\n\n\n\n<li><strong>Fernando Braga Ubatuba<\/strong><br><em>M\u00e9dico<\/em><br>Preso em 1968 na Universidade Federal Rural do Rio de Janeiro (UFRRJ), foi levado para o paiol de p\u00f3lvora do ex\u00e9rcito, em Paracambi. Em abril de 1970, foi aposentado compulsoriamente do Instituto Oswaldo Cruz (IOC) no evento conhecido como Massacre de Manguinhos, e em novembro do mesmo ano foi aposentado da Universidade.<\/li>\n\n\n\n<li><strong>Haity Moussatch\u00e9<\/strong><br><em>M\u00e9dico<\/em><br>Teve os direitos pol\u00edticos suspensos e foi aposentado compulsoriamente do IOC em abril de 1970 com base no AI-5, no evento conhecido como Massacre de Manguinhos.<\/li>\n\n\n\n<li><strong>Herman Lent<br><\/strong><em>M\u00e9dico parasitologista<br><\/em>Teve os direitos pol\u00edticos suspensos e foi aposentado compulsoriamente do IOC em abril de 1970 com base no AI-5, no evento conhecido como Massacre de Manguinhos.<\/li>\n\n\n\n<li><strong>Hugo de Souza Lopes<br><\/strong><em>M\u00e9dico veterin\u00e1rio<br><\/em>Teve os direitos pol\u00edticos suspensos e foi aposentado compulsoriamente do IOC em abril de 1970 com base no AI-5, no evento conhecido como Massacre de Manguinhos.<\/li>\n\n\n\n<li><strong>Isa\u00edas Raw<br><\/strong><em>Bioqu\u00edmico<br><\/em>Foi preso e ficou detido por 13 dias, denunciado por atividades subversivas pela comiss\u00e3o interna da USP, onde era professor. Submetido a Inqu\u00e9rito Policial Militar, foi aposentado compulsoriamente em abril de 1969 com base no AI-5.<\/li>\n<\/ul>\n<\/div>\n\n\n\n<div class=\"wp-block-column is-layout-flow wp-block-column-is-layout-flow\">\n<ul class=\"wp-block-list\">\n<li><strong>Jayme Tiomno<br><\/strong><em>F\u00edsico<br><\/em>Demitiu-se da UnB em 1965, em solidariedade aos colegas perseguidos. Tornou-se professor da USP, de onde foi aposentado em 1969, quando teve seus direitos pol\u00edticos cassados pelo AI-5. Foi tamb\u00e9m afastado do CBPF.<\/li>\n\n\n\n<li><strong>Jo\u00e3o Crist\u00f3v\u00e3o Cardoso<br><\/strong><em>Qu\u00edmico<\/em><br>Professor catedr\u00e1tico do Instituto de Qu\u00edmica da Universidade Federal do Rio de Janeiro (UFRJ), foi aposentado compulsoriamente em abril de 1969 com base no AI-5.<\/li>\n\n\n\n<li><strong>Jos\u00e9 Israel Vargas<br>F\u00edsico<br><\/strong>Professor da Faculdade de Filosofia da UFMG e assessor t\u00e9cnico da Comiss\u00e3o Nacional de Energia Nuclear (CNEN); com o golpe civil- militar de 1964, foi demitido da CNEN e afastado da UFMG.<\/li>\n\n\n\n<li><strong>Jos\u00e9 Leite Lopes<br><\/strong><em>F\u00edsico<\/em><br>Foi preso e ficou detido por um dia e submetido a Inqu\u00e9rito Policial Militar logo ap\u00f3s o golpe civil-militar. Afastou-se, ent\u00e3o, do cargo de diretor do CBPF. Em 1969, foi aposentado compulsoriamente da UFRJ com base no AI-5 e demitido do CBPF no mesmo ano. Retornou em 1986, a convite do ent\u00e3o ministro da Ci\u00eancia e Tecnologia, Renato Archer.<\/li>\n\n\n\n<li><strong>Jos\u00e9 Reinaldo Magalh\u00e3es<br><\/strong><em>Fisiologista<\/em><br>Professor do Instituto Central de Bioci\u00eancias da UnB, foi preso e demitido da Universidade em 1965.<\/li>\n\n\n\n<li><strong>Luiz Fernando Gouv\u00eaa Labouriau<br><\/strong><em>Bot\u00e2nico<\/em><br>Deixou a UnB em 1973 devido a persegui\u00e7\u00f5es pol\u00edticas.<\/li>\n\n\n\n<li><strong>Luis Hildebrando Pereira da Silva<br><\/strong><em>M\u00e9dico parasitologista<br><\/em>Foi denunciado por atividades subversivas por uma comiss\u00e3o da USP e demitido em 1964. Retornou em 1968 para a Faculdade de Medicina de Ribeir\u00e3o Preto, mas foi aposentado em 1969, com base no AI-5.<\/li>\n\n\n\n<li><strong>Maria Laura Mouzinho Leite Lopes<br><\/strong><em>Matem\u00e1tica<\/em><br>Foi aposentada compulsoriamente da UFRJ em abril de 1969, com base no AI-5, e, em julho do mesmo ano, foi aposentada tamb\u00e9m da fun\u00e7\u00e3o de professora do ensino m\u00e9dio.<\/li>\n\n\n\n<li><strong>Mario Schenberg<br><\/strong><em>F\u00edsico<\/em><br>Ficou preso por 50 dias, denunciado por atividades subversivas pela comiss\u00e3o interna da USP, institu\u00edda em 1964, e submetido a Inqu\u00e9rito Policial Militar, al\u00e9m de ter sua biblioteca destru\u00edda. Posteriormente, em abril de 1969, foi aposentado compulsoriamente com base no AI-5, sendo proibido at\u00e9 mesmo de frequentar a Universidade.<\/li>\n\n\n\n<li><strong>Michel Pinkus Rabinovitch<br><\/strong><em>M\u00e9dico parasitologista<br><\/em>Foi convidado em 1964 a integrar a equipe de professores da UnB e chegou a ser nomeado, mas n\u00e3o tomou posse na nova Universidade em fun\u00e7\u00e3o do golpe civil-militar. Na USP, foi denunciado por atividades subversivas pela comiss\u00e3o interna da Universidade e indiciado em Inqu\u00e9rito Policial Militar. Tentaram prend\u00ea-lo durante uma reuni\u00e3o da Sociedade Brasileira para o Progresso da Ci\u00eancia, sem sucesso \u2013 ele conseguiu fugir e ficou escondido por dez dias.<\/li>\n\n\n\n<li><strong>Simon Schwartzman<br><\/strong><em>Soci\u00f3logo e cientista pol\u00edtico<br><\/em>Professor da UFMG, foi preso por tr\u00eas meses no Departamento de Ordem Pol\u00edtica e Social (Dops) de Belo Horizonte. Depois de solto, foi<br>mantido em pris\u00e3o domiciliar e impedido de retornar \u00e0 Universidade.<\/li>\n\n\n\n<li><strong>Thomas Maack<br><\/strong><em>M\u00e9dico fisiologista<br><\/em>Foi detido em seu laborat\u00f3rio na USP em 1964 e levado para o navio-pris\u00e3o Raul Soares, onde ficou preso por cerca de quatro meses. Foi denunciado por atividades subversivas pela comiss\u00e3o interna da Universidade, submetido a Inqu\u00e9rito Policial Militar e demitido da institui\u00e7\u00e3o com base no AI-1.<\/li>\n\n\n\n<li><strong>Tito Arcoverde Cavalcanti de Albuquerque<br><\/strong><em>M\u00e9dico fisiologista<br><\/em>Teve os direitos pol\u00edticos suspensos e foi aposentado compulsoriamente do IOC em 1970, com base no AI-5, no evento conhecido como Massacre de Manguinhos.<\/li>\n\n\n\n<li><strong>Victor Nussenzveig<br><\/strong><em>M\u00e9dico<\/em><br>Professor da Faculdade de Medicina da USP, foi submetido a Inqu\u00e9rito Policial Militar.<\/li>\n\n\n\n<li><strong>Walter Oswaldo Cruz<br><\/strong><em>M\u00e9dico patologista<br><\/em>Pesquisador e chefe da Divis\u00e3o de Patologia do IOC, foi submetido em 1966 \u00e0 comiss\u00e3o de inqu\u00e9rito interna constitu\u00edda para investigar den\u00fancias de malversa\u00e7\u00e3o de verbas e atividades subversivas na institui\u00e7\u00e3o.<\/li>\n\n\n\n<li><strong>Wanderley Guilherme dos Santos<br><\/strong><em>Cientista pol\u00edtico<br><\/em>Professor do Departamento de Filosofia do Instituto Superior de Estudos Brasileiros, foi aposentado compulsoriamente em outubro de 1964 com base no AI-1.<\/li>\n<\/ul>\n<\/div>\n<\/div>\n\n\n\n<figure class=\"wp-block-image size-large\"><img loading=\"lazy\" decoding=\"async\" width=\"1024\" height=\"495\" src=\"https:\/\/exposicoes.abc.org.br\/100anos\/wp-content\/uploads\/2025\/12\/cap05-03-1024x495.png\" alt=\"\" class=\"wp-image-295\" srcset=\"https:\/\/exposicoes.abc.org.br\/100anos\/wp-content\/uploads\/2025\/12\/cap05-03-1024x495.png 1024w, https:\/\/exposicoes.abc.org.br\/100anos\/wp-content\/uploads\/2025\/12\/cap05-03-300x145.png 300w, https:\/\/exposicoes.abc.org.br\/100anos\/wp-content\/uploads\/2025\/12\/cap05-03-768x371.png 768w, https:\/\/exposicoes.abc.org.br\/100anos\/wp-content\/uploads\/2025\/12\/cap05-03.png 1366w\" sizes=\"auto, (max-width: 1024px) 100vw, 1024px\" \/><figcaption class=\"wp-element-caption\">plateia do simp\u00f3sio brasileiro de paleontologia. &#8211; acervo abc<\/figcaption><\/figure>\n\n\n\n<div style=\"height:100px\" aria-hidden=\"true\" class=\"wp-block-spacer\"><\/div>\n\n\n\n<h2 class=\"wp-block-heading\">Not\u00edcias de uma institui\u00e7\u00e3o cinquenten\u00e1ria<\/h2>\n\n\n\n<p>Em 1966, a ABC passou por uma profunda reformula\u00e7\u00e3o de estatuto. Al\u00e9m de modificar as categorias de membros, a nova vers\u00e3o detalhou minuciosamente o rigoroso processo seletivo de novos acad\u00eamicos.<br><br>Neste per\u00edodo, tamb\u00e9m, a Academia voltou a fortalecer sua agenda de confer\u00eancias, reuni\u00f5es e simp\u00f3sios, promovendo interc\u00e2mbio com institui\u00e7\u00f5es nacionais e internacionais. O astronauta norte-americano Richard Gordon, por exemplo, proferiu palestra na ABC em 1966. Em 1970, o Simp\u00f3sio Brasileiro de Paleontologia, na sede da Academia, reuniu especialistas de v\u00e1rios pa\u00edses para discutir a pesquisa sobre a pr\u00e9-hist\u00f3ria do Brasil. Em 1978, teve in\u00edcio uma s\u00e9rie de confer\u00eancias realizadas em parceria com a IBM, com vistas \u00e0 promo\u00e7\u00e3o da intera\u00e7\u00e3o entre a comunidade cient\u00edfica e a ind\u00fastria, que trouxe ao Brasil renomados pesquisadores estrangeiros, muitos deles ganhadores de pr\u00eamios Nobel, para falar sobre economia, qu\u00edmica e matem\u00e1tica. Na ocasi\u00e3o, foi institu\u00eddo o Pr\u00eamio de Ci\u00eancia e Tecnologia Academia-IBM, destinado a cientistas brasileiros.<br><br>A cinquenten\u00e1ria ABC come\u00e7ou tamb\u00e9m a deslocar algumas de suas atividades para outras cidades al\u00e9m do Rio de Janeiro. Em 1966, o Acad\u00eamico e vice-presidente da ABC Paschoal Senise presidiu a primeira sess\u00e3o regular da Academia em S\u00e3o Paulo, no campus da USP.<\/p>\n\n\n\n<div style=\"height:100px\" aria-hidden=\"true\" class=\"wp-block-spacer\"><\/div>\n\n\n\n<hr class=\"wp-block-separator has-alpha-channel-opacity\"\/>\n\n\n\n<div style=\"height:100px\" aria-hidden=\"true\" class=\"wp-block-spacer\"><\/div>\n\n\n\n<div class=\"wp-block-columns is-layout-flex wp-container-core-columns-is-layout-9d6595d7 wp-block-columns-is-layout-flex\">\n<div class=\"wp-block-column is-layout-flow wp-block-column-is-layout-flow\">\n<figure class=\"wp-block-image size-full\"><img loading=\"lazy\" decoding=\"async\" width=\"548\" height=\"506\" src=\"https:\/\/exposicoes.abc.org.br\/100anos\/wp-content\/uploads\/2025\/12\/cap05-04.png\" alt=\"\" class=\"wp-image-299\" srcset=\"https:\/\/exposicoes.abc.org.br\/100anos\/wp-content\/uploads\/2025\/12\/cap05-04.png 548w, https:\/\/exposicoes.abc.org.br\/100anos\/wp-content\/uploads\/2025\/12\/cap05-04-300x277.png 300w\" sizes=\"auto, (max-width: 548px) 100vw, 548px\" \/><figcaption class=\"wp-element-caption\">em 1981, a abc assumiu a publica\u00e7\u00e3o da revista brasileira de biologia. &#8211; acervo abc<br>as confer\u00eancias realizadas em parceria com a ibm inclu\u00edram diversos convidados internacionais e buscavam estimular a intera\u00e7\u00e3o entre comunidade cient\u00edfica e ind\u00fastrias. &#8211; reprodu\u00e7\u00e3o\/ jornal do brasil (19\/08\/1978)<br>jornal do brasil (22\/09\/1970) noticia o simp\u00f3sio brasileiro de paleontologia. &#8211; reprodu\u00e7\u00e3o<\/figcaption><\/figure>\n<\/div>\n\n\n\n<div class=\"wp-block-column is-layout-flow wp-block-column-is-layout-flow\">\n<p>Al\u00e9m da publica\u00e7\u00e3o constante dos Anais da ABC, em 1981 a Academia assumiu a Revista Brasileira de Biologia, que havia sido criada em 1940 pela Sociedade Brasileira de Biologia, com foco na fauna e flora neotropicais. A revista ficaria nas m\u00e3os da ABC at\u00e9 1998, quando passou a ser publicada pelo Instituto Internacional de Ecologia.<br><br>Do ponto de vista institucional, a ABC procurou estabelecer ou fortalecer conv\u00eanios j\u00e1 existentes com suas cong\u00eaneres estrangeiras, incluindo a Sociedade Japonesa para a Promo\u00e7\u00e3o da Ci\u00eancia e os Institutos Nacionais de Sa\u00fade dos Estados Unidos. A institui\u00e7\u00e3o refor\u00e7ou suas atividades cient\u00edficas, lan\u00e7ando-se na coordena\u00e7\u00e3o de programas de pesquisa multidisciplinar sobre uma variedade de temas, incluindo o estudo sistem\u00e1tico e qu\u00edmico da flora amaz\u00f4nica, da biodiversidade do Nordeste e do cerrado do estado de Minas Gerais. Participou, ainda, por meio de seus membros, da cria\u00e7\u00e3o dos primeiros cursos de p\u00f3s-gradua\u00e7\u00e3o em diferentes universidades brasileiras.<\/p>\n<\/div>\n<\/div>\n\n\n\n<div style=\"height:100px\" aria-hidden=\"true\" class=\"wp-block-spacer\"><\/div>\n","protected":false},"excerpt":{"rendered":"<p>Ci\u00eancia: caminho de desenvolvimento A elei\u00e7\u00e3o de Carlos Chagas Filho para a presid\u00eancia da ABC, em 1965, confirmou a ascend\u00eancia na entidade de pesquisadores da \u00e1rea biol\u00f3gica, que j\u00e1 vinha ocorrendo desde a d\u00e9cada de 1930, em rela\u00e7\u00e3o ao grupo fundador, formado principalmente por engenheiros, matem\u00e1ticos e f\u00edsicos.\u00a0 Sua gest\u00e3o, como as que a seguiram,&#8230;<\/p>\n","protected":false},"author":1,"featured_media":629,"comment_status":"open","ping_status":"open","sticky":false,"template":"","format":"standard","meta":{"_acf_changed":false,"footnotes":""},"tags":[],"periodo":[11],"class_list":["post-27","post","type-post","status-publish","format-standard","has-post-thumbnail","hentry","periodo-1964-1980"],"acf":[],"yoast_head":"<!-- This site is optimized with the Yoast SEO plugin v26.8 - https:\/\/yoast.com\/product\/yoast-seo-wordpress\/ -->\n<title>Ci\u00eancia: caminho de desenvolvimento | Cem Anos de Ci\u00eancia<\/title>\n<meta name=\"robots\" content=\"index, follow, max-snippet:-1, max-image-preview:large, max-video-preview:-1\" \/>\n<link rel=\"canonical\" href=\"https:\/\/exposicoes.abc.org.br\/100anos\/ciencia-caminho-de-desenvolvimento\/\" \/>\n<meta property=\"og:locale\" content=\"pt_BR\" \/>\n<meta property=\"og:type\" content=\"article\" \/>\n<meta property=\"og:title\" content=\"Ci\u00eancia: caminho de desenvolvimento | Cem Anos de Ci\u00eancia\" \/>\n<meta property=\"og:description\" content=\"Ci\u00eancia: caminho de desenvolvimento A elei\u00e7\u00e3o de Carlos Chagas Filho para a presid\u00eancia da ABC, em 1965, confirmou a ascend\u00eancia na entidade de pesquisadores da \u00e1rea biol\u00f3gica, que j\u00e1 vinha ocorrendo desde a d\u00e9cada de 1930, em rela\u00e7\u00e3o ao grupo fundador, formado principalmente por engenheiros, matem\u00e1ticos e f\u00edsicos.\u00a0 Sua gest\u00e3o, como as que a seguiram,...\" \/>\n<meta property=\"og:url\" content=\"https:\/\/exposicoes.abc.org.br\/100anos\/ciencia-caminho-de-desenvolvimento\/\" \/>\n<meta property=\"og:site_name\" content=\"Cem Anos de Ci\u00eancia\" \/>\n<meta property=\"article:published_time\" content=\"2025-12-22T22:11:49+00:00\" \/>\n<meta property=\"article:modified_time\" content=\"2026-01-30T15:41:00+00:00\" \/>\n<meta property=\"og:image\" content=\"https:\/\/exposicoes.abc.org.br\/100anos\/wp-content\/uploads\/2025\/12\/image-1-3.png\" \/>\n\t<meta property=\"og:image:width\" content=\"392\" \/>\n\t<meta property=\"og:image:height\" content=\"234\" \/>\n\t<meta property=\"og:image:type\" content=\"image\/png\" \/>\n<meta name=\"author\" content=\"sintropika\" \/>\n<meta name=\"twitter:card\" content=\"summary_large_image\" \/>\n<meta name=\"twitter:label1\" content=\"Escrito por\" \/>\n\t<meta name=\"twitter:data1\" content=\"sintropika\" \/>\n\t<meta name=\"twitter:label2\" content=\"Est. tempo de leitura\" \/>\n\t<meta name=\"twitter:data2\" content=\"12 minutos\" \/>\n<script type=\"application\/ld+json\" class=\"yoast-schema-graph\">{\"@context\":\"https:\/\/schema.org\",\"@graph\":[{\"@type\":\"Article\",\"@id\":\"https:\/\/exposicoes.abc.org.br\/100anos\/ciencia-caminho-de-desenvolvimento\/#article\",\"isPartOf\":{\"@id\":\"https:\/\/exposicoes.abc.org.br\/100anos\/ciencia-caminho-de-desenvolvimento\/\"},\"author\":{\"name\":\"sintropika\",\"@id\":\"https:\/\/exposicoes.abc.org.br\/100anos\/#\/schema\/person\/3debaa657d0a9cab82d3e55ac7c1988d\"},\"headline\":\"Ci\u00eancia: caminho de desenvolvimento\",\"datePublished\":\"2025-12-22T22:11:49+00:00\",\"dateModified\":\"2026-01-30T15:41:00+00:00\",\"mainEntityOfPage\":{\"@id\":\"https:\/\/exposicoes.abc.org.br\/100anos\/ciencia-caminho-de-desenvolvimento\/\"},\"wordCount\":2134,\"commentCount\":0,\"publisher\":{\"@id\":\"https:\/\/exposicoes.abc.org.br\/100anos\/#organization\"},\"image\":{\"@id\":\"https:\/\/exposicoes.abc.org.br\/100anos\/ciencia-caminho-de-desenvolvimento\/#primaryimage\"},\"thumbnailUrl\":\"https:\/\/exposicoes.abc.org.br\/100anos\/wp-content\/uploads\/2025\/12\/image-1-3.png\",\"inLanguage\":\"pt-BR\",\"potentialAction\":[{\"@type\":\"CommentAction\",\"name\":\"Comment\",\"target\":[\"https:\/\/exposicoes.abc.org.br\/100anos\/ciencia-caminho-de-desenvolvimento\/#respond\"]}]},{\"@type\":\"WebPage\",\"@id\":\"https:\/\/exposicoes.abc.org.br\/100anos\/ciencia-caminho-de-desenvolvimento\/\",\"url\":\"https:\/\/exposicoes.abc.org.br\/100anos\/ciencia-caminho-de-desenvolvimento\/\",\"name\":\"Ci\u00eancia: caminho de desenvolvimento | Cem Anos de Ci\u00eancia\",\"isPartOf\":{\"@id\":\"https:\/\/exposicoes.abc.org.br\/100anos\/#website\"},\"primaryImageOfPage\":{\"@id\":\"https:\/\/exposicoes.abc.org.br\/100anos\/ciencia-caminho-de-desenvolvimento\/#primaryimage\"},\"image\":{\"@id\":\"https:\/\/exposicoes.abc.org.br\/100anos\/ciencia-caminho-de-desenvolvimento\/#primaryimage\"},\"thumbnailUrl\":\"https:\/\/exposicoes.abc.org.br\/100anos\/wp-content\/uploads\/2025\/12\/image-1-3.png\",\"datePublished\":\"2025-12-22T22:11:49+00:00\",\"dateModified\":\"2026-01-30T15:41:00+00:00\",\"breadcrumb\":{\"@id\":\"https:\/\/exposicoes.abc.org.br\/100anos\/ciencia-caminho-de-desenvolvimento\/#breadcrumb\"},\"inLanguage\":\"pt-BR\",\"potentialAction\":[{\"@type\":\"ReadAction\",\"target\":[\"https:\/\/exposicoes.abc.org.br\/100anos\/ciencia-caminho-de-desenvolvimento\/\"]}]},{\"@type\":\"ImageObject\",\"inLanguage\":\"pt-BR\",\"@id\":\"https:\/\/exposicoes.abc.org.br\/100anos\/ciencia-caminho-de-desenvolvimento\/#primaryimage\",\"url\":\"https:\/\/exposicoes.abc.org.br\/100anos\/wp-content\/uploads\/2025\/12\/image-1-3.png\",\"contentUrl\":\"https:\/\/exposicoes.abc.org.br\/100anos\/wp-content\/uploads\/2025\/12\/image-1-3.png\",\"width\":392,\"height\":234},{\"@type\":\"BreadcrumbList\",\"@id\":\"https:\/\/exposicoes.abc.org.br\/100anos\/ciencia-caminho-de-desenvolvimento\/#breadcrumb\",\"itemListElement\":[{\"@type\":\"ListItem\",\"position\":1,\"name\":\"In\u00edcio\",\"item\":\"https:\/\/exposicoes.abc.org.br\/100anos\/\"},{\"@type\":\"ListItem\",\"position\":2,\"name\":\"Ci\u00eancia: caminho de desenvolvimento\"}]},{\"@type\":\"WebSite\",\"@id\":\"https:\/\/exposicoes.abc.org.br\/100anos\/#website\",\"url\":\"https:\/\/exposicoes.abc.org.br\/100anos\/\",\"name\":\"Cem Anos de Ci\u00eancia\",\"description\":\"\",\"publisher\":{\"@id\":\"https:\/\/exposicoes.abc.org.br\/100anos\/#organization\"},\"potentialAction\":[{\"@type\":\"SearchAction\",\"target\":{\"@type\":\"EntryPoint\",\"urlTemplate\":\"https:\/\/exposicoes.abc.org.br\/100anos\/?s={search_term_string}\"},\"query-input\":{\"@type\":\"PropertyValueSpecification\",\"valueRequired\":true,\"valueName\":\"search_term_string\"}}],\"inLanguage\":\"pt-BR\"},{\"@type\":\"Organization\",\"@id\":\"https:\/\/exposicoes.abc.org.br\/100anos\/#organization\",\"name\":\"Academia Brasileira de Ci\u00eancias\",\"url\":\"https:\/\/exposicoes.abc.org.br\/100anos\/\",\"logo\":{\"@type\":\"ImageObject\",\"inLanguage\":\"pt-BR\",\"@id\":\"https:\/\/exposicoes.abc.org.br\/100anos\/#\/schema\/logo\/image\/\",\"url\":\"https:\/\/exposicoes.abc.org.br\/100anos\/wp-content\/uploads\/2025\/12\/logo-100-abc.png\",\"contentUrl\":\"https:\/\/exposicoes.abc.org.br\/100anos\/wp-content\/uploads\/2025\/12\/logo-100-abc.png\",\"width\":511,\"height\":116,\"caption\":\"Academia Brasileira de Ci\u00eancias\"},\"image\":{\"@id\":\"https:\/\/exposicoes.abc.org.br\/100anos\/#\/schema\/logo\/image\/\"}},{\"@type\":\"Person\",\"@id\":\"https:\/\/exposicoes.abc.org.br\/100anos\/#\/schema\/person\/3debaa657d0a9cab82d3e55ac7c1988d\",\"name\":\"sintropika\",\"image\":{\"@type\":\"ImageObject\",\"inLanguage\":\"pt-BR\",\"@id\":\"https:\/\/exposicoes.abc.org.br\/100anos\/#\/schema\/person\/image\/\",\"url\":\"https:\/\/secure.gravatar.com\/avatar\/35d24915ddd39821c2eae3dc979a4439be79c1ab39a90d812d7f46a7cf0a717e?s=96&d=mm&r=g\",\"contentUrl\":\"https:\/\/secure.gravatar.com\/avatar\/35d24915ddd39821c2eae3dc979a4439be79c1ab39a90d812d7f46a7cf0a717e?s=96&d=mm&r=g\",\"caption\":\"sintropika\"},\"sameAs\":[\"https:\/\/exposicoes.abc.org.br\/100anos\"]}]}<\/script>\n<!-- \/ Yoast SEO plugin. -->","yoast_head_json":{"title":"Ci\u00eancia: caminho de desenvolvimento | Cem Anos de Ci\u00eancia","robots":{"index":"index","follow":"follow","max-snippet":"max-snippet:-1","max-image-preview":"max-image-preview:large","max-video-preview":"max-video-preview:-1"},"canonical":"https:\/\/exposicoes.abc.org.br\/100anos\/ciencia-caminho-de-desenvolvimento\/","og_locale":"pt_BR","og_type":"article","og_title":"Ci\u00eancia: caminho de desenvolvimento | Cem Anos de Ci\u00eancia","og_description":"Ci\u00eancia: caminho de desenvolvimento A elei\u00e7\u00e3o de Carlos Chagas Filho para a presid\u00eancia da ABC, em 1965, confirmou a ascend\u00eancia na entidade de pesquisadores da \u00e1rea biol\u00f3gica, que j\u00e1 vinha ocorrendo desde a d\u00e9cada de 1930, em rela\u00e7\u00e3o ao grupo fundador, formado principalmente por engenheiros, matem\u00e1ticos e f\u00edsicos.\u00a0 Sua gest\u00e3o, como as que a seguiram,...","og_url":"https:\/\/exposicoes.abc.org.br\/100anos\/ciencia-caminho-de-desenvolvimento\/","og_site_name":"Cem Anos de Ci\u00eancia","article_published_time":"2025-12-22T22:11:49+00:00","article_modified_time":"2026-01-30T15:41:00+00:00","og_image":[{"width":392,"height":234,"url":"https:\/\/exposicoes.abc.org.br\/100anos\/wp-content\/uploads\/2025\/12\/image-1-3.png","type":"image\/png"}],"author":"sintropika","twitter_card":"summary_large_image","twitter_misc":{"Escrito por":"sintropika","Est. tempo de leitura":"12 minutos"},"schema":{"@context":"https:\/\/schema.org","@graph":[{"@type":"Article","@id":"https:\/\/exposicoes.abc.org.br\/100anos\/ciencia-caminho-de-desenvolvimento\/#article","isPartOf":{"@id":"https:\/\/exposicoes.abc.org.br\/100anos\/ciencia-caminho-de-desenvolvimento\/"},"author":{"name":"sintropika","@id":"https:\/\/exposicoes.abc.org.br\/100anos\/#\/schema\/person\/3debaa657d0a9cab82d3e55ac7c1988d"},"headline":"Ci\u00eancia: caminho de desenvolvimento","datePublished":"2025-12-22T22:11:49+00:00","dateModified":"2026-01-30T15:41:00+00:00","mainEntityOfPage":{"@id":"https:\/\/exposicoes.abc.org.br\/100anos\/ciencia-caminho-de-desenvolvimento\/"},"wordCount":2134,"commentCount":0,"publisher":{"@id":"https:\/\/exposicoes.abc.org.br\/100anos\/#organization"},"image":{"@id":"https:\/\/exposicoes.abc.org.br\/100anos\/ciencia-caminho-de-desenvolvimento\/#primaryimage"},"thumbnailUrl":"https:\/\/exposicoes.abc.org.br\/100anos\/wp-content\/uploads\/2025\/12\/image-1-3.png","inLanguage":"pt-BR","potentialAction":[{"@type":"CommentAction","name":"Comment","target":["https:\/\/exposicoes.abc.org.br\/100anos\/ciencia-caminho-de-desenvolvimento\/#respond"]}]},{"@type":"WebPage","@id":"https:\/\/exposicoes.abc.org.br\/100anos\/ciencia-caminho-de-desenvolvimento\/","url":"https:\/\/exposicoes.abc.org.br\/100anos\/ciencia-caminho-de-desenvolvimento\/","name":"Ci\u00eancia: caminho de desenvolvimento | Cem Anos de Ci\u00eancia","isPartOf":{"@id":"https:\/\/exposicoes.abc.org.br\/100anos\/#website"},"primaryImageOfPage":{"@id":"https:\/\/exposicoes.abc.org.br\/100anos\/ciencia-caminho-de-desenvolvimento\/#primaryimage"},"image":{"@id":"https:\/\/exposicoes.abc.org.br\/100anos\/ciencia-caminho-de-desenvolvimento\/#primaryimage"},"thumbnailUrl":"https:\/\/exposicoes.abc.org.br\/100anos\/wp-content\/uploads\/2025\/12\/image-1-3.png","datePublished":"2025-12-22T22:11:49+00:00","dateModified":"2026-01-30T15:41:00+00:00","breadcrumb":{"@id":"https:\/\/exposicoes.abc.org.br\/100anos\/ciencia-caminho-de-desenvolvimento\/#breadcrumb"},"inLanguage":"pt-BR","potentialAction":[{"@type":"ReadAction","target":["https:\/\/exposicoes.abc.org.br\/100anos\/ciencia-caminho-de-desenvolvimento\/"]}]},{"@type":"ImageObject","inLanguage":"pt-BR","@id":"https:\/\/exposicoes.abc.org.br\/100anos\/ciencia-caminho-de-desenvolvimento\/#primaryimage","url":"https:\/\/exposicoes.abc.org.br\/100anos\/wp-content\/uploads\/2025\/12\/image-1-3.png","contentUrl":"https:\/\/exposicoes.abc.org.br\/100anos\/wp-content\/uploads\/2025\/12\/image-1-3.png","width":392,"height":234},{"@type":"BreadcrumbList","@id":"https:\/\/exposicoes.abc.org.br\/100anos\/ciencia-caminho-de-desenvolvimento\/#breadcrumb","itemListElement":[{"@type":"ListItem","position":1,"name":"In\u00edcio","item":"https:\/\/exposicoes.abc.org.br\/100anos\/"},{"@type":"ListItem","position":2,"name":"Ci\u00eancia: caminho de desenvolvimento"}]},{"@type":"WebSite","@id":"https:\/\/exposicoes.abc.org.br\/100anos\/#website","url":"https:\/\/exposicoes.abc.org.br\/100anos\/","name":"Cem Anos de Ci\u00eancia","description":"","publisher":{"@id":"https:\/\/exposicoes.abc.org.br\/100anos\/#organization"},"potentialAction":[{"@type":"SearchAction","target":{"@type":"EntryPoint","urlTemplate":"https:\/\/exposicoes.abc.org.br\/100anos\/?s={search_term_string}"},"query-input":{"@type":"PropertyValueSpecification","valueRequired":true,"valueName":"search_term_string"}}],"inLanguage":"pt-BR"},{"@type":"Organization","@id":"https:\/\/exposicoes.abc.org.br\/100anos\/#organization","name":"Academia Brasileira de Ci\u00eancias","url":"https:\/\/exposicoes.abc.org.br\/100anos\/","logo":{"@type":"ImageObject","inLanguage":"pt-BR","@id":"https:\/\/exposicoes.abc.org.br\/100anos\/#\/schema\/logo\/image\/","url":"https:\/\/exposicoes.abc.org.br\/100anos\/wp-content\/uploads\/2025\/12\/logo-100-abc.png","contentUrl":"https:\/\/exposicoes.abc.org.br\/100anos\/wp-content\/uploads\/2025\/12\/logo-100-abc.png","width":511,"height":116,"caption":"Academia Brasileira de Ci\u00eancias"},"image":{"@id":"https:\/\/exposicoes.abc.org.br\/100anos\/#\/schema\/logo\/image\/"}},{"@type":"Person","@id":"https:\/\/exposicoes.abc.org.br\/100anos\/#\/schema\/person\/3debaa657d0a9cab82d3e55ac7c1988d","name":"sintropika","image":{"@type":"ImageObject","inLanguage":"pt-BR","@id":"https:\/\/exposicoes.abc.org.br\/100anos\/#\/schema\/person\/image\/","url":"https:\/\/secure.gravatar.com\/avatar\/35d24915ddd39821c2eae3dc979a4439be79c1ab39a90d812d7f46a7cf0a717e?s=96&d=mm&r=g","contentUrl":"https:\/\/secure.gravatar.com\/avatar\/35d24915ddd39821c2eae3dc979a4439be79c1ab39a90d812d7f46a7cf0a717e?s=96&d=mm&r=g","caption":"sintropika"},"sameAs":["https:\/\/exposicoes.abc.org.br\/100anos"]}]}},"_links":{"self":[{"href":"https:\/\/exposicoes.abc.org.br\/100anos\/wp-json\/wp\/v2\/posts\/27","targetHints":{"allow":["GET"]}}],"collection":[{"href":"https:\/\/exposicoes.abc.org.br\/100anos\/wp-json\/wp\/v2\/posts"}],"about":[{"href":"https:\/\/exposicoes.abc.org.br\/100anos\/wp-json\/wp\/v2\/types\/post"}],"author":[{"embeddable":true,"href":"https:\/\/exposicoes.abc.org.br\/100anos\/wp-json\/wp\/v2\/users\/1"}],"replies":[{"embeddable":true,"href":"https:\/\/exposicoes.abc.org.br\/100anos\/wp-json\/wp\/v2\/comments?post=27"}],"version-history":[{"count":14,"href":"https:\/\/exposicoes.abc.org.br\/100anos\/wp-json\/wp\/v2\/posts\/27\/revisions"}],"predecessor-version":[{"id":779,"href":"https:\/\/exposicoes.abc.org.br\/100anos\/wp-json\/wp\/v2\/posts\/27\/revisions\/779"}],"wp:featuredmedia":[{"embeddable":true,"href":"https:\/\/exposicoes.abc.org.br\/100anos\/wp-json\/wp\/v2\/media\/629"}],"wp:attachment":[{"href":"https:\/\/exposicoes.abc.org.br\/100anos\/wp-json\/wp\/v2\/media?parent=27"}],"wp:term":[{"taxonomy":"post_tag","embeddable":true,"href":"https:\/\/exposicoes.abc.org.br\/100anos\/wp-json\/wp\/v2\/tags?post=27"},{"taxonomy":"periodo","embeddable":true,"href":"https:\/\/exposicoes.abc.org.br\/100anos\/wp-json\/wp\/v2\/periodo?post=27"}],"curies":[{"name":"wp","href":"https:\/\/api.w.org\/{rel}","templated":true}]}}