{"id":25,"date":"2025-12-22T19:11:39","date_gmt":"2025-12-22T22:11:39","guid":{"rendered":"https:\/\/exposicoes.abc.org.br\/100anos\/?p=25"},"modified":"2026-01-30T12:45:47","modified_gmt":"2026-01-30T15:45:47","slug":"do-brasil-ao-mundo-e-a-ciencia-para-salvar-o-planeta","status":"publish","type":"post","link":"https:\/\/exposicoes.abc.org.br\/100anos\/do-brasil-ao-mundo-e-a-ciencia-para-salvar-o-planeta\/","title":{"rendered":"Do Brasil ao mundo e a Ci\u00eancia para salvar o planeta"},"content":{"rendered":"\n<h2 class=\"wp-block-heading\">Do Brasil ao mundo<\/h2>\n\n\n\n<p>O pa\u00eds foi redemocratizado. Em 1985, foi criado o Minist\u00e9rio da Ci\u00eancia e Tecnologia (veja o quadro \u201cUm minist\u00e9rio para chamar de nosso\u201d). Uma nova Constitui\u00e7\u00e3o, promulgada em 1988, incluiu um cap\u00edtulo in\u00e9dito dedicado \u00e0 ci\u00eancia e tecnologia &#8212;&nbsp; no Artigo 218, Par\u00e1grafo 1\u00ba, diz: \u201cA pesquisa cient\u00edfica b\u00e1sica receber\u00e1 tratamento priorit\u00e1rio do Estado, tendo em vista o bem p\u00fablico e o progresso das ci\u00eancias\u201d. Nas d\u00e9cadas de 1990 e 2000, alguns Acad\u00eamicos ocupariam o cargo de ministros da Ci\u00eancia e Tecnologia, o que ajudou a estreitar as rela\u00e7\u00f5es da Academia com o governo federal. Especialmente a partir da d\u00e9cada de 1990, o apoio governamental permitiu \u00e0 institui\u00e7\u00e3o investir em novas frentes, como a produ\u00e7\u00e3o de programas de televis\u00e3o dedicados a temas ambientais e a expans\u00e3o da coopera\u00e7\u00e3o cient\u00edfica internacional.<\/p>\n\n\n\n<div style=\"height:100px\" aria-hidden=\"true\" class=\"wp-block-spacer\"><\/div>\n\n\n\n<figure class=\"wp-block-image size-large\"><img loading=\"lazy\" decoding=\"async\" width=\"1024\" height=\"656\" src=\"https:\/\/exposicoes.abc.org.br\/100anos\/wp-content\/uploads\/2025\/12\/cap06-01-1024x656.png\" alt=\"\" class=\"wp-image-305\" srcset=\"https:\/\/exposicoes.abc.org.br\/100anos\/wp-content\/uploads\/2025\/12\/cap06-01-1024x656.png 1024w, https:\/\/exposicoes.abc.org.br\/100anos\/wp-content\/uploads\/2025\/12\/cap06-01-300x192.png 300w, https:\/\/exposicoes.abc.org.br\/100anos\/wp-content\/uploads\/2025\/12\/cap06-01-768x492.png 768w, https:\/\/exposicoes.abc.org.br\/100anos\/wp-content\/uploads\/2025\/12\/cap06-01.png 1366w\" sizes=\"auto, (max-width: 1024px) 100vw, 1024px\" \/><figcaption class=\"wp-element-caption\">fachada do pr\u00e9dio do minist\u00e9rio da ci\u00eancia e tecnologia em bras\u00edlia. &#8211; mctic<\/figcaption><\/figure>\n\n\n\n<div class=\"wp-block-columns box is-layout-flex wp-container-core-columns-is-layout-9d6595d7 wp-block-columns-is-layout-flex\">\n<div class=\"wp-block-column is-layout-flow wp-block-column-is-layout-flow\">\n<h2 class=\"wp-block-heading\">Um minist\u00e9rio para chamar de nosso<\/h2>\n\n\n\n<p>Se a cria\u00e7\u00e3o de um Minist\u00e9rio da Ci\u00eancia e Tecnologia foi vista inicialmente com certa desconfian\u00e7a \u2013 houve quem achasse que os temas de ci\u00eancia deveriam ficar subordinados ao Minist\u00e9rio da Ind\u00fastria e do Com\u00e9rcio \u2013, 30 anos depois o quadro \u00e9 completamente diferente. Diante da decis\u00e3o do presidente Michel Temer de unir a pasta de Ci\u00eancia, Tecnologia e Inova\u00e7\u00e3o \u00e0 de Comunica\u00e7\u00f5es, a comunidade cient\u00edfica brasileira mostrou-se receosa em rela\u00e7\u00e3o ao que a fus\u00e3o de minist\u00e9rios poderia significar para o futuro da pesquisa cient\u00edfica brasileira. Quando a decis\u00e3o foi anunciada, em 12 de maio de 2016, uma s\u00e9rie de pesquisadores se manifestou de forma contr\u00e1ria.<br><br>Em parceria com a SBPC, a ABC organizou a reda\u00e7\u00e3o de um manifesto chamado &#8220;O MCTI \u00e9 o motor do desenvolvimento nacional&#8221;, no qual destacava o papel crucial do Minist\u00e9rio na hist\u00f3ria da ci\u00eancia no Brasil, incluindo a atua\u00e7\u00e3o na gest\u00e3o de duas dezenas de institutos de pesquisa, al\u00e9m da responsabilidade na tomada de decis\u00f5es t\u00e9cnicas e do apoio \u00e0 pesquisa cient\u00edfica no pa\u00eds como um todo. A uni\u00e3o artificial dos dois minist\u00e9rios, argumentou-se no manifesto, amea\u00e7a o desenvolvimento cient\u00edfico, tecnol\u00f3gico e de inova\u00e7\u00e3o do pa\u00eds.<br><br>Apesar dos protestos da comunidade cient\u00edfica, a fus\u00e3o se concretizou, dando origem ao Minist\u00e9rio da Ci\u00eancia, Tecnologia, Inova\u00e7\u00f5es e Comunica\u00e7\u00f5es. O novo \u00f3rg\u00e3o gere atividades t\u00e3o d\u00edspares quanto a atua\u00e7\u00e3o de empresas de correio e a pesquisa espacial.<\/p>\n<\/div>\n<\/div>\n\n\n\n<figure class=\"wp-block-image size-large\"><img loading=\"lazy\" decoding=\"async\" width=\"1024\" height=\"495\" src=\"https:\/\/exposicoes.abc.org.br\/100anos\/wp-content\/uploads\/2025\/12\/cap06-02-1024x495.png\" alt=\"\" class=\"wp-image-309\" srcset=\"https:\/\/exposicoes.abc.org.br\/100anos\/wp-content\/uploads\/2025\/12\/cap06-02-1024x495.png 1024w, https:\/\/exposicoes.abc.org.br\/100anos\/wp-content\/uploads\/2025\/12\/cap06-02-300x145.png 300w, https:\/\/exposicoes.abc.org.br\/100anos\/wp-content\/uploads\/2025\/12\/cap06-02-768x371.png 768w, https:\/\/exposicoes.abc.org.br\/100anos\/wp-content\/uploads\/2025\/12\/cap06-02.png 1366w\" sizes=\"auto, (max-width: 1024px) 100vw, 1024px\" \/><figcaption class=\"wp-element-caption\"><br>mat\u00e9ria no jornal do brasil (27\/05\/1992). a realiza\u00e7\u00e3o da eco-92 no rio de janeiro levantou no pa\u00eds uma s\u00e9rie de discuss\u00f5es sobre meio ambiente. &#8211; reprodu\u00e7\u00e3o.<\/figcaption><\/figure>\n\n\n\n<div style=\"height:100px\" aria-hidden=\"true\" class=\"wp-block-spacer\"><\/div>\n\n\n\n<h2 class=\"wp-block-heading\">Ci\u00eancia para salvar o planeta<\/h2>\n\n\n\n<p>Em 1986, foi instalada na ABC a comiss\u00e3o brasileira do Programa Internacional Geosfera-Biosfera (IGBP, na sigla em ingl\u00eas), uma rede global de cientistas voltada ao estudo das mudan\u00e7as clim\u00e1ticas globais e do sistema terrestre, com vistas \u00e0 compreens\u00e3o das altera\u00e7\u00f5es ambientais em curso no planeta. O Programa fez parte das atividades do Conselho Internacional para a Ci\u00eancia (ICSU, na sigla em ingl\u00eas), do qual a Academia foi designada como representante brasileiro, em 1992, pelo CNPq.<br><br>Fundado em 1931 para promover a atividade cient\u00edfica internacional em benef\u00edcio da humanidade, o ICSU \u00e9 uma das organiza\u00e7\u00f5es n\u00e3o governamentais mais antigas do mundo. Ele abrange a representa\u00e7\u00e3o das sociedades cient\u00edficas internacionais e das academias de ci\u00eancias e outras organiza\u00e7\u00f5es de abrang\u00eancia nacional em diferentes pa\u00edses, unindo os esfor\u00e7os dessas institui\u00e7\u00f5es em um grande n\u00famero de programas e iniciativas interdisciplinares, al\u00e9m de projetos relacionados a quest\u00f5es globais, incluindo o j\u00e1 citado exemplo das mudan\u00e7as clim\u00e1ticas.<br><br>O surgimento do IGBP foi incentivado pela constata\u00e7\u00e3o de que os grandes problemas globais que afetam o ambiente, amea\u00e7ando o futuro dos ecossistemas e da pr\u00f3pria esp\u00e9cie humana, n\u00e3o podem ser resolvidos pelos pa\u00edses isoladamente. Ao contr\u00e1rio, exigem um esfor\u00e7o conjunto, tanto no que diz respeito aos pa\u00edses envolvidos quanto em rela\u00e7\u00e3o as \u00e1reas da ci\u00eancia que devem ser mobilizadas para pensar solu\u00e7\u00f5es para os problemas que se apresentam. Um trabalho interdisciplinar de coopera\u00e7\u00e3o global foi, portanto, a alternativa mais promissora de a\u00e7\u00e3o sobre o curso das mudan\u00e7as globais causadas pela a\u00e7\u00e3o do homem.<br><br>Entre os temas que foram estudados no \u00e2mbito dessa iniciativa est\u00e3o processos meteorol\u00f3gicos, climatol\u00f3gicos e oceanogr\u00e1ficos globais e seus impactos sobre a biosfera, incluindo, por exemplo, o El Ni\u00f1o, a redu\u00e7\u00e3o da camada de oz\u00f4nio e o efeito estufa. O exame das mudan\u00e7as ocorridas no passado da Terra, por meio de estudos geol\u00f3gicos, foi outra vertente, assim como a a\u00e7\u00e3o antr\u00f3pica sobre a natureza. Durante tr\u00eas d\u00e9cadas, o IGBP mobilizou cientistas de v\u00e1rios pa\u00edses, encerrando suas atividades no final de 2015.<br><br>Outra iniciativa voltada \u00e0 discuss\u00e3o sobre a preserva\u00e7\u00e3o do meio ambiente abra\u00e7ada pela ABC foi a organiza\u00e7\u00e3o da RioCi\u00eancia-92 durante a Confer\u00eancia das Na\u00e7\u00f5es Unidas sobre o Ambiente e o Desenvolvimento (Eco-92), no Rio de Janeiro. O evento, organizado em conjunto com a SBPC e a UFRJ, incluiu uma s\u00e9rie de discuss\u00f5es sobre as rela\u00e7\u00f5es entre ecologia, ci\u00eancia e pol\u00edtica.<\/p>\n\n\n\n<div style=\"height:100px\" aria-hidden=\"true\" class=\"wp-block-spacer\"><\/div>\n\n\n\n<figure class=\"wp-block-image size-large\"><img loading=\"lazy\" decoding=\"async\" width=\"1024\" height=\"495\" src=\"https:\/\/exposicoes.abc.org.br\/100anos\/wp-content\/uploads\/2025\/12\/cap06-03-1024x495.png\" alt=\"\" class=\"wp-image-313\" srcset=\"https:\/\/exposicoes.abc.org.br\/100anos\/wp-content\/uploads\/2025\/12\/cap06-03-1024x495.png 1024w, https:\/\/exposicoes.abc.org.br\/100anos\/wp-content\/uploads\/2025\/12\/cap06-03-300x145.png 300w, https:\/\/exposicoes.abc.org.br\/100anos\/wp-content\/uploads\/2025\/12\/cap06-03-768x371.png 768w, https:\/\/exposicoes.abc.org.br\/100anos\/wp-content\/uploads\/2025\/12\/cap06-03.png 1366w\" sizes=\"auto, (max-width: 1024px) 100vw, 1024px\" \/><figcaption class=\"wp-element-caption\">a pesquisa brasileira na ant\u00e1rtica ganhou for\u00e7a na d\u00e9cada de 1980. &#8211; pixabay.com \/ dom\u00ednio p\u00fablico<br>mat\u00e9ria no jornal do brasil (27\/05\/1992). a realiza\u00e7\u00e3o da eco-92 no rio de janeiro levantou no pa\u00eds uma s\u00e9rie de discuss\u00f5es sobre meio ambiente. &#8211; reprodu\u00e7\u00e3o<\/figcaption><\/figure>\n\n\n\n<div style=\"height:100px\" aria-hidden=\"true\" class=\"wp-block-spacer\"><\/div>\n\n\n\n<div class=\"wp-block-columns is-layout-flex wp-container-core-columns-is-layout-9d6595d7 wp-block-columns-is-layout-flex\">\n<div class=\"wp-block-column is-layout-flow wp-block-column-is-layout-flow\">\n<h2 class=\"wp-block-heading\">Novas publica\u00e7\u00f5es<\/h2>\n\n\n\n<p>Entre as iniciativas de cunho cient\u00edfico, destacou-se neste per\u00edodo a cria\u00e7\u00e3o da revista Pesquisa Ant\u00e1rtica Brasileira, em 1989, com apoio do CNPq. Publicado inicialmente como suplemento dos Anais da ABC, o peri\u00f3dico divulga at\u00e9 hoje os resultados de pesquisas realizadas no \u00e2mbito do Programa Ant\u00e1rtico Brasileiro (Proantar), impulsionado pela constru\u00e7\u00e3o, em 1982, da primeira base brasileira no continente gelado, a Esta\u00e7\u00e3o Ant\u00e1rtica Comandante Ferraz. Destru\u00edda por um inc\u00eandio em 2012, a base encontra-se em processo de reconstru\u00e7\u00e3o, com inaugura\u00e7\u00e3o prevista para 2018. Sem periodicidade definida, as edi\u00e7\u00f5es s\u00e3o publicadas \u00e0 medida que haja suficientes artigos cient\u00edficos aceitos para compor um novo n\u00famero da revista.<br><br>Na d\u00e9cada de 1990, precisamente em 1992, a ABC iniciou tamb\u00e9m outra publica\u00e7\u00e3o, o informativo eletr\u00f4nico Boletim do Acad\u00eamico, atualmente denominado Not\u00edcias da ABC. Destinado inicialmente a divulgar as atividades da Academia e dos Acad\u00eamicos aos pr\u00f3prios membros da institui\u00e7\u00e3o, o boletim estabeleceu-se tamb\u00e9m como um canal de di\u00e1logo da ABC com a sociedade.<\/p>\n<\/div>\n\n\n\n<div class=\"wp-block-column is-layout-flow wp-block-column-is-layout-flow\">\n<figure class=\"wp-block-image size-full\"><img loading=\"lazy\" decoding=\"async\" width=\"548\" height=\"702\" src=\"https:\/\/exposicoes.abc.org.br\/100anos\/wp-content\/uploads\/2025\/12\/cap06-04.png\" alt=\"\" class=\"wp-image-315\" srcset=\"https:\/\/exposicoes.abc.org.br\/100anos\/wp-content\/uploads\/2025\/12\/cap06-04.png 548w, https:\/\/exposicoes.abc.org.br\/100anos\/wp-content\/uploads\/2025\/12\/cap06-04-234x300.png 234w\" sizes=\"auto, (max-width: 548px) 100vw, 548px\" \/><figcaption class=\"wp-element-caption\">O Acad\u00eamico Jos\u00e9 Goldemberg (segundo da esquerda para a direita) e o vice-presidente Itamar Franco (na ponta direita) em mesa de abertura de evento. No governo federal, Goldemberg foi ministro da Sa\u00fade\u00a0(1992), secret\u00e1rio da Ci\u00eancia e Tecnologia (1990 &#8211; 1991), ministro da Educa\u00e7\u00e3o( 1991 &#8211; 1992) e secret\u00e1rio do Meio Ambiente (mar\u00e7o a julho de 1992), durante o governo de Fernando Collor de Mello, no qual Itamar Franco era vice-presidente.<br><br>Na foto abaixo: O Acad\u00eamico Jos\u00e9 Israel Vargas, ministro de Ci\u00eancia e Tecnologia, ao lado do presidente Itamar Franco.<\/figcaption><\/figure>\n<\/div>\n<\/div>\n\n\n\n<div style=\"height:100px\" aria-hidden=\"true\" class=\"wp-block-spacer\"><\/div>\n","protected":false},"excerpt":{"rendered":"<p>Do Brasil ao mundo O pa\u00eds foi redemocratizado. Em 1985, foi criado o Minist\u00e9rio da Ci\u00eancia e Tecnologia (veja o quadro \u201cUm minist\u00e9rio para chamar de nosso\u201d). Uma nova Constitui\u00e7\u00e3o, promulgada em 1988, incluiu um cap\u00edtulo in\u00e9dito dedicado \u00e0 ci\u00eancia e tecnologia &#8212;&nbsp; no Artigo 218, Par\u00e1grafo 1\u00ba, diz: \u201cA pesquisa cient\u00edfica b\u00e1sica receber\u00e1 tratamento&#8230;<\/p>\n","protected":false},"author":1,"featured_media":628,"comment_status":"open","ping_status":"open","sticky":false,"template":"","format":"standard","meta":{"_acf_changed":false,"footnotes":""},"tags":[],"periodo":[12],"class_list":["post-25","post","type-post","status-publish","format-standard","has-post-thumbnail","hentry","periodo-1981-1993"],"acf":[],"yoast_head":"<!-- This site is optimized with the Yoast SEO plugin v26.8 - https:\/\/yoast.com\/product\/yoast-seo-wordpress\/ -->\n<title>Do Brasil ao mundo e a Ci\u00eancia para salvar o planeta | Cem Anos de Ci\u00eancia<\/title>\n<meta name=\"robots\" content=\"index, follow, max-snippet:-1, max-image-preview:large, max-video-preview:-1\" \/>\n<link rel=\"canonical\" href=\"https:\/\/exposicoes.abc.org.br\/100anos\/do-brasil-ao-mundo-e-a-ciencia-para-salvar-o-planeta\/\" \/>\n<meta property=\"og:locale\" content=\"pt_BR\" \/>\n<meta property=\"og:type\" content=\"article\" \/>\n<meta property=\"og:title\" content=\"Do Brasil ao mundo e a Ci\u00eancia para salvar o planeta | Cem Anos de Ci\u00eancia\" \/>\n<meta property=\"og:description\" content=\"Do Brasil ao mundo O pa\u00eds foi redemocratizado. Em 1985, foi criado o Minist\u00e9rio da Ci\u00eancia e Tecnologia (veja o quadro \u201cUm minist\u00e9rio para chamar de nosso\u201d). Uma nova Constitui\u00e7\u00e3o, promulgada em 1988, incluiu um cap\u00edtulo in\u00e9dito dedicado \u00e0 ci\u00eancia e tecnologia &#8212;&nbsp; no Artigo 218, Par\u00e1grafo 1\u00ba, diz: \u201cA pesquisa cient\u00edfica b\u00e1sica receber\u00e1 tratamento...\" \/>\n<meta property=\"og:url\" content=\"https:\/\/exposicoes.abc.org.br\/100anos\/do-brasil-ao-mundo-e-a-ciencia-para-salvar-o-planeta\/\" \/>\n<meta property=\"og:site_name\" content=\"Cem Anos de Ci\u00eancia\" \/>\n<meta property=\"article:published_time\" content=\"2025-12-22T22:11:39+00:00\" \/>\n<meta property=\"article:modified_time\" content=\"2026-01-30T15:45:47+00:00\" \/>\n<meta property=\"og:image\" content=\"https:\/\/exposicoes.abc.org.br\/100anos\/wp-content\/uploads\/2025\/12\/image-1-2-1.png\" \/>\n\t<meta property=\"og:image:width\" content=\"392\" \/>\n\t<meta property=\"og:image:height\" content=\"234\" \/>\n\t<meta property=\"og:image:type\" content=\"image\/png\" \/>\n<meta name=\"author\" content=\"sintropika\" \/>\n<meta name=\"twitter:card\" content=\"summary_large_image\" \/>\n<meta name=\"twitter:label1\" content=\"Escrito por\" \/>\n\t<meta name=\"twitter:data1\" content=\"sintropika\" \/>\n\t<meta name=\"twitter:label2\" content=\"Est. tempo de leitura\" \/>\n\t<meta name=\"twitter:data2\" content=\"7 minutos\" \/>\n<script type=\"application\/ld+json\" class=\"yoast-schema-graph\">{\"@context\":\"https:\/\/schema.org\",\"@graph\":[{\"@type\":\"Article\",\"@id\":\"https:\/\/exposicoes.abc.org.br\/100anos\/do-brasil-ao-mundo-e-a-ciencia-para-salvar-o-planeta\/#article\",\"isPartOf\":{\"@id\":\"https:\/\/exposicoes.abc.org.br\/100anos\/do-brasil-ao-mundo-e-a-ciencia-para-salvar-o-planeta\/\"},\"author\":{\"name\":\"sintropika\",\"@id\":\"https:\/\/exposicoes.abc.org.br\/100anos\/#\/schema\/person\/3debaa657d0a9cab82d3e55ac7c1988d\"},\"headline\":\"Do Brasil ao mundo e a Ci\u00eancia para salvar o planeta\",\"datePublished\":\"2025-12-22T22:11:39+00:00\",\"dateModified\":\"2026-01-30T15:45:47+00:00\",\"mainEntityOfPage\":{\"@id\":\"https:\/\/exposicoes.abc.org.br\/100anos\/do-brasil-ao-mundo-e-a-ciencia-para-salvar-o-planeta\/\"},\"wordCount\":1265,\"commentCount\":0,\"publisher\":{\"@id\":\"https:\/\/exposicoes.abc.org.br\/100anos\/#organization\"},\"image\":{\"@id\":\"https:\/\/exposicoes.abc.org.br\/100anos\/do-brasil-ao-mundo-e-a-ciencia-para-salvar-o-planeta\/#primaryimage\"},\"thumbnailUrl\":\"https:\/\/exposicoes.abc.org.br\/100anos\/wp-content\/uploads\/2025\/12\/image-1-2-1.png\",\"inLanguage\":\"pt-BR\",\"potentialAction\":[{\"@type\":\"CommentAction\",\"name\":\"Comment\",\"target\":[\"https:\/\/exposicoes.abc.org.br\/100anos\/do-brasil-ao-mundo-e-a-ciencia-para-salvar-o-planeta\/#respond\"]}]},{\"@type\":\"WebPage\",\"@id\":\"https:\/\/exposicoes.abc.org.br\/100anos\/do-brasil-ao-mundo-e-a-ciencia-para-salvar-o-planeta\/\",\"url\":\"https:\/\/exposicoes.abc.org.br\/100anos\/do-brasil-ao-mundo-e-a-ciencia-para-salvar-o-planeta\/\",\"name\":\"Do Brasil ao mundo e a Ci\u00eancia para salvar o planeta | Cem Anos de Ci\u00eancia\",\"isPartOf\":{\"@id\":\"https:\/\/exposicoes.abc.org.br\/100anos\/#website\"},\"primaryImageOfPage\":{\"@id\":\"https:\/\/exposicoes.abc.org.br\/100anos\/do-brasil-ao-mundo-e-a-ciencia-para-salvar-o-planeta\/#primaryimage\"},\"image\":{\"@id\":\"https:\/\/exposicoes.abc.org.br\/100anos\/do-brasil-ao-mundo-e-a-ciencia-para-salvar-o-planeta\/#primaryimage\"},\"thumbnailUrl\":\"https:\/\/exposicoes.abc.org.br\/100anos\/wp-content\/uploads\/2025\/12\/image-1-2-1.png\",\"datePublished\":\"2025-12-22T22:11:39+00:00\",\"dateModified\":\"2026-01-30T15:45:47+00:00\",\"breadcrumb\":{\"@id\":\"https:\/\/exposicoes.abc.org.br\/100anos\/do-brasil-ao-mundo-e-a-ciencia-para-salvar-o-planeta\/#breadcrumb\"},\"inLanguage\":\"pt-BR\",\"potentialAction\":[{\"@type\":\"ReadAction\",\"target\":[\"https:\/\/exposicoes.abc.org.br\/100anos\/do-brasil-ao-mundo-e-a-ciencia-para-salvar-o-planeta\/\"]}]},{\"@type\":\"ImageObject\",\"inLanguage\":\"pt-BR\",\"@id\":\"https:\/\/exposicoes.abc.org.br\/100anos\/do-brasil-ao-mundo-e-a-ciencia-para-salvar-o-planeta\/#primaryimage\",\"url\":\"https:\/\/exposicoes.abc.org.br\/100anos\/wp-content\/uploads\/2025\/12\/image-1-2-1.png\",\"contentUrl\":\"https:\/\/exposicoes.abc.org.br\/100anos\/wp-content\/uploads\/2025\/12\/image-1-2-1.png\",\"width\":392,\"height\":234},{\"@type\":\"BreadcrumbList\",\"@id\":\"https:\/\/exposicoes.abc.org.br\/100anos\/do-brasil-ao-mundo-e-a-ciencia-para-salvar-o-planeta\/#breadcrumb\",\"itemListElement\":[{\"@type\":\"ListItem\",\"position\":1,\"name\":\"In\u00edcio\",\"item\":\"https:\/\/exposicoes.abc.org.br\/100anos\/\"},{\"@type\":\"ListItem\",\"position\":2,\"name\":\"Do Brasil ao mundo e a Ci\u00eancia para salvar o planeta\"}]},{\"@type\":\"WebSite\",\"@id\":\"https:\/\/exposicoes.abc.org.br\/100anos\/#website\",\"url\":\"https:\/\/exposicoes.abc.org.br\/100anos\/\",\"name\":\"Cem Anos de Ci\u00eancia\",\"description\":\"\",\"publisher\":{\"@id\":\"https:\/\/exposicoes.abc.org.br\/100anos\/#organization\"},\"potentialAction\":[{\"@type\":\"SearchAction\",\"target\":{\"@type\":\"EntryPoint\",\"urlTemplate\":\"https:\/\/exposicoes.abc.org.br\/100anos\/?s={search_term_string}\"},\"query-input\":{\"@type\":\"PropertyValueSpecification\",\"valueRequired\":true,\"valueName\":\"search_term_string\"}}],\"inLanguage\":\"pt-BR\"},{\"@type\":\"Organization\",\"@id\":\"https:\/\/exposicoes.abc.org.br\/100anos\/#organization\",\"name\":\"Academia Brasileira de Ci\u00eancias\",\"url\":\"https:\/\/exposicoes.abc.org.br\/100anos\/\",\"logo\":{\"@type\":\"ImageObject\",\"inLanguage\":\"pt-BR\",\"@id\":\"https:\/\/exposicoes.abc.org.br\/100anos\/#\/schema\/logo\/image\/\",\"url\":\"https:\/\/exposicoes.abc.org.br\/100anos\/wp-content\/uploads\/2025\/12\/logo-100-abc.png\",\"contentUrl\":\"https:\/\/exposicoes.abc.org.br\/100anos\/wp-content\/uploads\/2025\/12\/logo-100-abc.png\",\"width\":511,\"height\":116,\"caption\":\"Academia Brasileira de Ci\u00eancias\"},\"image\":{\"@id\":\"https:\/\/exposicoes.abc.org.br\/100anos\/#\/schema\/logo\/image\/\"}},{\"@type\":\"Person\",\"@id\":\"https:\/\/exposicoes.abc.org.br\/100anos\/#\/schema\/person\/3debaa657d0a9cab82d3e55ac7c1988d\",\"name\":\"sintropika\",\"image\":{\"@type\":\"ImageObject\",\"inLanguage\":\"pt-BR\",\"@id\":\"https:\/\/exposicoes.abc.org.br\/100anos\/#\/schema\/person\/image\/\",\"url\":\"https:\/\/secure.gravatar.com\/avatar\/35d24915ddd39821c2eae3dc979a4439be79c1ab39a90d812d7f46a7cf0a717e?s=96&d=mm&r=g\",\"contentUrl\":\"https:\/\/secure.gravatar.com\/avatar\/35d24915ddd39821c2eae3dc979a4439be79c1ab39a90d812d7f46a7cf0a717e?s=96&d=mm&r=g\",\"caption\":\"sintropika\"},\"sameAs\":[\"https:\/\/exposicoes.abc.org.br\/100anos\"]}]}<\/script>\n<!-- \/ Yoast SEO plugin. -->","yoast_head_json":{"title":"Do Brasil ao mundo e a Ci\u00eancia para salvar o planeta | Cem Anos de Ci\u00eancia","robots":{"index":"index","follow":"follow","max-snippet":"max-snippet:-1","max-image-preview":"max-image-preview:large","max-video-preview":"max-video-preview:-1"},"canonical":"https:\/\/exposicoes.abc.org.br\/100anos\/do-brasil-ao-mundo-e-a-ciencia-para-salvar-o-planeta\/","og_locale":"pt_BR","og_type":"article","og_title":"Do Brasil ao mundo e a Ci\u00eancia para salvar o planeta | Cem Anos de Ci\u00eancia","og_description":"Do Brasil ao mundo O pa\u00eds foi redemocratizado. Em 1985, foi criado o Minist\u00e9rio da Ci\u00eancia e Tecnologia (veja o quadro \u201cUm minist\u00e9rio para chamar de nosso\u201d). Uma nova Constitui\u00e7\u00e3o, promulgada em 1988, incluiu um cap\u00edtulo in\u00e9dito dedicado \u00e0 ci\u00eancia e tecnologia &#8212;&nbsp; no Artigo 218, Par\u00e1grafo 1\u00ba, diz: \u201cA pesquisa cient\u00edfica b\u00e1sica receber\u00e1 tratamento...","og_url":"https:\/\/exposicoes.abc.org.br\/100anos\/do-brasil-ao-mundo-e-a-ciencia-para-salvar-o-planeta\/","og_site_name":"Cem Anos de Ci\u00eancia","article_published_time":"2025-12-22T22:11:39+00:00","article_modified_time":"2026-01-30T15:45:47+00:00","og_image":[{"width":392,"height":234,"url":"https:\/\/exposicoes.abc.org.br\/100anos\/wp-content\/uploads\/2025\/12\/image-1-2-1.png","type":"image\/png"}],"author":"sintropika","twitter_card":"summary_large_image","twitter_misc":{"Escrito por":"sintropika","Est. tempo de leitura":"7 minutos"},"schema":{"@context":"https:\/\/schema.org","@graph":[{"@type":"Article","@id":"https:\/\/exposicoes.abc.org.br\/100anos\/do-brasil-ao-mundo-e-a-ciencia-para-salvar-o-planeta\/#article","isPartOf":{"@id":"https:\/\/exposicoes.abc.org.br\/100anos\/do-brasil-ao-mundo-e-a-ciencia-para-salvar-o-planeta\/"},"author":{"name":"sintropika","@id":"https:\/\/exposicoes.abc.org.br\/100anos\/#\/schema\/person\/3debaa657d0a9cab82d3e55ac7c1988d"},"headline":"Do Brasil ao mundo e a Ci\u00eancia para salvar o planeta","datePublished":"2025-12-22T22:11:39+00:00","dateModified":"2026-01-30T15:45:47+00:00","mainEntityOfPage":{"@id":"https:\/\/exposicoes.abc.org.br\/100anos\/do-brasil-ao-mundo-e-a-ciencia-para-salvar-o-planeta\/"},"wordCount":1265,"commentCount":0,"publisher":{"@id":"https:\/\/exposicoes.abc.org.br\/100anos\/#organization"},"image":{"@id":"https:\/\/exposicoes.abc.org.br\/100anos\/do-brasil-ao-mundo-e-a-ciencia-para-salvar-o-planeta\/#primaryimage"},"thumbnailUrl":"https:\/\/exposicoes.abc.org.br\/100anos\/wp-content\/uploads\/2025\/12\/image-1-2-1.png","inLanguage":"pt-BR","potentialAction":[{"@type":"CommentAction","name":"Comment","target":["https:\/\/exposicoes.abc.org.br\/100anos\/do-brasil-ao-mundo-e-a-ciencia-para-salvar-o-planeta\/#respond"]}]},{"@type":"WebPage","@id":"https:\/\/exposicoes.abc.org.br\/100anos\/do-brasil-ao-mundo-e-a-ciencia-para-salvar-o-planeta\/","url":"https:\/\/exposicoes.abc.org.br\/100anos\/do-brasil-ao-mundo-e-a-ciencia-para-salvar-o-planeta\/","name":"Do Brasil ao mundo e a Ci\u00eancia para salvar o planeta | Cem Anos de Ci\u00eancia","isPartOf":{"@id":"https:\/\/exposicoes.abc.org.br\/100anos\/#website"},"primaryImageOfPage":{"@id":"https:\/\/exposicoes.abc.org.br\/100anos\/do-brasil-ao-mundo-e-a-ciencia-para-salvar-o-planeta\/#primaryimage"},"image":{"@id":"https:\/\/exposicoes.abc.org.br\/100anos\/do-brasil-ao-mundo-e-a-ciencia-para-salvar-o-planeta\/#primaryimage"},"thumbnailUrl":"https:\/\/exposicoes.abc.org.br\/100anos\/wp-content\/uploads\/2025\/12\/image-1-2-1.png","datePublished":"2025-12-22T22:11:39+00:00","dateModified":"2026-01-30T15:45:47+00:00","breadcrumb":{"@id":"https:\/\/exposicoes.abc.org.br\/100anos\/do-brasil-ao-mundo-e-a-ciencia-para-salvar-o-planeta\/#breadcrumb"},"inLanguage":"pt-BR","potentialAction":[{"@type":"ReadAction","target":["https:\/\/exposicoes.abc.org.br\/100anos\/do-brasil-ao-mundo-e-a-ciencia-para-salvar-o-planeta\/"]}]},{"@type":"ImageObject","inLanguage":"pt-BR","@id":"https:\/\/exposicoes.abc.org.br\/100anos\/do-brasil-ao-mundo-e-a-ciencia-para-salvar-o-planeta\/#primaryimage","url":"https:\/\/exposicoes.abc.org.br\/100anos\/wp-content\/uploads\/2025\/12\/image-1-2-1.png","contentUrl":"https:\/\/exposicoes.abc.org.br\/100anos\/wp-content\/uploads\/2025\/12\/image-1-2-1.png","width":392,"height":234},{"@type":"BreadcrumbList","@id":"https:\/\/exposicoes.abc.org.br\/100anos\/do-brasil-ao-mundo-e-a-ciencia-para-salvar-o-planeta\/#breadcrumb","itemListElement":[{"@type":"ListItem","position":1,"name":"In\u00edcio","item":"https:\/\/exposicoes.abc.org.br\/100anos\/"},{"@type":"ListItem","position":2,"name":"Do Brasil ao mundo e a Ci\u00eancia para salvar o planeta"}]},{"@type":"WebSite","@id":"https:\/\/exposicoes.abc.org.br\/100anos\/#website","url":"https:\/\/exposicoes.abc.org.br\/100anos\/","name":"Cem Anos de Ci\u00eancia","description":"","publisher":{"@id":"https:\/\/exposicoes.abc.org.br\/100anos\/#organization"},"potentialAction":[{"@type":"SearchAction","target":{"@type":"EntryPoint","urlTemplate":"https:\/\/exposicoes.abc.org.br\/100anos\/?s={search_term_string}"},"query-input":{"@type":"PropertyValueSpecification","valueRequired":true,"valueName":"search_term_string"}}],"inLanguage":"pt-BR"},{"@type":"Organization","@id":"https:\/\/exposicoes.abc.org.br\/100anos\/#organization","name":"Academia Brasileira de Ci\u00eancias","url":"https:\/\/exposicoes.abc.org.br\/100anos\/","logo":{"@type":"ImageObject","inLanguage":"pt-BR","@id":"https:\/\/exposicoes.abc.org.br\/100anos\/#\/schema\/logo\/image\/","url":"https:\/\/exposicoes.abc.org.br\/100anos\/wp-content\/uploads\/2025\/12\/logo-100-abc.png","contentUrl":"https:\/\/exposicoes.abc.org.br\/100anos\/wp-content\/uploads\/2025\/12\/logo-100-abc.png","width":511,"height":116,"caption":"Academia Brasileira de Ci\u00eancias"},"image":{"@id":"https:\/\/exposicoes.abc.org.br\/100anos\/#\/schema\/logo\/image\/"}},{"@type":"Person","@id":"https:\/\/exposicoes.abc.org.br\/100anos\/#\/schema\/person\/3debaa657d0a9cab82d3e55ac7c1988d","name":"sintropika","image":{"@type":"ImageObject","inLanguage":"pt-BR","@id":"https:\/\/exposicoes.abc.org.br\/100anos\/#\/schema\/person\/image\/","url":"https:\/\/secure.gravatar.com\/avatar\/35d24915ddd39821c2eae3dc979a4439be79c1ab39a90d812d7f46a7cf0a717e?s=96&d=mm&r=g","contentUrl":"https:\/\/secure.gravatar.com\/avatar\/35d24915ddd39821c2eae3dc979a4439be79c1ab39a90d812d7f46a7cf0a717e?s=96&d=mm&r=g","caption":"sintropika"},"sameAs":["https:\/\/exposicoes.abc.org.br\/100anos"]}]}},"_links":{"self":[{"href":"https:\/\/exposicoes.abc.org.br\/100anos\/wp-json\/wp\/v2\/posts\/25","targetHints":{"allow":["GET"]}}],"collection":[{"href":"https:\/\/exposicoes.abc.org.br\/100anos\/wp-json\/wp\/v2\/posts"}],"about":[{"href":"https:\/\/exposicoes.abc.org.br\/100anos\/wp-json\/wp\/v2\/types\/post"}],"author":[{"embeddable":true,"href":"https:\/\/exposicoes.abc.org.br\/100anos\/wp-json\/wp\/v2\/users\/1"}],"replies":[{"embeddable":true,"href":"https:\/\/exposicoes.abc.org.br\/100anos\/wp-json\/wp\/v2\/comments?post=25"}],"version-history":[{"count":11,"href":"https:\/\/exposicoes.abc.org.br\/100anos\/wp-json\/wp\/v2\/posts\/25\/revisions"}],"predecessor-version":[{"id":781,"href":"https:\/\/exposicoes.abc.org.br\/100anos\/wp-json\/wp\/v2\/posts\/25\/revisions\/781"}],"wp:featuredmedia":[{"embeddable":true,"href":"https:\/\/exposicoes.abc.org.br\/100anos\/wp-json\/wp\/v2\/media\/628"}],"wp:attachment":[{"href":"https:\/\/exposicoes.abc.org.br\/100anos\/wp-json\/wp\/v2\/media?parent=25"}],"wp:term":[{"taxonomy":"post_tag","embeddable":true,"href":"https:\/\/exposicoes.abc.org.br\/100anos\/wp-json\/wp\/v2\/tags?post=25"},{"taxonomy":"periodo","embeddable":true,"href":"https:\/\/exposicoes.abc.org.br\/100anos\/wp-json\/wp\/v2\/periodo?post=25"}],"curies":[{"name":"wp","href":"https:\/\/api.w.org\/{rel}","templated":true}]}}