{"id":23,"date":"2025-12-22T19:11:26","date_gmt":"2025-12-22T22:11:26","guid":{"rendered":"https:\/\/exposicoes.abc.org.br\/100anos\/?p=23"},"modified":"2026-01-30T13:35:05","modified_gmt":"2026-01-30T16:35:05","slug":"porta-voz-da-ciencia-e-a-atuacao-internacional","status":"publish","type":"post","link":"https:\/\/exposicoes.abc.org.br\/100anos\/porta-voz-da-ciencia-e-a-atuacao-internacional\/","title":{"rendered":"Porta-voz da ci\u00eancia e a Atua\u00e7\u00e3o internacional"},"content":{"rendered":"\n<h2 class=\"wp-block-heading\">Porta-voz da ci\u00eancia<\/h2>\n\n\n\n<p>A atua\u00e7\u00e3o de acad\u00eamicos em minist\u00e9rios, principalmente no de Ci\u00eancia e Tecnologia, e sua parceria com a SBPC refor\u00e7aram a posi\u00e7\u00e3o da Academia junto aos governos e ao Congresso Nacional na formula\u00e7\u00e3o de pol\u00edticas cient\u00edficas e educacionais. A institui\u00e7\u00e3o passou a ter participa\u00e7\u00e3o ativa nos principais conselhos e comiss\u00f5es nacionais na \u00e1rea da pol\u00edtica cient\u00edfica e tecnol\u00f3gica, empenhando-se ativamente na luta por mais recursos para a C&amp;T e na cria\u00e7\u00e3o dos fundos setoriais perenes para a pesquisa cient\u00edfica.<br><br>A ABC teve participa\u00e7\u00e3o fundamental tamb\u00e9m nas tr\u00eas Confer\u00eancias Nacionais de Ci\u00eancia e Tecnologia realizadas no pa\u00eds. A primeira delas, realizada em 2001, gerou o Livro Verde, documento coordenado pelo Acad\u00eamico Cylon Gon\u00e7alves da Silva que serve como instrumento para elabora\u00e7\u00e3o de diretrizes estrat\u00e9gicas nessa \u00e1rea. A segunda, em 2005, foi coordenada pelo Acad\u00eamico Carlos Alberto Arag\u00e3o de Carvalho Filho e resultou no Livro Branco, que resume as discuss\u00f5es do evento e tra\u00e7a rumos para o setor de ci\u00eancia, tecnologia e inova\u00e7\u00e3o. Por fim, a terceira, em 2010, foi coordenada pelo Acad\u00eamico Luiz Davidovich e deu origem ao Livro Azul, que traz novas propostas para o setor de ci\u00eancia e tecnologia no Brasil, conjugando inova\u00e7\u00e3o e sustentabilidade.<\/p>\n\n\n\n<div style=\"height:100px\" aria-hidden=\"true\" class=\"wp-block-spacer\"><\/div>\n\n\n\n<div class=\"wp-block-columns box is-layout-flex wp-container-core-columns-is-layout-9d6595d7 wp-block-columns-is-layout-flex\">\n<div class=\"wp-block-column is-layout-flow wp-block-column-is-layout-flow\">\n<h2 class=\"wp-block-heading\">Atua\u00e7\u00e3o internacional<\/h2>\n\n\n\n<p>Internacionalmente, a ABC expandiu sua atua\u00e7\u00e3o junto \u00e0 Academia de Ci\u00eancias do Terceiro Mundo (TWAS, na sigla em ingl\u00eas, atualmente chamada Academia Mundial de Ci\u00eancias para o Avan\u00e7o da Ci\u00eancia nos Pa\u00edses em Desenvolvimento), organiza\u00e7\u00e3o internacional fundada em 1983, com a participa\u00e7\u00e3o de pesquisadores brasileiros. A institui\u00e7\u00e3o tem como miss\u00e3o promover o progresso da ci\u00eancia e da tecnologia nos pa\u00edses em desenvolvimento e, para isso, re\u00fane em seus quadros cientistas de pa\u00edses como \u00cdndia, China e \u00c1frica do Sul, al\u00e9m do Brasil, entre outros.<\/p>\n<\/div>\n\n\n\n<div class=\"wp-block-column is-layout-flow wp-block-column-is-layout-flow\">\n<figure class=\"wp-block-image size-full\"><img loading=\"lazy\" decoding=\"async\" width=\"548\" height=\"380\" src=\"https:\/\/exposicoes.abc.org.br\/100anos\/wp-content\/uploads\/2025\/12\/cap07-02.png\" alt=\"\" class=\"wp-image-325\" srcset=\"https:\/\/exposicoes.abc.org.br\/100anos\/wp-content\/uploads\/2025\/12\/cap07-02.png 548w, https:\/\/exposicoes.abc.org.br\/100anos\/wp-content\/uploads\/2025\/12\/cap07-02-300x208.png 300w\" sizes=\"auto, (max-width: 548px) 100vw, 548px\" \/><figcaption class=\"wp-element-caption\">confer\u00eancia do iap com o tema \u201cgrandes desafios e inova\u00e7\u00f5es integradas \u2013 ci\u00eancia para a erradica\u00e7\u00e3o da pobreza e o desenvolvimento sustent\u00e1vel\u201d, realizada no rio de janeiro em 2013. &#8211; Acervo ABC<\/figcaption><\/figure>\n<\/div>\n<\/div>\n\n\n\n<figure class=\"wp-block-image size-large\"><img loading=\"lazy\" decoding=\"async\" width=\"1024\" height=\"495\" src=\"https:\/\/exposicoes.abc.org.br\/100anos\/wp-content\/uploads\/2025\/12\/cap07-03-1024x495.png\" alt=\"\" class=\"wp-image-328\" srcset=\"https:\/\/exposicoes.abc.org.br\/100anos\/wp-content\/uploads\/2025\/12\/cap07-03-1024x495.png 1024w, https:\/\/exposicoes.abc.org.br\/100anos\/wp-content\/uploads\/2025\/12\/cap07-03-300x145.png 300w, https:\/\/exposicoes.abc.org.br\/100anos\/wp-content\/uploads\/2025\/12\/cap07-03-768x371.png 768w, https:\/\/exposicoes.abc.org.br\/100anos\/wp-content\/uploads\/2025\/12\/cap07-03.png 1366w\" sizes=\"auto, (max-width: 1024px) 100vw, 1024px\" \/><figcaption class=\"wp-element-caption\">a 6\u00aa confer\u00eancia da twas foi realizada no rio de janeiro, com apoio da abc e do governo federal. &#8211; Acervo ABC.<\/figcaption><\/figure>\n\n\n\n<div style=\"height:100px\" aria-hidden=\"true\" class=\"wp-block-spacer\"><\/div>\n\n\n\n<p>A parceria com a TWAS estreitou-se ainda mais quando da realiza\u00e7\u00e3o da 6\u00aa Confer\u00eancia da institui\u00e7\u00e3o no Rio de Janeiro, em 1997. O evento, que teve como tema &#8220;Ci\u00eancia para o desenvolvimento sustent\u00e1vel na Am\u00e9rica Latina e no Caribe&#8221;, contou com apoio do governo brasileiro, gra\u00e7as \u00e0s articula\u00e7\u00f5es feitas pelo Acad\u00eamico Jos\u00e9 Israel Vargas, na \u00e9poca vice-presidente da TWAS e ministro da Ci\u00eancia e Tecnologia no Brasil.<br>Posteriormente, o presidente da ABC, Jacob Palis, foi eleito presidente da TWAS por dois mandatos consecutivos, de 2007 a 2012. Nessa \u00e9poca, foi retomada a ideia de uma integra\u00e7\u00e3o multidisciplinar entre o Brasil e os pa\u00edses vizinhos, tendo como ponto de partida a confer\u00eancia \u201cAvan\u00e7os e perspectivas da ci\u00eancia no Brasil, Am\u00e9rica Latina e Caribe\u201d, realizada em 2007. Na programa\u00e7\u00e3o, houve palestras com o ministro e Acad\u00eamico Sergio Rezende, al\u00e9m de representantes das principais ag\u00eancias de fomento \u00e0 pesquisa no \u00e2mbito nacional. Em seguida, cerca de 40 especialistas das dez \u00e1reas da ABC apresentaram temas de interesse, seguidos de jovens cientistas e pesquisadores dos pa\u00edses vizinhos, visando a um interc\u00e2mbio de ideias e projetos.<br><br>Outro evento de grande relev\u00e2ncia, organizado pela ABC em parceria com a Academia de Ci\u00eancias da Hungria, com o apoio da Unesco, Minist\u00e9rio da Ci\u00eancia, Tecnologia e Inova\u00e7\u00e3o (MCTI) e v\u00e1rias entidades nacionais e internacionais, foi o F\u00f3rum Mundial de Ci\u00eancias, no Rio de Janeiro, em 2013. Tendo como tema \u201cCi\u00eancia para o Desenvolvimento Sustent\u00e1vel\u201d, a reuni\u00e3o envolveu cerca de mil pesquisadores para debater o papel e as responsabilidades da ci\u00eancia no s\u00e9culo 21.<br><br>Ao fim do evento, gerou-se um documento que resumiu as discuss\u00f5es ocorridas no Rio de Janeiro. O relat\u00f3rio apresentava as recomenda\u00e7\u00f5es fundamentais dos participantes acerca do futuro da pesquisa cient\u00edfica com vistas a um mundo mais sustent\u00e1vel: promover a coopera\u00e7\u00e3o internacional e coordenar a\u00e7\u00f5es nacionais para o desenvolvimento sustent\u00e1vel global; educar para reduzir inequidades e promover a ci\u00eancia e a inova\u00e7\u00e3o sustent\u00e1veis a um n\u00edvel mundial; conduzir a pesquisa e a inova\u00e7\u00e3o de forma respons\u00e1vel e \u00e9tica; melhorar o di\u00e1logo entre a comunidade cient\u00edfica e os governos, a sociedade, as ind\u00fastrias e os meios de comunica\u00e7\u00e3o, nas quest\u00f5es referentes \u00e0 sustentabilidade; e desenvolver mecanismos sustent\u00e1veis para o financiamento da ci\u00eancia.<\/p>\n\n\n\n<div style=\"height:100px\" aria-hidden=\"true\" class=\"wp-block-spacer\"><\/div>\n\n\n\n<blockquote class=\"wp-block-quote is-layout-flow wp-block-quote-is-layout-flow\">\n<p>\u201cOs cientistas precisam, al\u00e9m de fazer ci\u00eancia, al\u00e9m de se dedicar ao laborat\u00f3rio, participar politicamente das decis\u00f5es que implicam em ci\u00eancia, quer dizer, o reconhecimento da ci\u00eancia pelo governo, o financiamento da ci\u00eancia, as condi\u00e7\u00f5es de trabalho.\u201d<\/p>\n<cite>eduardo moacyr krieger<\/cite><\/blockquote>\n\n\n\n<figure class=\"wp-block-image size-large\"><img loading=\"lazy\" decoding=\"async\" width=\"1024\" height=\"495\" src=\"https:\/\/exposicoes.abc.org.br\/100anos\/wp-content\/uploads\/2025\/12\/cap07-04-1024x495.png\" alt=\"\" class=\"wp-image-332\" srcset=\"https:\/\/exposicoes.abc.org.br\/100anos\/wp-content\/uploads\/2025\/12\/cap07-04-1024x495.png 1024w, https:\/\/exposicoes.abc.org.br\/100anos\/wp-content\/uploads\/2025\/12\/cap07-04-300x145.png 300w, https:\/\/exposicoes.abc.org.br\/100anos\/wp-content\/uploads\/2025\/12\/cap07-04-768x371.png 768w, https:\/\/exposicoes.abc.org.br\/100anos\/wp-content\/uploads\/2025\/12\/cap07-04.png 1366w\" sizes=\"auto, (max-width: 1024px) 100vw, 1024px\" \/><figcaption class=\"wp-element-caption\">jacob palis na abertura do f\u00f3rum mundial de ci\u00eancias, em 2013. &#8211; acervo abc<\/figcaption><\/figure>\n\n\n\n<div style=\"height:100px\" aria-hidden=\"true\" class=\"wp-block-spacer\"><\/div>\n\n\n\n<p>Na d\u00e9cada de 1990, a Academia havia participado ativamente das negocia\u00e7\u00f5es que levaram, em 2000, \u00e0 funda\u00e7\u00e3o do Painel InterAcademias (IAP, na sigla em ingl\u00eas, e atual Rede Global de Academias de Ci\u00eancias), que re\u00fane academias de mais de 100 pa\u00edses para discutir e divulgar os aspectos cient\u00edficos de diferentes quest\u00f5es globais, como a din\u00e2mica populacional, as mudan\u00e7as clim\u00e1ticas e a clonagem reprodutiva. A ABC manteve posi\u00e7\u00e3o de destaque no \u00f3rg\u00e3o, tendo exercido a copresid\u00eancia de 2000 a 2003, atrav\u00e9s do vice-presidente da ABC Hernan Chaimovich, e pertencido ao Comit\u00ea Executivo do \u00f3rg\u00e3o. A ABC foi eleita, tamb\u00e9m, para um grupo mais restrito, o Conselho InterAcademias (IAC), em que 13 pa\u00edses se articulam para realizar projetos de pesquisa internacionais, incluindo estudos sobre a mulher na ci\u00eancia e alimentos transg\u00eanicos, realizados a pedido da Organiza\u00e7\u00e3o das Na\u00e7\u00f5es Unidas.<br><br>Em 2013, o IAP reuniu-se no Rio de Janeiro, em evento com 160 cientistas de 51 pa\u00edses, organizado pela ABC com foco na erradica\u00e7\u00e3o da pobreza e no desenvolvimento sustent\u00e1vel. O evento discutiu temas como mudan\u00e7as clim\u00e1ticas, energia sustent\u00e1vel, acesso \u00e0 \u00e1gua limpa e saneamento b\u00e1sico e sa\u00fade e seguran\u00e7a alimentar. Al\u00e9m disso, uma pauta importante foi o estabelecimento de parcerias que permitissem ao IAP ampliar sua atua\u00e7\u00e3o, por exemplo, por meio do apoio financeiro da iniciativa privada.<\/p>\n\n\n\n<div style=\"height:100px\" aria-hidden=\"true\" class=\"wp-block-spacer\"><\/div>\n\n\n\n<figure class=\"wp-block-image size-large\"><img loading=\"lazy\" decoding=\"async\" width=\"1024\" height=\"495\" src=\"https:\/\/exposicoes.abc.org.br\/100anos\/wp-content\/uploads\/2025\/12\/cap07-05-1024x495.png\" alt=\"\" class=\"wp-image-334\" srcset=\"https:\/\/exposicoes.abc.org.br\/100anos\/wp-content\/uploads\/2025\/12\/cap07-05-1024x495.png 1024w, https:\/\/exposicoes.abc.org.br\/100anos\/wp-content\/uploads\/2025\/12\/cap07-05-300x145.png 300w, https:\/\/exposicoes.abc.org.br\/100anos\/wp-content\/uploads\/2025\/12\/cap07-05-768x371.png 768w, https:\/\/exposicoes.abc.org.br\/100anos\/wp-content\/uploads\/2025\/12\/cap07-05.png 1366w\" sizes=\"auto, (max-width: 1024px) 100vw, 1024px\" \/><figcaption class=\"wp-element-caption\">o presidente da abc, jacob palis, participa do evento avan\u00e7os e perspectivas da ci\u00eancia no brasil, am\u00e9rica latina e caribe, em 2007. &#8211; acervo abc<\/figcaption><\/figure>\n\n\n\n<div style=\"height:100px\" aria-hidden=\"true\" class=\"wp-block-spacer\"><\/div>\n\n\n\n<h2 class=\"wp-block-heading\">Projetos para um Brasil melhor<\/h2>\n\n\n\n<p>No Brasil, em 1996, a ABC sediou a Comiss\u00e3o Nacional Independente sobre os Oceanos, uma iniciativa presidida pelo ent\u00e3o ministro de Ci\u00eancia e Tecnologia e Acad\u00eamico Jos\u00e9 Israel Vargas. A ideia, que surgiu na celebra\u00e7\u00e3o dos 500 anos da famosa viagem de Vasco da Gama, gerou um relat\u00f3rio e uma pesquisa de opini\u00e3o p\u00fablica sobre o mar.<br><br>J\u00e1 em 2009, a ABC patrocinou as atividades brasileiras do Ano Internacional da Terra, que inclu\u00edram a confer\u00eancia \u201cGeoci\u00eancias nos pa\u00edses de l\u00edngua portuguesa: um passado comum para um futuro de integra\u00e7\u00e3o\u201d. Como temas priorit\u00e1rios, destacaram-se \u00e1guas subterr\u00e2neas, desastres naturais, Terra e sa\u00fade, clima, recursos naturais e energia, megacidades, n\u00facleo e crosta terrestres, oceanos, solos e Terra e vida.<br><br>Em 2012, a ABC promoveu o F\u00f3rum sobre Ci\u00eancia, Tecnologia e Inova\u00e7\u00e3o para o Desenvolvimento Sustent\u00e1vel, evento preparat\u00f3rio \u00e0 Confer\u00eancia das Na\u00e7\u00f5es Unidas sobre Desenvolvimento Sustent\u00e1vel (Rio+20), com o objetivo de discutir poss\u00edveis agendas de pesquisa e diretrizes estrat\u00e9gicas. Na ocasi\u00e3o, lan\u00e7ou o projeto \u201c+20 Ideias para girar o mundo\u201d, que re\u00fane em v\u00eddeo declara\u00e7\u00f5es de personalidades sobre sustentabilidade. V\u00e1rios Acad\u00eamicos participaram, como S\u00e9rgio Mascarenhas, Mayana Zatz e Carlos Alberto Arag\u00e3o.<br><br>Por fim, nas \u00faltimas d\u00e9cadas a ABC conduziu uma s\u00e9rie de estudos estrat\u00e9gicos sobre temas de grande relev\u00e2ncia, como recursos h\u00eddricos, reforma do Ensino Superior, uso sustent\u00e1vel de recursos da Amaz\u00f4nia, doen\u00e7as negligenciadas, aprendizagem infantil e ensino de ci\u00eancias na educa\u00e7\u00e3o b\u00e1sica. Os projetos foram desenvolvidos por grupos seletos de especialistas e seus resultados foram publicados como contribui\u00e7\u00f5es destinadas \u00e0 formula\u00e7\u00e3o de pol\u00edticas p\u00fablicas.<\/p>\n\n\n\n<div style=\"height:100px\" aria-hidden=\"true\" class=\"wp-block-spacer\"><\/div>\n\n\n\n<figure class=\"wp-block-image size-large\"><img loading=\"lazy\" decoding=\"async\" width=\"1024\" height=\"495\" src=\"https:\/\/exposicoes.abc.org.br\/100anos\/wp-content\/uploads\/2025\/12\/cap07-06-1024x495.png\" alt=\"\" class=\"wp-image-337\" srcset=\"https:\/\/exposicoes.abc.org.br\/100anos\/wp-content\/uploads\/2025\/12\/cap07-06-1024x495.png 1024w, https:\/\/exposicoes.abc.org.br\/100anos\/wp-content\/uploads\/2025\/12\/cap07-06-300x145.png 300w, https:\/\/exposicoes.abc.org.br\/100anos\/wp-content\/uploads\/2025\/12\/cap07-06-768x371.png 768w, https:\/\/exposicoes.abc.org.br\/100anos\/wp-content\/uploads\/2025\/12\/cap07-06.png 1366w\" sizes=\"auto, (max-width: 1024px) 100vw, 1024px\" \/><figcaption class=\"wp-element-caption\">equipe organizadora do 1\u00ba encontro nacional de membros afiliados da abc, em 2011. &#8211; acervo abc<\/figcaption><\/figure>\n\n\n\n<div style=\"height:100px\" aria-hidden=\"true\" class=\"wp-block-spacer\"><\/div>\n\n\n\n<div class=\"wp-block-columns is-layout-flex wp-container-core-columns-is-layout-9d6595d7 wp-block-columns-is-layout-flex\">\n<div class=\"wp-block-column is-layout-flow wp-block-column-is-layout-flow\">\n<h2 class=\"wp-block-heading\">A\u00e7\u00f5es para todas as idades<\/h2>\n\n\n\n<p>A ABC investiu, ainda, no est\u00edmulo \u00e0s voca\u00e7\u00f5es cient\u00edficas, com a cria\u00e7\u00e3o, em 1994, do Programa Aristides Le\u00e3o, que abriu a jovens universit\u00e1rios a oportunidade de estagiar em laborat\u00f3rios dirigidos por acad\u00eamicos durante as f\u00e9rias de ver\u00e3o. O projeto, que teve apoio do CNPq, foi interrompido em 2005 e retomado em 2014, desta vez com foco no treinamento de jovens da regi\u00e3o amaz\u00f4nica, que realizaram est\u00e1gios em diferentes estados do Brasil, com apoio da Capes.&nbsp;<\/p>\n<\/div>\n\n\n\n<div class=\"wp-block-column is-layout-flow wp-block-column-is-layout-flow\">\n<figure class=\"wp-block-image size-full\"><img loading=\"lazy\" decoding=\"async\" width=\"548\" height=\"424\" src=\"https:\/\/exposicoes.abc.org.br\/100anos\/wp-content\/uploads\/2025\/12\/cap07-07.png\" alt=\"\" class=\"wp-image-339\" srcset=\"https:\/\/exposicoes.abc.org.br\/100anos\/wp-content\/uploads\/2025\/12\/cap07-07.png 548w, https:\/\/exposicoes.abc.org.br\/100anos\/wp-content\/uploads\/2025\/12\/cap07-07-300x232.png 300w\" sizes=\"auto, (max-width: 548px) 100vw, 548px\" \/><figcaption class=\"wp-element-caption\">o programa abc na educa\u00e7\u00e3o cient\u00edfica \u2013 m\u00e3o na massa \u00e9 voltado para professores do ensino b\u00e1sico. &#8211; acervo abc<\/figcaption><\/figure>\n<\/div>\n<\/div>\n\n\n\n<div style=\"height:100px\" aria-hidden=\"true\" class=\"wp-block-spacer\"><\/div>\n\n\n\n<hr class=\"wp-block-separator has-alpha-channel-opacity\"\/>\n\n\n\n<div style=\"height:100px\" aria-hidden=\"true\" class=\"wp-block-spacer\"><\/div>\n\n\n\n<p>Outra iniciativa visando a forma\u00e7\u00e3o de novos talentos para a ci\u00eancia foi a cria\u00e7\u00e3o de um programa de membros afiliados de at\u00e9 40 anos, que j\u00e1 selecionou mais de 150 jovens pesquisadores desde 2007. Cada cientista permanece no programa por um per\u00edodo de cinco anos. A cada dois anos, a ABC realiza um Encontro Nacional de Membros Afiliados, no qual os pesquisadores apresentam aos colegas o andamento de suas pesquisas e discutem um tema em especial. Na \u00faltima reuni\u00e3o, em 2016, os tr\u00eas assuntos escolhidos foram &#8220;O impacto da ci\u00eancia brasileira&#8221;, &#8220;Independ\u00eancia e autonomia dos jovens cientistas&#8221; e &#8220;Publica\u00e7\u00e3o como meio e n\u00e3o como fim&#8221;. O evento resultou em um documento final, que sintetiza as principais discuss\u00f5es realizadas.<br><br>Para a promo\u00e7\u00e3o da igualdade de g\u00eanero na pesquisa cient\u00edfica, junto \u00e0 Unesco e com apoio da L\u2019Or\u00e9al, a ABC participa, desde 2011, do pr\u00eamio Para Mulheres na Ci\u00eancia, que concede recursos a jovens pesquisadoras para o desenvolvimento de seus projetos nas diversas \u00e1reas do conhecimento (veja o quadro \u201cA vez das mulheres\u201d).<\/p>\n\n\n\n<div style=\"height:100px\" aria-hidden=\"true\" class=\"wp-block-spacer\"><\/div>\n\n\n\n<figure class=\"wp-block-image size-large\"><img loading=\"lazy\" decoding=\"async\" width=\"1024\" height=\"495\" src=\"https:\/\/exposicoes.abc.org.br\/100anos\/wp-content\/uploads\/2025\/12\/cap07-08-1-1024x495.png\" alt=\"\" class=\"wp-image-666\" srcset=\"https:\/\/exposicoes.abc.org.br\/100anos\/wp-content\/uploads\/2025\/12\/cap07-08-1-1024x495.png 1024w, https:\/\/exposicoes.abc.org.br\/100anos\/wp-content\/uploads\/2025\/12\/cap07-08-1-300x145.png 300w, https:\/\/exposicoes.abc.org.br\/100anos\/wp-content\/uploads\/2025\/12\/cap07-08-1-768x371.png 768w, https:\/\/exposicoes.abc.org.br\/100anos\/wp-content\/uploads\/2025\/12\/cap07-08-1.png 1366w\" sizes=\"auto, (max-width: 1024px) 100vw, 1024px\" \/><figcaption class=\"wp-element-caption\">vencedoras da d\u00e9cima edi\u00e7\u00e3o do pr\u00eamio para mulheres na ci\u00eancia, em 2015. &#8211; divulga\u00e7\u00e3o l\u2019or\u00e9al<\/figcaption><\/figure>\n\n\n\n<div class=\"wp-block-columns box is-layout-flex wp-container-core-columns-is-layout-9d6595d7 wp-block-columns-is-layout-flex\">\n<div class=\"wp-block-column is-layout-flow wp-block-column-is-layout-flow\">\n<h2 class=\"wp-block-heading\">A vez das mulheres<\/h2>\n\n\n\n<p>\u201cO mundo precisa de ci\u00eancia. A ci\u00eancia precisa de mulheres\u201d. Este \u00e9 o mote do pr\u00eamio criado pela L\u2019Or\u00e9al em 1998, em parceria com a Organiza\u00e7\u00e3o das Na\u00e7\u00f5es Unidas para a Educa\u00e7\u00e3o, a Ci\u00eancia e a Cultura (Unesco). Com o objetivo de reconhecer e incentivar a carreira de jovens pesquisadoras em diferentes \u00e1reas da ci\u00eancia, em seus 18 anos de exist\u00eancia, o pr\u00eamio global j\u00e1 ofereceu bolsas de pesquisa a cientistas da \u00c1frica e dos pa\u00edses \u00e1rabes, da \u00c1sia e do Pac\u00edfico, da Europa, da Am\u00e9rica Latina e da Am\u00e9rica do Norte.<br><br>No Brasil, a iniciativa chegou em 2006 e, at\u00e9 a edi\u00e7\u00e3o de 2016, j\u00e1 havia recebido mais de 3,4 mil projetos inscritos e laureado 75, que receberam, no total, cerca de R$ 3,5 milh\u00f5es em aux\u00edlio para pesquisa. A ABC \u00e9 parceira da L\u2019Or\u00e9al no pr\u00eamio e comanda a sele\u00e7\u00e3o das vencedoras.<\/p>\n<\/div>\n<\/div>\n","protected":false},"excerpt":{"rendered":"<p>Porta-voz da ci\u00eancia A atua\u00e7\u00e3o de acad\u00eamicos em minist\u00e9rios, principalmente no de Ci\u00eancia e Tecnologia, e sua parceria com a SBPC refor\u00e7aram a posi\u00e7\u00e3o da Academia junto aos governos e ao Congresso Nacional na formula\u00e7\u00e3o de pol\u00edticas cient\u00edficas e educacionais. A institui\u00e7\u00e3o passou a ter participa\u00e7\u00e3o ativa nos principais conselhos e comiss\u00f5es nacionais na \u00e1rea&#8230;<\/p>\n","protected":false},"author":1,"featured_media":627,"comment_status":"open","ping_status":"open","sticky":false,"template":"","format":"standard","meta":{"_acf_changed":false,"footnotes":""},"tags":[],"periodo":[20],"class_list":["post-23","post","type-post","status-publish","format-standard","has-post-thumbnail","hentry","periodo-1994-2015"],"acf":[],"yoast_head":"<!-- This site is optimized with the Yoast SEO plugin v26.8 - https:\/\/yoast.com\/product\/yoast-seo-wordpress\/ -->\n<title>Porta-voz da ci\u00eancia e a Atua\u00e7\u00e3o internacional | Cem Anos de Ci\u00eancia<\/title>\n<meta name=\"robots\" content=\"index, follow, max-snippet:-1, max-image-preview:large, max-video-preview:-1\" \/>\n<link rel=\"canonical\" href=\"https:\/\/exposicoes.abc.org.br\/100anos\/porta-voz-da-ciencia-e-a-atuacao-internacional\/\" \/>\n<meta property=\"og:locale\" content=\"pt_BR\" \/>\n<meta property=\"og:type\" content=\"article\" \/>\n<meta property=\"og:title\" content=\"Porta-voz da ci\u00eancia e a Atua\u00e7\u00e3o internacional | Cem Anos de Ci\u00eancia\" \/>\n<meta property=\"og:description\" content=\"Porta-voz da ci\u00eancia A atua\u00e7\u00e3o de acad\u00eamicos em minist\u00e9rios, principalmente no de Ci\u00eancia e Tecnologia, e sua parceria com a SBPC refor\u00e7aram a posi\u00e7\u00e3o da Academia junto aos governos e ao Congresso Nacional na formula\u00e7\u00e3o de pol\u00edticas cient\u00edficas e educacionais. A institui\u00e7\u00e3o passou a ter participa\u00e7\u00e3o ativa nos principais conselhos e comiss\u00f5es nacionais na \u00e1rea...\" \/>\n<meta property=\"og:url\" content=\"https:\/\/exposicoes.abc.org.br\/100anos\/porta-voz-da-ciencia-e-a-atuacao-internacional\/\" \/>\n<meta property=\"og:site_name\" content=\"Cem Anos de Ci\u00eancia\" \/>\n<meta property=\"article:published_time\" content=\"2025-12-22T22:11:26+00:00\" \/>\n<meta property=\"article:modified_time\" content=\"2026-01-30T16:35:05+00:00\" \/>\n<meta property=\"og:image\" content=\"https:\/\/exposicoes.abc.org.br\/100anos\/wp-content\/uploads\/2025\/12\/image-1-1-1.png\" \/>\n\t<meta property=\"og:image:width\" content=\"392\" \/>\n\t<meta property=\"og:image:height\" content=\"234\" \/>\n\t<meta property=\"og:image:type\" content=\"image\/png\" \/>\n<meta name=\"author\" content=\"sintropika\" \/>\n<meta name=\"twitter:card\" content=\"summary_large_image\" \/>\n<meta name=\"twitter:label1\" content=\"Escrito por\" \/>\n\t<meta name=\"twitter:data1\" content=\"sintropika\" \/>\n\t<meta name=\"twitter:label2\" content=\"Est. tempo de leitura\" \/>\n\t<meta name=\"twitter:data2\" content=\"11 minutos\" \/>\n<script type=\"application\/ld+json\" class=\"yoast-schema-graph\">{\"@context\":\"https:\/\/schema.org\",\"@graph\":[{\"@type\":\"Article\",\"@id\":\"https:\/\/exposicoes.abc.org.br\/100anos\/porta-voz-da-ciencia-e-a-atuacao-internacional\/#article\",\"isPartOf\":{\"@id\":\"https:\/\/exposicoes.abc.org.br\/100anos\/porta-voz-da-ciencia-e-a-atuacao-internacional\/\"},\"author\":{\"name\":\"sintropika\",\"@id\":\"https:\/\/exposicoes.abc.org.br\/100anos\/#\/schema\/person\/3debaa657d0a9cab82d3e55ac7c1988d\"},\"headline\":\"Porta-voz da ci\u00eancia e a Atua\u00e7\u00e3o internacional\",\"datePublished\":\"2025-12-22T22:11:26+00:00\",\"dateModified\":\"2026-01-30T16:35:05+00:00\",\"mainEntityOfPage\":{\"@id\":\"https:\/\/exposicoes.abc.org.br\/100anos\/porta-voz-da-ciencia-e-a-atuacao-internacional\/\"},\"wordCount\":1936,\"commentCount\":0,\"publisher\":{\"@id\":\"https:\/\/exposicoes.abc.org.br\/100anos\/#organization\"},\"image\":{\"@id\":\"https:\/\/exposicoes.abc.org.br\/100anos\/porta-voz-da-ciencia-e-a-atuacao-internacional\/#primaryimage\"},\"thumbnailUrl\":\"https:\/\/exposicoes.abc.org.br\/100anos\/wp-content\/uploads\/2025\/12\/image-1-1-1.png\",\"inLanguage\":\"pt-BR\",\"potentialAction\":[{\"@type\":\"CommentAction\",\"name\":\"Comment\",\"target\":[\"https:\/\/exposicoes.abc.org.br\/100anos\/porta-voz-da-ciencia-e-a-atuacao-internacional\/#respond\"]}]},{\"@type\":\"WebPage\",\"@id\":\"https:\/\/exposicoes.abc.org.br\/100anos\/porta-voz-da-ciencia-e-a-atuacao-internacional\/\",\"url\":\"https:\/\/exposicoes.abc.org.br\/100anos\/porta-voz-da-ciencia-e-a-atuacao-internacional\/\",\"name\":\"Porta-voz da ci\u00eancia e a Atua\u00e7\u00e3o internacional | Cem Anos de Ci\u00eancia\",\"isPartOf\":{\"@id\":\"https:\/\/exposicoes.abc.org.br\/100anos\/#website\"},\"primaryImageOfPage\":{\"@id\":\"https:\/\/exposicoes.abc.org.br\/100anos\/porta-voz-da-ciencia-e-a-atuacao-internacional\/#primaryimage\"},\"image\":{\"@id\":\"https:\/\/exposicoes.abc.org.br\/100anos\/porta-voz-da-ciencia-e-a-atuacao-internacional\/#primaryimage\"},\"thumbnailUrl\":\"https:\/\/exposicoes.abc.org.br\/100anos\/wp-content\/uploads\/2025\/12\/image-1-1-1.png\",\"datePublished\":\"2025-12-22T22:11:26+00:00\",\"dateModified\":\"2026-01-30T16:35:05+00:00\",\"breadcrumb\":{\"@id\":\"https:\/\/exposicoes.abc.org.br\/100anos\/porta-voz-da-ciencia-e-a-atuacao-internacional\/#breadcrumb\"},\"inLanguage\":\"pt-BR\",\"potentialAction\":[{\"@type\":\"ReadAction\",\"target\":[\"https:\/\/exposicoes.abc.org.br\/100anos\/porta-voz-da-ciencia-e-a-atuacao-internacional\/\"]}]},{\"@type\":\"ImageObject\",\"inLanguage\":\"pt-BR\",\"@id\":\"https:\/\/exposicoes.abc.org.br\/100anos\/porta-voz-da-ciencia-e-a-atuacao-internacional\/#primaryimage\",\"url\":\"https:\/\/exposicoes.abc.org.br\/100anos\/wp-content\/uploads\/2025\/12\/image-1-1-1.png\",\"contentUrl\":\"https:\/\/exposicoes.abc.org.br\/100anos\/wp-content\/uploads\/2025\/12\/image-1-1-1.png\",\"width\":392,\"height\":234},{\"@type\":\"BreadcrumbList\",\"@id\":\"https:\/\/exposicoes.abc.org.br\/100anos\/porta-voz-da-ciencia-e-a-atuacao-internacional\/#breadcrumb\",\"itemListElement\":[{\"@type\":\"ListItem\",\"position\":1,\"name\":\"In\u00edcio\",\"item\":\"https:\/\/exposicoes.abc.org.br\/100anos\/\"},{\"@type\":\"ListItem\",\"position\":2,\"name\":\"Porta-voz da ci\u00eancia e a Atua\u00e7\u00e3o internacional\"}]},{\"@type\":\"WebSite\",\"@id\":\"https:\/\/exposicoes.abc.org.br\/100anos\/#website\",\"url\":\"https:\/\/exposicoes.abc.org.br\/100anos\/\",\"name\":\"Cem Anos de Ci\u00eancia\",\"description\":\"\",\"publisher\":{\"@id\":\"https:\/\/exposicoes.abc.org.br\/100anos\/#organization\"},\"potentialAction\":[{\"@type\":\"SearchAction\",\"target\":{\"@type\":\"EntryPoint\",\"urlTemplate\":\"https:\/\/exposicoes.abc.org.br\/100anos\/?s={search_term_string}\"},\"query-input\":{\"@type\":\"PropertyValueSpecification\",\"valueRequired\":true,\"valueName\":\"search_term_string\"}}],\"inLanguage\":\"pt-BR\"},{\"@type\":\"Organization\",\"@id\":\"https:\/\/exposicoes.abc.org.br\/100anos\/#organization\",\"name\":\"Academia Brasileira de Ci\u00eancias\",\"url\":\"https:\/\/exposicoes.abc.org.br\/100anos\/\",\"logo\":{\"@type\":\"ImageObject\",\"inLanguage\":\"pt-BR\",\"@id\":\"https:\/\/exposicoes.abc.org.br\/100anos\/#\/schema\/logo\/image\/\",\"url\":\"https:\/\/exposicoes.abc.org.br\/100anos\/wp-content\/uploads\/2025\/12\/logo-100-abc.png\",\"contentUrl\":\"https:\/\/exposicoes.abc.org.br\/100anos\/wp-content\/uploads\/2025\/12\/logo-100-abc.png\",\"width\":511,\"height\":116,\"caption\":\"Academia Brasileira de Ci\u00eancias\"},\"image\":{\"@id\":\"https:\/\/exposicoes.abc.org.br\/100anos\/#\/schema\/logo\/image\/\"}},{\"@type\":\"Person\",\"@id\":\"https:\/\/exposicoes.abc.org.br\/100anos\/#\/schema\/person\/3debaa657d0a9cab82d3e55ac7c1988d\",\"name\":\"sintropika\",\"image\":{\"@type\":\"ImageObject\",\"inLanguage\":\"pt-BR\",\"@id\":\"https:\/\/exposicoes.abc.org.br\/100anos\/#\/schema\/person\/image\/\",\"url\":\"https:\/\/secure.gravatar.com\/avatar\/35d24915ddd39821c2eae3dc979a4439be79c1ab39a90d812d7f46a7cf0a717e?s=96&d=mm&r=g\",\"contentUrl\":\"https:\/\/secure.gravatar.com\/avatar\/35d24915ddd39821c2eae3dc979a4439be79c1ab39a90d812d7f46a7cf0a717e?s=96&d=mm&r=g\",\"caption\":\"sintropika\"},\"sameAs\":[\"https:\/\/exposicoes.abc.org.br\/100anos\"]}]}<\/script>\n<!-- \/ Yoast SEO plugin. -->","yoast_head_json":{"title":"Porta-voz da ci\u00eancia e a Atua\u00e7\u00e3o internacional | Cem Anos de Ci\u00eancia","robots":{"index":"index","follow":"follow","max-snippet":"max-snippet:-1","max-image-preview":"max-image-preview:large","max-video-preview":"max-video-preview:-1"},"canonical":"https:\/\/exposicoes.abc.org.br\/100anos\/porta-voz-da-ciencia-e-a-atuacao-internacional\/","og_locale":"pt_BR","og_type":"article","og_title":"Porta-voz da ci\u00eancia e a Atua\u00e7\u00e3o internacional | Cem Anos de Ci\u00eancia","og_description":"Porta-voz da ci\u00eancia A atua\u00e7\u00e3o de acad\u00eamicos em minist\u00e9rios, principalmente no de Ci\u00eancia e Tecnologia, e sua parceria com a SBPC refor\u00e7aram a posi\u00e7\u00e3o da Academia junto aos governos e ao Congresso Nacional na formula\u00e7\u00e3o de pol\u00edticas cient\u00edficas e educacionais. A institui\u00e7\u00e3o passou a ter participa\u00e7\u00e3o ativa nos principais conselhos e comiss\u00f5es nacionais na \u00e1rea...","og_url":"https:\/\/exposicoes.abc.org.br\/100anos\/porta-voz-da-ciencia-e-a-atuacao-internacional\/","og_site_name":"Cem Anos de Ci\u00eancia","article_published_time":"2025-12-22T22:11:26+00:00","article_modified_time":"2026-01-30T16:35:05+00:00","og_image":[{"width":392,"height":234,"url":"https:\/\/exposicoes.abc.org.br\/100anos\/wp-content\/uploads\/2025\/12\/image-1-1-1.png","type":"image\/png"}],"author":"sintropika","twitter_card":"summary_large_image","twitter_misc":{"Escrito por":"sintropika","Est. tempo de leitura":"11 minutos"},"schema":{"@context":"https:\/\/schema.org","@graph":[{"@type":"Article","@id":"https:\/\/exposicoes.abc.org.br\/100anos\/porta-voz-da-ciencia-e-a-atuacao-internacional\/#article","isPartOf":{"@id":"https:\/\/exposicoes.abc.org.br\/100anos\/porta-voz-da-ciencia-e-a-atuacao-internacional\/"},"author":{"name":"sintropika","@id":"https:\/\/exposicoes.abc.org.br\/100anos\/#\/schema\/person\/3debaa657d0a9cab82d3e55ac7c1988d"},"headline":"Porta-voz da ci\u00eancia e a Atua\u00e7\u00e3o internacional","datePublished":"2025-12-22T22:11:26+00:00","dateModified":"2026-01-30T16:35:05+00:00","mainEntityOfPage":{"@id":"https:\/\/exposicoes.abc.org.br\/100anos\/porta-voz-da-ciencia-e-a-atuacao-internacional\/"},"wordCount":1936,"commentCount":0,"publisher":{"@id":"https:\/\/exposicoes.abc.org.br\/100anos\/#organization"},"image":{"@id":"https:\/\/exposicoes.abc.org.br\/100anos\/porta-voz-da-ciencia-e-a-atuacao-internacional\/#primaryimage"},"thumbnailUrl":"https:\/\/exposicoes.abc.org.br\/100anos\/wp-content\/uploads\/2025\/12\/image-1-1-1.png","inLanguage":"pt-BR","potentialAction":[{"@type":"CommentAction","name":"Comment","target":["https:\/\/exposicoes.abc.org.br\/100anos\/porta-voz-da-ciencia-e-a-atuacao-internacional\/#respond"]}]},{"@type":"WebPage","@id":"https:\/\/exposicoes.abc.org.br\/100anos\/porta-voz-da-ciencia-e-a-atuacao-internacional\/","url":"https:\/\/exposicoes.abc.org.br\/100anos\/porta-voz-da-ciencia-e-a-atuacao-internacional\/","name":"Porta-voz da ci\u00eancia e a Atua\u00e7\u00e3o internacional | Cem Anos de Ci\u00eancia","isPartOf":{"@id":"https:\/\/exposicoes.abc.org.br\/100anos\/#website"},"primaryImageOfPage":{"@id":"https:\/\/exposicoes.abc.org.br\/100anos\/porta-voz-da-ciencia-e-a-atuacao-internacional\/#primaryimage"},"image":{"@id":"https:\/\/exposicoes.abc.org.br\/100anos\/porta-voz-da-ciencia-e-a-atuacao-internacional\/#primaryimage"},"thumbnailUrl":"https:\/\/exposicoes.abc.org.br\/100anos\/wp-content\/uploads\/2025\/12\/image-1-1-1.png","datePublished":"2025-12-22T22:11:26+00:00","dateModified":"2026-01-30T16:35:05+00:00","breadcrumb":{"@id":"https:\/\/exposicoes.abc.org.br\/100anos\/porta-voz-da-ciencia-e-a-atuacao-internacional\/#breadcrumb"},"inLanguage":"pt-BR","potentialAction":[{"@type":"ReadAction","target":["https:\/\/exposicoes.abc.org.br\/100anos\/porta-voz-da-ciencia-e-a-atuacao-internacional\/"]}]},{"@type":"ImageObject","inLanguage":"pt-BR","@id":"https:\/\/exposicoes.abc.org.br\/100anos\/porta-voz-da-ciencia-e-a-atuacao-internacional\/#primaryimage","url":"https:\/\/exposicoes.abc.org.br\/100anos\/wp-content\/uploads\/2025\/12\/image-1-1-1.png","contentUrl":"https:\/\/exposicoes.abc.org.br\/100anos\/wp-content\/uploads\/2025\/12\/image-1-1-1.png","width":392,"height":234},{"@type":"BreadcrumbList","@id":"https:\/\/exposicoes.abc.org.br\/100anos\/porta-voz-da-ciencia-e-a-atuacao-internacional\/#breadcrumb","itemListElement":[{"@type":"ListItem","position":1,"name":"In\u00edcio","item":"https:\/\/exposicoes.abc.org.br\/100anos\/"},{"@type":"ListItem","position":2,"name":"Porta-voz da ci\u00eancia e a Atua\u00e7\u00e3o internacional"}]},{"@type":"WebSite","@id":"https:\/\/exposicoes.abc.org.br\/100anos\/#website","url":"https:\/\/exposicoes.abc.org.br\/100anos\/","name":"Cem Anos de Ci\u00eancia","description":"","publisher":{"@id":"https:\/\/exposicoes.abc.org.br\/100anos\/#organization"},"potentialAction":[{"@type":"SearchAction","target":{"@type":"EntryPoint","urlTemplate":"https:\/\/exposicoes.abc.org.br\/100anos\/?s={search_term_string}"},"query-input":{"@type":"PropertyValueSpecification","valueRequired":true,"valueName":"search_term_string"}}],"inLanguage":"pt-BR"},{"@type":"Organization","@id":"https:\/\/exposicoes.abc.org.br\/100anos\/#organization","name":"Academia Brasileira de Ci\u00eancias","url":"https:\/\/exposicoes.abc.org.br\/100anos\/","logo":{"@type":"ImageObject","inLanguage":"pt-BR","@id":"https:\/\/exposicoes.abc.org.br\/100anos\/#\/schema\/logo\/image\/","url":"https:\/\/exposicoes.abc.org.br\/100anos\/wp-content\/uploads\/2025\/12\/logo-100-abc.png","contentUrl":"https:\/\/exposicoes.abc.org.br\/100anos\/wp-content\/uploads\/2025\/12\/logo-100-abc.png","width":511,"height":116,"caption":"Academia Brasileira de Ci\u00eancias"},"image":{"@id":"https:\/\/exposicoes.abc.org.br\/100anos\/#\/schema\/logo\/image\/"}},{"@type":"Person","@id":"https:\/\/exposicoes.abc.org.br\/100anos\/#\/schema\/person\/3debaa657d0a9cab82d3e55ac7c1988d","name":"sintropika","image":{"@type":"ImageObject","inLanguage":"pt-BR","@id":"https:\/\/exposicoes.abc.org.br\/100anos\/#\/schema\/person\/image\/","url":"https:\/\/secure.gravatar.com\/avatar\/35d24915ddd39821c2eae3dc979a4439be79c1ab39a90d812d7f46a7cf0a717e?s=96&d=mm&r=g","contentUrl":"https:\/\/secure.gravatar.com\/avatar\/35d24915ddd39821c2eae3dc979a4439be79c1ab39a90d812d7f46a7cf0a717e?s=96&d=mm&r=g","caption":"sintropika"},"sameAs":["https:\/\/exposicoes.abc.org.br\/100anos"]}]}},"_links":{"self":[{"href":"https:\/\/exposicoes.abc.org.br\/100anos\/wp-json\/wp\/v2\/posts\/23","targetHints":{"allow":["GET"]}}],"collection":[{"href":"https:\/\/exposicoes.abc.org.br\/100anos\/wp-json\/wp\/v2\/posts"}],"about":[{"href":"https:\/\/exposicoes.abc.org.br\/100anos\/wp-json\/wp\/v2\/types\/post"}],"author":[{"embeddable":true,"href":"https:\/\/exposicoes.abc.org.br\/100anos\/wp-json\/wp\/v2\/users\/1"}],"replies":[{"embeddable":true,"href":"https:\/\/exposicoes.abc.org.br\/100anos\/wp-json\/wp\/v2\/comments?post=23"}],"version-history":[{"count":18,"href":"https:\/\/exposicoes.abc.org.br\/100anos\/wp-json\/wp\/v2\/posts\/23\/revisions"}],"predecessor-version":[{"id":786,"href":"https:\/\/exposicoes.abc.org.br\/100anos\/wp-json\/wp\/v2\/posts\/23\/revisions\/786"}],"wp:featuredmedia":[{"embeddable":true,"href":"https:\/\/exposicoes.abc.org.br\/100anos\/wp-json\/wp\/v2\/media\/627"}],"wp:attachment":[{"href":"https:\/\/exposicoes.abc.org.br\/100anos\/wp-json\/wp\/v2\/media?parent=23"}],"wp:term":[{"taxonomy":"post_tag","embeddable":true,"href":"https:\/\/exposicoes.abc.org.br\/100anos\/wp-json\/wp\/v2\/tags?post=23"},{"taxonomy":"periodo","embeddable":true,"href":"https:\/\/exposicoes.abc.org.br\/100anos\/wp-json\/wp\/v2\/periodo?post=23"}],"curies":[{"name":"wp","href":"https:\/\/api.w.org\/{rel}","templated":true}]}}