{"id":21,"date":"2025-12-22T19:11:01","date_gmt":"2025-12-22T22:11:01","guid":{"rendered":"https:\/\/exposicoes.abc.org.br\/100anos\/?p=21"},"modified":"2026-01-30T15:23:00","modified_gmt":"2026-01-30T18:23:00","slug":"um-ano-para-celebrar-e-um-projeto-de-ciencia-para-o-brasil","status":"publish","type":"post","link":"https:\/\/exposicoes.abc.org.br\/100anos\/um-ano-para-celebrar-e-um-projeto-de-ciencia-para-o-brasil\/","title":{"rendered":"Um ano para celebrar e um projeto de ci\u00eancia para o Brasil"},"content":{"rendered":"\n<h2 class=\"wp-block-heading\">Um ano para celebrar<\/h2>\n\n\n\n<p>Cem anos depois de iniciar suas atividades no Rio de Janeiro, a Academia Brasileira de Ci\u00eancias comemora a hist\u00f3ria que construiu e planeja o futuro de suas a\u00e7\u00f5es. O ano do centen\u00e1rio, que se estendeu de maio de 2016 a maio de 2017, n\u00e3o apenas esteve repleto de celebra\u00e7\u00f5es do passado, mas tamb\u00e9m marcou o in\u00edcio de um grande projeto da ABC para a pesquisa cient\u00edfica brasileira.<\/p>\n\n\n\n<div style=\"height:100px\" aria-hidden=\"true\" class=\"wp-block-spacer\"><\/div>\n\n\n\n<figure class=\"wp-block-image size-large\"><img loading=\"lazy\" decoding=\"async\" width=\"1024\" height=\"553\" src=\"https:\/\/exposicoes.abc.org.br\/100anos\/wp-content\/uploads\/2025\/12\/cap08-01-01-1024x553.jpg\" alt=\"\" class=\"wp-image-687\" srcset=\"https:\/\/exposicoes.abc.org.br\/100anos\/wp-content\/uploads\/2025\/12\/cap08-01-01-1024x553.jpg 1024w, https:\/\/exposicoes.abc.org.br\/100anos\/wp-content\/uploads\/2025\/12\/cap08-01-01-300x162.jpg 300w, https:\/\/exposicoes.abc.org.br\/100anos\/wp-content\/uploads\/2025\/12\/cap08-01-01-768x415.jpg 768w, https:\/\/exposicoes.abc.org.br\/100anos\/wp-content\/uploads\/2025\/12\/cap08-01-01.jpg 1382w\" sizes=\"auto, (max-width: 1024px) 100vw, 1024px\" \/><figcaption class=\"wp-element-caption\">autoridades e representantes de institui\u00e7\u00f5es ligadas \u00e0 ci\u00eancia na abertura da reuni\u00e3o magna do centen\u00e1rio da abc. &#8211; acervo abc<\/figcaption><\/figure>\n\n\n\n<div style=\"height:100px\" aria-hidden=\"true\" class=\"wp-block-spacer\"><\/div>\n\n\n\n<h2 class=\"wp-block-heading\">A Reuni\u00e3o Magna<\/h2>\n\n\n\n<p>Tradicionalmente o evento anual mais marcante promovido pela Academia, a Reuni\u00e3o Magna de 2016 ganhou novo formato, com confer\u00eancias e debates dedicados a temas atuais e instigantes abordados de forma transdisciplinar, sob o lema \u201cPavimentando um futuro melhor\u201d. O encontro, realizado no rec\u00e9m-inaugurado Museu do Amanh\u00e3, na zona portu\u00e1ria do Rio, foi aberto, como j\u00e1 \u00e9 de praxe, n\u00e3o apenas a Acad\u00eamicos e outros cientistas, mas tamb\u00e9m ao p\u00fablico geral, interessado em quest\u00f5es como sa\u00fade global, seguran\u00e7a alimentar sustent\u00e1vel, energia, novas tecnologias e educa\u00e7\u00e3o.<br><br>Uma das sess\u00f5es que atra\u00edram maior interesse do p\u00fablico tratou do v\u00edrus zika, quest\u00e3o emergencial de sa\u00fade p\u00fablica no Brasil. Os especialistas Pedro Vasconcelos, do Instituto Evandro Chagas, e Rodrigo Brindeiro, do Departamento de Gen\u00e9tica e Laborat\u00f3rio de Virologia Molecular da Universidade Federal do Rio de Janeiro, falaram sobre a epidemiologia da doen\u00e7a e perspectivas de tratamento e preven\u00e7\u00e3o, destacando iniciativas cient\u00edficas brasileiras para o melhor conhecimento e combate ao v\u00edrus.<\/p>\n\n\n\n<div style=\"height:100px\" aria-hidden=\"true\" class=\"wp-block-spacer\"><\/div>\n\n\n\n<figure class=\"wp-block-image size-large\"><img loading=\"lazy\" decoding=\"async\" width=\"1024\" height=\"495\" src=\"https:\/\/exposicoes.abc.org.br\/100anos\/wp-content\/uploads\/2025\/12\/DSC_0237-2-1024x495.png\" alt=\"\" class=\"wp-image-352\" srcset=\"https:\/\/exposicoes.abc.org.br\/100anos\/wp-content\/uploads\/2025\/12\/DSC_0237-2-1024x495.png 1024w, https:\/\/exposicoes.abc.org.br\/100anos\/wp-content\/uploads\/2025\/12\/DSC_0237-2-300x145.png 300w, https:\/\/exposicoes.abc.org.br\/100anos\/wp-content\/uploads\/2025\/12\/DSC_0237-2-768x371.png 768w, https:\/\/exposicoes.abc.org.br\/100anos\/wp-content\/uploads\/2025\/12\/DSC_0237-2.png 1366w\" sizes=\"auto, (max-width: 1024px) 100vw, 1024px\" \/><figcaption class=\"wp-element-caption\">jacob palis, presidente em exerc\u00edcio na ocasi\u00e3o, e luiz davidovich, eleito para a presid\u00eancia da abc no tri\u00eanio 2016-2019. &#8211; acervo abc<\/figcaption><\/figure>\n\n\n\n<div style=\"height:100px\" aria-hidden=\"true\" class=\"wp-block-spacer\"><\/div>\n\n\n\n<div class=\"wp-block-columns is-layout-flex wp-container-core-columns-is-layout-9d6595d7 wp-block-columns-is-layout-flex\">\n<div class=\"wp-block-column is-layout-flow wp-block-column-is-layout-flow\">\n<figure class=\"wp-block-image size-full\"><img loading=\"lazy\" decoding=\"async\" width=\"548\" height=\"782\" src=\"https:\/\/exposicoes.abc.org.br\/100anos\/wp-content\/uploads\/2025\/12\/Frame-146.png\" alt=\"\" class=\"wp-image-354\" srcset=\"https:\/\/exposicoes.abc.org.br\/100anos\/wp-content\/uploads\/2025\/12\/Frame-146.png 548w, https:\/\/exposicoes.abc.org.br\/100anos\/wp-content\/uploads\/2025\/12\/Frame-146-210x300.png 210w\" sizes=\"auto, (max-width: 548px) 100vw, 548px\" \/><figcaption class=\"wp-element-caption\">takaaki kajita, marcia mcnutt e john hopcroft, tr\u00eas dos v\u00e1rios palestrantes internacionais convidados para a reuni\u00e3o magna de 2016. &#8211; acervo abc<\/figcaption><\/figure>\n<\/div>\n\n\n\n<div class=\"wp-block-column is-layout-flow wp-block-column-is-layout-flow\">\n<p>Entre os cientistas estrangeiros convidados para a Reuni\u00e3o estiveram o japon\u00eas Takaaki Kajita, ganhador do pr\u00eamio Nobel de F\u00edsica em 2015 pela comprova\u00e7\u00e3o de que os neutrinos possuem massa; o norte-americano John Hopcroft, ganhador do pr\u00eamio Turing e um dos pioneiros da ci\u00eancia da computa\u00e7\u00e3o; e a bi\u00f3loga Marcia McNutt, ent\u00e3o editora-chefe da revista Science e primeira presidente mulher da Academia Nacional de Ci\u00eancias dos Estados Unidos, entre muitos outros.<br><br>O evento, coordenado pelos Acad\u00eamicos D\u00e9bora Foguel e Carlos Arag\u00e3o, incluiu, al\u00e9m da programa\u00e7\u00e3o cient\u00edfica, a posse do novo presidente eleito da institui\u00e7\u00e3o, Luiz Davidovich. Na cerim\u00f4nia estiveram presentes a ent\u00e3o ministra da Ci\u00eancia, Tecnologia e Inova\u00e7\u00e3o, Emilia Curi, que destacou a import\u00e2ncia de institui\u00e7\u00f5es como a ABC para o enfrentamento da crise de financiamento da ci\u00eancia pela qual o Brasil est\u00e1 passando; o diretor-executivo do grupo IDG, gestor do Museu do Amanh\u00e3, Ricardo Piquet; e o secret\u00e1rio estadual de Ci\u00eancia e Tecnologia do Rio de Janeiro, Gustavo Tutuca. O evento incluiu, ainda, o lan\u00e7amento de um selo comemorativo do centen\u00e1rio da ABC, com a presen\u00e7a do diretor regional dos Correios no Rio de Janeiro, \u00c9verton Machado.<br><br>A programa\u00e7\u00e3o da Reuni\u00e3o Magna de 2016 abarcou tamb\u00e9m a cerim\u00f4nia de boas-vindas aos novos membros titulares e correspondentes e a outorga do pr\u00eamio Almirante \u00c1lvaro Alberto ao Acad\u00eamico Paulo Eduardo Artaxo Netto, professor do Departamento de F\u00edsica Aplicada do Instituto de F\u00edsica da Universidade de S\u00e3o Paulo.<\/p>\n<\/div>\n<\/div>\n\n\n\n<div style=\"height:100px\" aria-hidden=\"true\" class=\"wp-block-spacer\"><\/div>\n\n\n\n<blockquote class=\"wp-block-quote is-layout-flow wp-block-quote-is-layout-flow\">\n<p>\u201cPodemos dizer que a ABC se tornou um importante centro de pensamento sobre o pa\u00eds, mobilizando os melhores pesquisadores para apresentar propostas sobre temas de interesse nacional. Uma institui\u00e7\u00e3o que se nutre de sua experi\u00eancia centen\u00e1ria para construir uma vis\u00e3o de futuro, contribuindo para um projeto de Brasil sustent\u00e1vel nos \u00e2mbitos econ\u00f4mico, social e ambiental.\u201d\u00ad&nbsp;<\/p>\n<cite>luiz davidovich, em discurso de posse na presid\u00eancia da abc<\/cite><\/blockquote>\n\n\n\n<div style=\"height:100px\" aria-hidden=\"true\" class=\"wp-block-spacer\"><\/div>\n\n\n\n<h2 class=\"wp-block-heading\">Divulgando a hist\u00f3ria da ci\u00eancia no Brasil<\/h2>\n\n\n\n<p>Um anivers\u00e1rio de 100 anos \u00e9, sempre, um convite a olhar para a hist\u00f3ria. Para guardar mem\u00f3ria de suas atividades e divulgar ao grande p\u00fablico sua trajet\u00f3ria, a Academia Brasileira de Ci\u00eancias organizou uma pesquisa hist\u00f3rica que investigou o passado da ABC e da pesquisa cient\u00edfica brasileira em diferentes fontes de informa\u00e7\u00e3o, incluindo, por exemplo, as atas e os anais da Academia, o arquivo da Biblioteca Pacheco Le\u00e3o e entrevistas com Acad\u00eamicos e ex-presidentes da institui\u00e7\u00e3o.\u00a0<br><br>Entre as fontes externas consultadas estiveram o Centro de Pesquisa e Documenta\u00e7\u00e3o de Hist\u00f3ria Contempor\u00e2nea do Brasil da Funda\u00e7\u00e3o Get\u00falio Vargas, o Museu da Imagem e do Som do Rio de Janeiro, o Arquivo Nacional, a Biblioteca Nacional, o Museu de Astronomia e Ci\u00eancias Afins, o Instituto Moreira Salles, a Casa de Oswaldo Cruz da Funda\u00e7\u00e3o Oswaldo Cruz, os projetos Mem\u00f3ria da Universidade de S\u00e3o Paulo e da Universidade Federal do Rio de Janeiro e o arquivo da Academia Brasileira de Letras, al\u00e9m dos acervos dos jornais O Globo e Folha de S. Paulo.<br><br>As informa\u00e7\u00f5es levantadas originaram produtos de divulga\u00e7\u00e3o da hist\u00f3ria da ABC e da ci\u00eancia no Brasil. Outros produtos, lan\u00e7ados na Reuni\u00e3o Magna de 2016, foram as revistas Academia Brasileira de Ci\u00eancias e os caminhos da pesquisa cient\u00edfica no Brasil \u2013 Uma hist\u00f3ria entrela\u00e7ada e 18 cientistas brasileiros e suas contribui\u00e7\u00f5es. A primeira resume a hist\u00f3ria da ABC em seus 100 primeiros anos, com fotos e cita\u00e7\u00f5es marcantes de presidentes e associados. J\u00e1 a segunda, voltada ao p\u00fablico jovem, traz biografias enxutas de quase duas dezenas de cientistas de especial relev\u00e2ncia na hist\u00f3ria da ci\u00eancia no Brasil.<\/p>\n\n\n\n<div style=\"height:100px\" aria-hidden=\"true\" class=\"wp-block-spacer\"><\/div>\n\n\n\n<figure class=\"wp-block-image size-large\"><img loading=\"lazy\" decoding=\"async\" width=\"1024\" height=\"495\" src=\"https:\/\/exposicoes.abc.org.br\/100anos\/wp-content\/uploads\/2025\/12\/cap08-01-02-1024x495.jpg\" alt=\"\" class=\"wp-image-688\" srcset=\"https:\/\/exposicoes.abc.org.br\/100anos\/wp-content\/uploads\/2025\/12\/cap08-01-02-1024x495.jpg 1024w, https:\/\/exposicoes.abc.org.br\/100anos\/wp-content\/uploads\/2025\/12\/cap08-01-02-300x145.jpg 300w, https:\/\/exposicoes.abc.org.br\/100anos\/wp-content\/uploads\/2025\/12\/cap08-01-02-768x371.jpg 768w, https:\/\/exposicoes.abc.org.br\/100anos\/wp-content\/uploads\/2025\/12\/cap08-01-02.jpg 1366w\" sizes=\"auto, (max-width: 1024px) 100vw, 1024px\" \/><figcaption class=\"wp-element-caption\">a linha do tempo interativa com a hist\u00f3ria da abc foi a principal atra\u00e7\u00e3o da exposi\u00e7\u00e3o montada para o centen\u00e1rio no museu do amanh\u00e3. &#8211; acervo abc<\/figcaption><\/figure>\n\n\n\n<div style=\"height:100px\" aria-hidden=\"true\" class=\"wp-block-spacer\"><\/div>\n\n\n\n<div class=\"wp-block-columns is-layout-flex wp-container-core-columns-is-layout-9d6595d7 wp-block-columns-is-layout-flex\">\n<div class=\"wp-block-column is-layout-flow wp-block-column-is-layout-flow\">\n<p>Tamb\u00e9m durante o evento foi inaugurada a exposi\u00e7\u00e3o 100 anos da Academia Brasileira de Ci\u00eancias, uma linha do tempo interativa que marcava os acontecimentos mais importantes da hist\u00f3ria da ABC em textos, fotografias e v\u00eddeos, al\u00e9m de destacar o contexto nacional e internacional no qual eles se desenrolaram. A mostra incluiu, ainda, uma vers\u00e3o virtual da publica\u00e7\u00e3o 18 cientistas brasileiros e suas contribui\u00e7\u00f5es e uma \u00e1rea especialmente destinada ao p\u00fablico infantil, que apresentava pesquisadores brasileiros de forma interativa, incluindo jogos e passatempos, al\u00e9m de anima\u00e7\u00f5es sobre essas personalidades. Essa parte da exposi\u00e7\u00e3o foi lan\u00e7ada tamb\u00e9m em formato virtual no livro eletr\u00f4nico 100 anos da ABC \u2013 convidados especiais, que ficou dispon\u00edvel gratuitamente para download em tablets e celulares.<br><br>Al\u00e9m do Museu do Amanh\u00e3, a exposi\u00e7\u00e3o sobre o centen\u00e1rio da Academia foi montada em Bras\u00edlia (DF), no Congresso Nacional; em Porto Seguro (BA), durante a 68\u00aa Reuni\u00e3o Anual da SBPC; e em S\u00e3o Paulo (SP), como parte de um evento promovido pela Funda\u00e7\u00e3o de Amparo \u00e0 Pesquisa do Estado de S\u00e3o Paulo.<\/p>\n<\/div>\n\n\n\n<div class=\"wp-block-column is-layout-flow wp-block-column-is-layout-flow\">\n<figure class=\"wp-block-image size-full\"><img loading=\"lazy\" decoding=\"async\" width=\"548\" height=\"594\" src=\"https:\/\/exposicoes.abc.org.br\/100anos\/wp-content\/uploads\/2025\/12\/Frame-146-1.png\" alt=\"\" class=\"wp-image-361\" srcset=\"https:\/\/exposicoes.abc.org.br\/100anos\/wp-content\/uploads\/2025\/12\/Frame-146-1.png 548w, https:\/\/exposicoes.abc.org.br\/100anos\/wp-content\/uploads\/2025\/12\/Frame-146-1-277x300.png 277w\" sizes=\"auto, (max-width: 548px) 100vw, 548px\" \/><figcaption class=\"wp-element-caption\">ilustra\u00e7\u00e3o de abertura do e-book sobre a hist\u00f3ria da abc voltado ao p\u00fablico infanto-juvenil. &#8211; f\u00e1bio uru<\/figcaption><\/figure>\n<\/div>\n<\/div>\n\n\n\n<div style=\"height:100px\" aria-hidden=\"true\" class=\"wp-block-spacer\"><\/div>\n\n\n\n<blockquote class=\"wp-block-quote is-layout-flow wp-block-quote-is-layout-flow\">\n<p>&#8220;Nestes 100 anos de exist\u00eancia, [a Academia] tem mobilizado cientistas e pesquisadores em atividades em favor da Na\u00e7\u00e3o. Sem abdicar de sua necess\u00e1ria independ\u00eancia, a ABC estreitou, nos \u00faltimos anos, la\u00e7os com o Minist\u00e9rio da Educa\u00e7\u00e3o e o Minist\u00e9rio da Ci\u00eancia, Tecnologia e Inova\u00e7\u00e3o, com ricas contribui\u00e7\u00f5es \u00e0 formula\u00e7\u00e3o de pol\u00edticas p\u00fablicas &#8212; uma importante colabora\u00e7\u00e3o entre a comunidade cient\u00edfica nacional e inst\u00e2ncias de governo em prol de propostas e solu\u00e7\u00f5es para elevar a qualidade de vida da popula\u00e7\u00e3o brasileira.&#8221;<\/p>\n<cite>Dilma Roussef, presidente da Rep\u00fablica, em mensagem enviada \u00e0 ABC na celebra\u00e7\u00e3o do centen\u00e1rio<\/cite><\/blockquote>\n\n\n\n<figure class=\"wp-block-image size-large\"><img loading=\"lazy\" decoding=\"async\" width=\"1024\" height=\"495\" src=\"https:\/\/exposicoes.abc.org.br\/100anos\/wp-content\/uploads\/2025\/12\/DSC_0237-2-2-1024x495.png\" alt=\"\" class=\"wp-image-366\" srcset=\"https:\/\/exposicoes.abc.org.br\/100anos\/wp-content\/uploads\/2025\/12\/DSC_0237-2-2-1024x495.png 1024w, https:\/\/exposicoes.abc.org.br\/100anos\/wp-content\/uploads\/2025\/12\/DSC_0237-2-2-300x145.png 300w, https:\/\/exposicoes.abc.org.br\/100anos\/wp-content\/uploads\/2025\/12\/DSC_0237-2-2-768x371.png 768w, https:\/\/exposicoes.abc.org.br\/100anos\/wp-content\/uploads\/2025\/12\/DSC_0237-2-2.png 1366w\" sizes=\"auto, (max-width: 1024px) 100vw, 1024px\" \/><figcaption class=\"wp-element-caption\">simp\u00f3sio desafios para a ci\u00eancia e tecnologia no brasil, realizado na fapesp em homenagem aos 100 anos da abc. &#8211; leandro negro\/ fapesp<\/figcaption><\/figure>\n\n\n\n<div style=\"height:100px\" aria-hidden=\"true\" class=\"wp-block-spacer\"><\/div>\n\n\n\n<h2 class=\"wp-block-heading\">Outros eventos comemorativos<\/h2>\n\n\n\n<p>A celebra\u00e7\u00e3o do centen\u00e1rio estendeu-se, ainda, por uma s\u00e9rie de eventos-sat\u00e9lite em todo o territ\u00f3rio nacional, incluindo a 26\u00aa Sess\u00e3o Ordin\u00e1ria da Academia Brasileira de Ci\u00eancias e o XI Simp\u00f3sio de Lasers, em Recife (PE); a mesa de debate &#8220;A pol\u00edtica de Ci\u00eancia, Tecnologia e Inova\u00e7\u00e3o que o Brasil necessita&#8221;, organizada pelo Instituto de Biof\u00edsica Carlos Chagas Filho da UFRJ; o 16o workshop do Projeto do Proteoma Humano, no Rio de Janeiro (RJ); o encontro &#8220;A Pesquisa na Agricultura: implica\u00e7\u00f5es para a sustentabilidade alimentar global&#8221;, em Goi\u00e2nia (GO); e o Simp\u00f3sio &#8220;Desafios para a Ci\u00eancia e Tecnologia no Brasil&#8221;, organizado pela Fapesp em S\u00e3o Paulo (SP).<br><br>Al\u00e9m da j\u00e1 mencionada exposi\u00e7\u00e3o sobre a hist\u00f3ria da ABC, a 68\u00aa Reuni\u00e3o Anual da Sociedade Brasileira para o Progresso da Ci\u00eancia (SBPC) incluiu tamb\u00e9m uma sess\u00e3o comemorativa do centen\u00e1rio, da qual participaram os Acad\u00eamicos Helena Nader, D\u00e9bora Foguel, Jorge Almeida Guimar\u00e3es e Jo\u00e3o Alziro Herz da Jornada, em companhia do presidente Luiz Davidovich.<br><br>O evento destacou a participa\u00e7\u00e3o da Academia na cria\u00e7\u00e3o da SBPC, em 1948, e a atua\u00e7\u00e3o conjunta das duas institui\u00e7\u00f5es em diversos momentos importantes da hist\u00f3ria da ci\u00eancia no Brasil, como a cria\u00e7\u00e3o da Capes e do CNPq, as Confer\u00eancias Nacionais de Ci\u00eancia e Tecnologia e a elabora\u00e7\u00e3o do Marco Legal de Ci\u00eancia, Tecnologia e Inova\u00e7\u00e3o, aprovado no in\u00edcio de 2016.<\/p>\n\n\n\n<div style=\"height:100px\" aria-hidden=\"true\" class=\"wp-block-spacer\"><\/div>\n\n\n\n<blockquote class=\"wp-block-quote is-layout-flow wp-block-quote-is-layout-flow\">\n<p>\u201cPara o futuro, imp\u00f5em-se novos desafios. O patamar alcan\u00e7ado pela ci\u00eancia e tecnologia no pa\u00eds permite enxergar um horizonte mais amplo, vislumbrar oportunidades e almejar um novo salto de qualidade. \u00c9 preciso aumentar o impacto internacional da ci\u00eancia brasileira \u2013 o que pressup\u00f5e financiamento p\u00fablico adequado \u2013, melhorar a educa\u00e7\u00e3o b\u00e1sica, renovar a educa\u00e7\u00e3o superior, estimular a inova\u00e7\u00e3o. Enfrentar esses desafios \u00e9 condi\u00e7\u00e3o necess\u00e1ria para que o Brasil possa ter um desenvolvimento econ\u00f4mico e social sustent\u00e1vel. A ABC certamente ter\u00e1 um papel importante na consecu\u00e7\u00e3o desses objetivos, como centro de pensamento capaz de mobilizar os melhores cientistas em torno de temas relevantes para o pa\u00eds.\u201d<\/p>\n<cite>Luiz Davidovich<\/cite><\/blockquote>\n\n\n\n<figure class=\"wp-block-image size-large\"><img loading=\"lazy\" decoding=\"async\" width=\"1024\" height=\"495\" src=\"https:\/\/exposicoes.abc.org.br\/100anos\/wp-content\/uploads\/2025\/12\/cap08-01-03-1024x495.jpg\" alt=\"\" class=\"wp-image-689\" srcset=\"https:\/\/exposicoes.abc.org.br\/100anos\/wp-content\/uploads\/2025\/12\/cap08-01-03-1024x495.jpg 1024w, https:\/\/exposicoes.abc.org.br\/100anos\/wp-content\/uploads\/2025\/12\/cap08-01-03-300x145.jpg 300w, https:\/\/exposicoes.abc.org.br\/100anos\/wp-content\/uploads\/2025\/12\/cap08-01-03-768x371.jpg 768w, https:\/\/exposicoes.abc.org.br\/100anos\/wp-content\/uploads\/2025\/12\/cap08-01-03.jpg 1366w\" sizes=\"auto, (max-width: 1024px) 100vw, 1024px\" \/><\/figure>\n\n\n\n<div style=\"height:100px\" aria-hidden=\"true\" class=\"wp-block-spacer\"><\/div>\n\n\n\n<h2 class=\"wp-block-heading\">Um projeto de ci\u00eancia para o Brasil<\/h2>\n\n\n\n<p>Cem anos ap\u00f3s sua cria\u00e7\u00e3o, a ABC tem mais de 900 membros (entre titulares, correspondentes, associados, colaboradores e afiliados) e rela\u00e7\u00e3o consolidada com as mais importantes institui\u00e7\u00f5es cient\u00edficas nacionais e estrangeiras. Inicia, assim, uma de suas empreitadas mais ambiciosas: \u201cUm projeto de ci\u00eancia para o Brasil\u201d, esfor\u00e7o conjunto de v\u00e1rios grupos de estudo para desenhar prioridades de pesquisa em diferentes \u00e1reas cient\u00edficas para os pr\u00f3ximos anos.<br><br>S\u00e3o, ao todo, 14 grupos, com os temas &#8220;\u00c1gua, solo e ar para a qualidade de vida&#8221;, &#8220;Atividades espaciais&#8221;, &#8220;Biodiversidade, ecossistemas e servi\u00e7os ecossist\u00eamicos&#8221;, &#8220;C\u00e9rebro&#8221;, &#8220;Cidades sustent\u00e1veis-inteligentes&#8221;, &#8220;Ci\u00eancias agr\u00e1rias&#8221;, &#8220;Ci\u00eancias b\u00e1sicas&#8221;, &#8220;Ci\u00eancias do mar&#8221;, &#8220;Energia&#8221;, &#8220;Igualdade e inclus\u00e3o social&#8221;, &#8220;Mudan\u00e7as clim\u00e1ticas, adapta\u00e7\u00e3o e mitiga\u00e7\u00e3o&#8221;, &#8220;Novas tecnologias para o s\u00e9culo XXI&#8221;, &#8220;Recursos minerais&#8221; e &#8220;Sa\u00fade&#8221;. Cada grupo \u00e9 coordenado por pesquisadores especializados e tem a fun\u00e7\u00e3o de levantar o estado da arte da pesquisa cient\u00edfica brasileira em cada \u00e1rea e elencar as principais lacunas de conhecimento e poss\u00edveis estrat\u00e9gias para preench\u00ea-las.<\/p>\n\n\n\n<div style=\"height:100px\" aria-hidden=\"true\" class=\"wp-block-spacer\"><\/div>\n\n\n\n<figure class=\"wp-block-image size-large\"><img loading=\"lazy\" decoding=\"async\" width=\"1024\" height=\"495\" src=\"https:\/\/exposicoes.abc.org.br\/100anos\/wp-content\/uploads\/2025\/12\/cap08-01-04-1024x495.png\" alt=\"\" class=\"wp-image-691\" srcset=\"https:\/\/exposicoes.abc.org.br\/100anos\/wp-content\/uploads\/2025\/12\/cap08-01-04-1024x495.png 1024w, https:\/\/exposicoes.abc.org.br\/100anos\/wp-content\/uploads\/2025\/12\/cap08-01-04-300x145.png 300w, https:\/\/exposicoes.abc.org.br\/100anos\/wp-content\/uploads\/2025\/12\/cap08-01-04-768x371.png 768w, https:\/\/exposicoes.abc.org.br\/100anos\/wp-content\/uploads\/2025\/12\/cap08-01-04.png 1366w\" sizes=\"auto, (max-width: 1024px) 100vw, 1024px\" \/><figcaption class=\"wp-element-caption\">cientistas participantes da iniciativa \u201cum projeto de ci\u00eancia para o brasil\u201d. &#8211; acervo abc<\/figcaption><\/figure>\n\n\n\n<div style=\"height:100px\" aria-hidden=\"true\" class=\"wp-block-spacer\"><\/div>\n\n\n\n<p>A coordena\u00e7\u00e3o geral do projeto est\u00e1 a cargo dos Acad\u00eamicos Jerson Lima da Silva e Jos\u00e9 Galizia Tundisi. Al\u00e9m de Acad\u00eamicos, a iniciativa envolve outros cientistas brasileiros de destaque em suas \u00e1reas de atua\u00e7\u00e3o e prev\u00ea a realiza\u00e7\u00e3o de simp\u00f3sios e congressos tem\u00e1ticos em diferentes estados do Brasil. O objetivo final \u00e9 responder, at\u00e9 o final de 2017, a uma pergunta que \u00e9, ao mesmo tempo, simples e de extrema complexidade: o que a ci\u00eancia pode fazer pelo Brasil?&nbsp;<br><br>Paralelamente, outro grupo de estudos dedica-se ao registro do que a ci\u00eancia j\u00e1 fez pelo pa\u00eds. A expectativa \u00e9 que um trabalho minucioso de mensura\u00e7\u00e3o do retorno trazido pelos investimentos em ci\u00eancia e tecnologia transforme-se em ferramenta valiosa para justificar a import\u00e2ncia da pesquisa e da inova\u00e7\u00e3o junto a governantes, investidores e outros tomadores de decis\u00e3o e impulsionar os pr\u00f3ximos 100 anos da ci\u00eancia no Brasil.<\/p>\n\n\n\n<div style=\"height:100px\" aria-hidden=\"true\" class=\"wp-block-spacer\"><\/div>\n","protected":false},"excerpt":{"rendered":"<p>Um ano para celebrar Cem anos depois de iniciar suas atividades no Rio de Janeiro, a Academia Brasileira de Ci\u00eancias comemora a hist\u00f3ria que construiu e planeja o futuro de suas a\u00e7\u00f5es. O ano do centen\u00e1rio, que se estendeu de maio de 2016 a maio de 2017, n\u00e3o apenas esteve repleto de celebra\u00e7\u00f5es do passado,&#8230;<\/p>\n","protected":false},"author":1,"featured_media":630,"comment_status":"open","ping_status":"open","sticky":false,"template":"","format":"standard","meta":{"_acf_changed":false,"footnotes":""},"tags":[],"periodo":[13],"class_list":["post-21","post","type-post","status-publish","format-standard","has-post-thumbnail","hentry","periodo-13"],"acf":[],"yoast_head":"<!-- This site is optimized with the Yoast SEO plugin v26.8 - https:\/\/yoast.com\/product\/yoast-seo-wordpress\/ -->\n<title>Um ano para celebrar e um projeto de ci\u00eancia para o Brasil | Cem Anos de Ci\u00eancia<\/title>\n<meta name=\"robots\" content=\"index, follow, max-snippet:-1, max-image-preview:large, max-video-preview:-1\" \/>\n<link rel=\"canonical\" href=\"https:\/\/exposicoes.abc.org.br\/100anos\/um-ano-para-celebrar-e-um-projeto-de-ciencia-para-o-brasil\/\" \/>\n<meta property=\"og:locale\" content=\"pt_BR\" \/>\n<meta property=\"og:type\" content=\"article\" \/>\n<meta property=\"og:title\" content=\"Um ano para celebrar e um projeto de ci\u00eancia para o Brasil | Cem Anos de Ci\u00eancia\" \/>\n<meta property=\"og:description\" content=\"Um ano para celebrar Cem anos depois de iniciar suas atividades no Rio de Janeiro, a Academia Brasileira de Ci\u00eancias comemora a hist\u00f3ria que construiu e planeja o futuro de suas a\u00e7\u00f5es. O ano do centen\u00e1rio, que se estendeu de maio de 2016 a maio de 2017, n\u00e3o apenas esteve repleto de celebra\u00e7\u00f5es do passado,...\" \/>\n<meta property=\"og:url\" content=\"https:\/\/exposicoes.abc.org.br\/100anos\/um-ano-para-celebrar-e-um-projeto-de-ciencia-para-o-brasil\/\" \/>\n<meta property=\"og:site_name\" content=\"Cem Anos de Ci\u00eancia\" \/>\n<meta property=\"article:published_time\" content=\"2025-12-22T22:11:01+00:00\" \/>\n<meta property=\"article:modified_time\" content=\"2026-01-30T18:23:00+00:00\" \/>\n<meta property=\"og:image\" content=\"https:\/\/exposicoes.abc.org.br\/100anos\/wp-content\/uploads\/2025\/12\/image-1-4.png\" \/>\n\t<meta property=\"og:image:width\" content=\"392\" \/>\n\t<meta property=\"og:image:height\" content=\"234\" \/>\n\t<meta property=\"og:image:type\" content=\"image\/png\" \/>\n<meta name=\"author\" content=\"sintropika\" \/>\n<meta name=\"twitter:card\" content=\"summary_large_image\" \/>\n<meta name=\"twitter:label1\" content=\"Escrito por\" \/>\n\t<meta name=\"twitter:data1\" content=\"sintropika\" \/>\n\t<meta name=\"twitter:label2\" content=\"Est. tempo de leitura\" \/>\n\t<meta name=\"twitter:data2\" content=\"11 minutos\" \/>\n<script type=\"application\/ld+json\" class=\"yoast-schema-graph\">{\"@context\":\"https:\/\/schema.org\",\"@graph\":[{\"@type\":\"Article\",\"@id\":\"https:\/\/exposicoes.abc.org.br\/100anos\/um-ano-para-celebrar-e-um-projeto-de-ciencia-para-o-brasil\/#article\",\"isPartOf\":{\"@id\":\"https:\/\/exposicoes.abc.org.br\/100anos\/um-ano-para-celebrar-e-um-projeto-de-ciencia-para-o-brasil\/\"},\"author\":{\"name\":\"sintropika\",\"@id\":\"https:\/\/exposicoes.abc.org.br\/100anos\/#\/schema\/person\/3debaa657d0a9cab82d3e55ac7c1988d\"},\"headline\":\"Um ano para celebrar e um projeto de ci\u00eancia para o Brasil\",\"datePublished\":\"2025-12-22T22:11:01+00:00\",\"dateModified\":\"2026-01-30T18:23:00+00:00\",\"mainEntityOfPage\":{\"@id\":\"https:\/\/exposicoes.abc.org.br\/100anos\/um-ano-para-celebrar-e-um-projeto-de-ciencia-para-o-brasil\/\"},\"wordCount\":2130,\"commentCount\":0,\"publisher\":{\"@id\":\"https:\/\/exposicoes.abc.org.br\/100anos\/#organization\"},\"image\":{\"@id\":\"https:\/\/exposicoes.abc.org.br\/100anos\/um-ano-para-celebrar-e-um-projeto-de-ciencia-para-o-brasil\/#primaryimage\"},\"thumbnailUrl\":\"https:\/\/exposicoes.abc.org.br\/100anos\/wp-content\/uploads\/2025\/12\/image-1-4.png\",\"inLanguage\":\"pt-BR\",\"potentialAction\":[{\"@type\":\"CommentAction\",\"name\":\"Comment\",\"target\":[\"https:\/\/exposicoes.abc.org.br\/100anos\/um-ano-para-celebrar-e-um-projeto-de-ciencia-para-o-brasil\/#respond\"]}]},{\"@type\":\"WebPage\",\"@id\":\"https:\/\/exposicoes.abc.org.br\/100anos\/um-ano-para-celebrar-e-um-projeto-de-ciencia-para-o-brasil\/\",\"url\":\"https:\/\/exposicoes.abc.org.br\/100anos\/um-ano-para-celebrar-e-um-projeto-de-ciencia-para-o-brasil\/\",\"name\":\"Um ano para celebrar e um projeto de ci\u00eancia para o Brasil | Cem Anos de Ci\u00eancia\",\"isPartOf\":{\"@id\":\"https:\/\/exposicoes.abc.org.br\/100anos\/#website\"},\"primaryImageOfPage\":{\"@id\":\"https:\/\/exposicoes.abc.org.br\/100anos\/um-ano-para-celebrar-e-um-projeto-de-ciencia-para-o-brasil\/#primaryimage\"},\"image\":{\"@id\":\"https:\/\/exposicoes.abc.org.br\/100anos\/um-ano-para-celebrar-e-um-projeto-de-ciencia-para-o-brasil\/#primaryimage\"},\"thumbnailUrl\":\"https:\/\/exposicoes.abc.org.br\/100anos\/wp-content\/uploads\/2025\/12\/image-1-4.png\",\"datePublished\":\"2025-12-22T22:11:01+00:00\",\"dateModified\":\"2026-01-30T18:23:00+00:00\",\"breadcrumb\":{\"@id\":\"https:\/\/exposicoes.abc.org.br\/100anos\/um-ano-para-celebrar-e-um-projeto-de-ciencia-para-o-brasil\/#breadcrumb\"},\"inLanguage\":\"pt-BR\",\"potentialAction\":[{\"@type\":\"ReadAction\",\"target\":[\"https:\/\/exposicoes.abc.org.br\/100anos\/um-ano-para-celebrar-e-um-projeto-de-ciencia-para-o-brasil\/\"]}]},{\"@type\":\"ImageObject\",\"inLanguage\":\"pt-BR\",\"@id\":\"https:\/\/exposicoes.abc.org.br\/100anos\/um-ano-para-celebrar-e-um-projeto-de-ciencia-para-o-brasil\/#primaryimage\",\"url\":\"https:\/\/exposicoes.abc.org.br\/100anos\/wp-content\/uploads\/2025\/12\/image-1-4.png\",\"contentUrl\":\"https:\/\/exposicoes.abc.org.br\/100anos\/wp-content\/uploads\/2025\/12\/image-1-4.png\",\"width\":392,\"height\":234},{\"@type\":\"BreadcrumbList\",\"@id\":\"https:\/\/exposicoes.abc.org.br\/100anos\/um-ano-para-celebrar-e-um-projeto-de-ciencia-para-o-brasil\/#breadcrumb\",\"itemListElement\":[{\"@type\":\"ListItem\",\"position\":1,\"name\":\"In\u00edcio\",\"item\":\"https:\/\/exposicoes.abc.org.br\/100anos\/\"},{\"@type\":\"ListItem\",\"position\":2,\"name\":\"Um ano para celebrar e um projeto de ci\u00eancia para o Brasil\"}]},{\"@type\":\"WebSite\",\"@id\":\"https:\/\/exposicoes.abc.org.br\/100anos\/#website\",\"url\":\"https:\/\/exposicoes.abc.org.br\/100anos\/\",\"name\":\"Cem Anos de Ci\u00eancia\",\"description\":\"\",\"publisher\":{\"@id\":\"https:\/\/exposicoes.abc.org.br\/100anos\/#organization\"},\"potentialAction\":[{\"@type\":\"SearchAction\",\"target\":{\"@type\":\"EntryPoint\",\"urlTemplate\":\"https:\/\/exposicoes.abc.org.br\/100anos\/?s={search_term_string}\"},\"query-input\":{\"@type\":\"PropertyValueSpecification\",\"valueRequired\":true,\"valueName\":\"search_term_string\"}}],\"inLanguage\":\"pt-BR\"},{\"@type\":\"Organization\",\"@id\":\"https:\/\/exposicoes.abc.org.br\/100anos\/#organization\",\"name\":\"Academia Brasileira de Ci\u00eancias\",\"url\":\"https:\/\/exposicoes.abc.org.br\/100anos\/\",\"logo\":{\"@type\":\"ImageObject\",\"inLanguage\":\"pt-BR\",\"@id\":\"https:\/\/exposicoes.abc.org.br\/100anos\/#\/schema\/logo\/image\/\",\"url\":\"https:\/\/exposicoes.abc.org.br\/100anos\/wp-content\/uploads\/2025\/12\/logo-100-abc.png\",\"contentUrl\":\"https:\/\/exposicoes.abc.org.br\/100anos\/wp-content\/uploads\/2025\/12\/logo-100-abc.png\",\"width\":511,\"height\":116,\"caption\":\"Academia Brasileira de Ci\u00eancias\"},\"image\":{\"@id\":\"https:\/\/exposicoes.abc.org.br\/100anos\/#\/schema\/logo\/image\/\"}},{\"@type\":\"Person\",\"@id\":\"https:\/\/exposicoes.abc.org.br\/100anos\/#\/schema\/person\/3debaa657d0a9cab82d3e55ac7c1988d\",\"name\":\"sintropika\",\"image\":{\"@type\":\"ImageObject\",\"inLanguage\":\"pt-BR\",\"@id\":\"https:\/\/exposicoes.abc.org.br\/100anos\/#\/schema\/person\/image\/\",\"url\":\"https:\/\/secure.gravatar.com\/avatar\/35d24915ddd39821c2eae3dc979a4439be79c1ab39a90d812d7f46a7cf0a717e?s=96&d=mm&r=g\",\"contentUrl\":\"https:\/\/secure.gravatar.com\/avatar\/35d24915ddd39821c2eae3dc979a4439be79c1ab39a90d812d7f46a7cf0a717e?s=96&d=mm&r=g\",\"caption\":\"sintropika\"},\"sameAs\":[\"https:\/\/exposicoes.abc.org.br\/100anos\"]}]}<\/script>\n<!-- \/ Yoast SEO plugin. -->","yoast_head_json":{"title":"Um ano para celebrar e um projeto de ci\u00eancia para o Brasil | Cem Anos de Ci\u00eancia","robots":{"index":"index","follow":"follow","max-snippet":"max-snippet:-1","max-image-preview":"max-image-preview:large","max-video-preview":"max-video-preview:-1"},"canonical":"https:\/\/exposicoes.abc.org.br\/100anos\/um-ano-para-celebrar-e-um-projeto-de-ciencia-para-o-brasil\/","og_locale":"pt_BR","og_type":"article","og_title":"Um ano para celebrar e um projeto de ci\u00eancia para o Brasil | Cem Anos de Ci\u00eancia","og_description":"Um ano para celebrar Cem anos depois de iniciar suas atividades no Rio de Janeiro, a Academia Brasileira de Ci\u00eancias comemora a hist\u00f3ria que construiu e planeja o futuro de suas a\u00e7\u00f5es. O ano do centen\u00e1rio, que se estendeu de maio de 2016 a maio de 2017, n\u00e3o apenas esteve repleto de celebra\u00e7\u00f5es do passado,...","og_url":"https:\/\/exposicoes.abc.org.br\/100anos\/um-ano-para-celebrar-e-um-projeto-de-ciencia-para-o-brasil\/","og_site_name":"Cem Anos de Ci\u00eancia","article_published_time":"2025-12-22T22:11:01+00:00","article_modified_time":"2026-01-30T18:23:00+00:00","og_image":[{"width":392,"height":234,"url":"https:\/\/exposicoes.abc.org.br\/100anos\/wp-content\/uploads\/2025\/12\/image-1-4.png","type":"image\/png"}],"author":"sintropika","twitter_card":"summary_large_image","twitter_misc":{"Escrito por":"sintropika","Est. tempo de leitura":"11 minutos"},"schema":{"@context":"https:\/\/schema.org","@graph":[{"@type":"Article","@id":"https:\/\/exposicoes.abc.org.br\/100anos\/um-ano-para-celebrar-e-um-projeto-de-ciencia-para-o-brasil\/#article","isPartOf":{"@id":"https:\/\/exposicoes.abc.org.br\/100anos\/um-ano-para-celebrar-e-um-projeto-de-ciencia-para-o-brasil\/"},"author":{"name":"sintropika","@id":"https:\/\/exposicoes.abc.org.br\/100anos\/#\/schema\/person\/3debaa657d0a9cab82d3e55ac7c1988d"},"headline":"Um ano para celebrar e um projeto de ci\u00eancia para o Brasil","datePublished":"2025-12-22T22:11:01+00:00","dateModified":"2026-01-30T18:23:00+00:00","mainEntityOfPage":{"@id":"https:\/\/exposicoes.abc.org.br\/100anos\/um-ano-para-celebrar-e-um-projeto-de-ciencia-para-o-brasil\/"},"wordCount":2130,"commentCount":0,"publisher":{"@id":"https:\/\/exposicoes.abc.org.br\/100anos\/#organization"},"image":{"@id":"https:\/\/exposicoes.abc.org.br\/100anos\/um-ano-para-celebrar-e-um-projeto-de-ciencia-para-o-brasil\/#primaryimage"},"thumbnailUrl":"https:\/\/exposicoes.abc.org.br\/100anos\/wp-content\/uploads\/2025\/12\/image-1-4.png","inLanguage":"pt-BR","potentialAction":[{"@type":"CommentAction","name":"Comment","target":["https:\/\/exposicoes.abc.org.br\/100anos\/um-ano-para-celebrar-e-um-projeto-de-ciencia-para-o-brasil\/#respond"]}]},{"@type":"WebPage","@id":"https:\/\/exposicoes.abc.org.br\/100anos\/um-ano-para-celebrar-e-um-projeto-de-ciencia-para-o-brasil\/","url":"https:\/\/exposicoes.abc.org.br\/100anos\/um-ano-para-celebrar-e-um-projeto-de-ciencia-para-o-brasil\/","name":"Um ano para celebrar e um projeto de ci\u00eancia para o Brasil | Cem Anos de Ci\u00eancia","isPartOf":{"@id":"https:\/\/exposicoes.abc.org.br\/100anos\/#website"},"primaryImageOfPage":{"@id":"https:\/\/exposicoes.abc.org.br\/100anos\/um-ano-para-celebrar-e-um-projeto-de-ciencia-para-o-brasil\/#primaryimage"},"image":{"@id":"https:\/\/exposicoes.abc.org.br\/100anos\/um-ano-para-celebrar-e-um-projeto-de-ciencia-para-o-brasil\/#primaryimage"},"thumbnailUrl":"https:\/\/exposicoes.abc.org.br\/100anos\/wp-content\/uploads\/2025\/12\/image-1-4.png","datePublished":"2025-12-22T22:11:01+00:00","dateModified":"2026-01-30T18:23:00+00:00","breadcrumb":{"@id":"https:\/\/exposicoes.abc.org.br\/100anos\/um-ano-para-celebrar-e-um-projeto-de-ciencia-para-o-brasil\/#breadcrumb"},"inLanguage":"pt-BR","potentialAction":[{"@type":"ReadAction","target":["https:\/\/exposicoes.abc.org.br\/100anos\/um-ano-para-celebrar-e-um-projeto-de-ciencia-para-o-brasil\/"]}]},{"@type":"ImageObject","inLanguage":"pt-BR","@id":"https:\/\/exposicoes.abc.org.br\/100anos\/um-ano-para-celebrar-e-um-projeto-de-ciencia-para-o-brasil\/#primaryimage","url":"https:\/\/exposicoes.abc.org.br\/100anos\/wp-content\/uploads\/2025\/12\/image-1-4.png","contentUrl":"https:\/\/exposicoes.abc.org.br\/100anos\/wp-content\/uploads\/2025\/12\/image-1-4.png","width":392,"height":234},{"@type":"BreadcrumbList","@id":"https:\/\/exposicoes.abc.org.br\/100anos\/um-ano-para-celebrar-e-um-projeto-de-ciencia-para-o-brasil\/#breadcrumb","itemListElement":[{"@type":"ListItem","position":1,"name":"In\u00edcio","item":"https:\/\/exposicoes.abc.org.br\/100anos\/"},{"@type":"ListItem","position":2,"name":"Um ano para celebrar e um projeto de ci\u00eancia para o Brasil"}]},{"@type":"WebSite","@id":"https:\/\/exposicoes.abc.org.br\/100anos\/#website","url":"https:\/\/exposicoes.abc.org.br\/100anos\/","name":"Cem Anos de Ci\u00eancia","description":"","publisher":{"@id":"https:\/\/exposicoes.abc.org.br\/100anos\/#organization"},"potentialAction":[{"@type":"SearchAction","target":{"@type":"EntryPoint","urlTemplate":"https:\/\/exposicoes.abc.org.br\/100anos\/?s={search_term_string}"},"query-input":{"@type":"PropertyValueSpecification","valueRequired":true,"valueName":"search_term_string"}}],"inLanguage":"pt-BR"},{"@type":"Organization","@id":"https:\/\/exposicoes.abc.org.br\/100anos\/#organization","name":"Academia Brasileira de Ci\u00eancias","url":"https:\/\/exposicoes.abc.org.br\/100anos\/","logo":{"@type":"ImageObject","inLanguage":"pt-BR","@id":"https:\/\/exposicoes.abc.org.br\/100anos\/#\/schema\/logo\/image\/","url":"https:\/\/exposicoes.abc.org.br\/100anos\/wp-content\/uploads\/2025\/12\/logo-100-abc.png","contentUrl":"https:\/\/exposicoes.abc.org.br\/100anos\/wp-content\/uploads\/2025\/12\/logo-100-abc.png","width":511,"height":116,"caption":"Academia Brasileira de Ci\u00eancias"},"image":{"@id":"https:\/\/exposicoes.abc.org.br\/100anos\/#\/schema\/logo\/image\/"}},{"@type":"Person","@id":"https:\/\/exposicoes.abc.org.br\/100anos\/#\/schema\/person\/3debaa657d0a9cab82d3e55ac7c1988d","name":"sintropika","image":{"@type":"ImageObject","inLanguage":"pt-BR","@id":"https:\/\/exposicoes.abc.org.br\/100anos\/#\/schema\/person\/image\/","url":"https:\/\/secure.gravatar.com\/avatar\/35d24915ddd39821c2eae3dc979a4439be79c1ab39a90d812d7f46a7cf0a717e?s=96&d=mm&r=g","contentUrl":"https:\/\/secure.gravatar.com\/avatar\/35d24915ddd39821c2eae3dc979a4439be79c1ab39a90d812d7f46a7cf0a717e?s=96&d=mm&r=g","caption":"sintropika"},"sameAs":["https:\/\/exposicoes.abc.org.br\/100anos"]}]}},"_links":{"self":[{"href":"https:\/\/exposicoes.abc.org.br\/100anos\/wp-json\/wp\/v2\/posts\/21","targetHints":{"allow":["GET"]}}],"collection":[{"href":"https:\/\/exposicoes.abc.org.br\/100anos\/wp-json\/wp\/v2\/posts"}],"about":[{"href":"https:\/\/exposicoes.abc.org.br\/100anos\/wp-json\/wp\/v2\/types\/post"}],"author":[{"embeddable":true,"href":"https:\/\/exposicoes.abc.org.br\/100anos\/wp-json\/wp\/v2\/users\/1"}],"replies":[{"embeddable":true,"href":"https:\/\/exposicoes.abc.org.br\/100anos\/wp-json\/wp\/v2\/comments?post=21"}],"version-history":[{"count":13,"href":"https:\/\/exposicoes.abc.org.br\/100anos\/wp-json\/wp\/v2\/posts\/21\/revisions"}],"predecessor-version":[{"id":787,"href":"https:\/\/exposicoes.abc.org.br\/100anos\/wp-json\/wp\/v2\/posts\/21\/revisions\/787"}],"wp:featuredmedia":[{"embeddable":true,"href":"https:\/\/exposicoes.abc.org.br\/100anos\/wp-json\/wp\/v2\/media\/630"}],"wp:attachment":[{"href":"https:\/\/exposicoes.abc.org.br\/100anos\/wp-json\/wp\/v2\/media?parent=21"}],"wp:term":[{"taxonomy":"post_tag","embeddable":true,"href":"https:\/\/exposicoes.abc.org.br\/100anos\/wp-json\/wp\/v2\/tags?post=21"},{"taxonomy":"periodo","embeddable":true,"href":"https:\/\/exposicoes.abc.org.br\/100anos\/wp-json\/wp\/v2\/periodo?post=21"}],"curies":[{"name":"wp","href":"https:\/\/api.w.org\/{rel}","templated":true}]}}